
{"id":1126,"date":"2016-04-06T19:30:59","date_gmt":"2016-04-06T17:30:59","guid":{"rendered":"https:\/\/www.sarahroubato.com\/?p=1126"},"modified":"2020-05-18T15:36:16","modified_gmt":"2020-05-18T13:36:16","slug":"nuit-debout-le-reveil-dun-reve","status":"publish","type":"post","link":"https:\/\/www.sarahroubato.com\/en\/analyses\/nuit-debout-le-reveil-dun-reve\/","title":{"rendered":"Nuit Debout : le r\u00e9veil d&#8217;un r\u00eave ?"},"content":{"rendered":"<p><a href=\"https:\/\/youtu.be\/CLl1yQb9Jc0\"><img loading=\"lazy\" class=\"alignright size-medium wp-image-1160\" src=\"https:\/\/www.sarahroubato.com\/wp-content\/uploads\/2016\/04\/Nuit-debout11-300x200.jpg\" alt=\"Nuit debout1\" width=\"300\" height=\"200\" srcset=\"https:\/\/www.sarahroubato.com\/wp-content\/uploads\/2016\/04\/Nuit-debout11-300x200.jpg 300w, https:\/\/www.sarahroubato.com\/wp-content\/uploads\/2016\/04\/Nuit-debout11-150x100.jpg 150w, https:\/\/www.sarahroubato.com\/wp-content\/uploads\/2016\/04\/Nuit-debout11-600x400.jpg 600w, https:\/\/www.sarahroubato.com\/wp-content\/uploads\/2016\/04\/Nuit-debout11-440x293.jpg 440w, https:\/\/www.sarahroubato.com\/wp-content\/uploads\/2016\/04\/Nuit-debout11-650x433.jpg 650w, https:\/\/www.sarahroubato.com\/wp-content\/uploads\/2016\/04\/Nuit-debout11-886x590.jpg 886w, https:\/\/www.sarahroubato.com\/wp-content\/uploads\/2016\/04\/Nuit-debout11.jpg 960w\" sizes=\"(max-width: 300px) 100vw, 300px\" \/><\/a><\/p>\n<p><strong>Chanson pour la Nuit Debout, &#8220;Un homme qui vient&#8221;, \u00e0 \u00e9couter en cliquant sur la photo\u00a0<\/strong><\/p>\n<p>&nbsp;<\/p>\n<p>&nbsp;<\/p>\n<p>&nbsp;<\/p>\n<p>Jeudi 38 mars 2016<\/p>\n<p>Dans ce pays, le r\u00eave est difficile. Je ne parle pas du r\u00eave qui se chante derri\u00e8re un slogan et s\u2019\u00e9teint une fois rentr\u00e9 chez soi, une fois l\u2019euphorie pass\u00e9e, ni de la vague envie qui dort dans un lieu qu\u2019on appelle <em>un jour, quand j\u2019aurai le temps<\/em>. Je parle d\u2019un r\u00eave qui s\u2019implante dans le r\u00e9el. Un r\u00eave qui conna\u00eetra des jours maigres, qui tr\u00e9buchera, qui se reformulera. Un changement qui ne se d\u00e9clare pas, mais qui s\u2019essaye, les mains dans le cambouis du quotidien. C\u2019est un r\u00eave moins scintillant que celui des cris de guerre et des appels \u00e0 la r\u00e9volution. Il ne produit qu\u2019une rumeur qui gonfle, et vient s\u2019\u00e9chouer sur nos paillassons, \u00e0 l\u2019entr\u00e9e de nos vies. Elle s\u2019\u00e9touffera peut-\u00eatre, \u00e0 force de se faire marcher dessus par tous ceux qui ont plus urgent \u00e0 faire.<\/p>\n<p>C\u2019est un pays o\u00f9 les gens passent plus de temps \u00e0 fustiger ce qui ne va pas qu\u2019\u00e0 proposer des alternatives, o\u00f9 l\u2019on dit plus facilement \u201cLe prob\u00e8me c\u2019est\u2026\u201d plut\u00f4t que \u201cLa solution serait\u2026\u201d. Et pourtant\u2026 c\u2019est de ce pays qu\u2019est en train de gronder une rumeur, celle d\u2019un r\u00eave qui se r\u00e9veille, et qui passe sa Nuit Debout.<\/p>\n<p>Il est facile de dire ce que nous voulons \u2013 une vraie d\u00e9mocratie, l\u2019\u00e9galit\u00e9 des chances, le respect de la terre \u2013 et encore plus facile de dire ce que nous ne voulons pas. Bien plus difficile de dire <em>comment <\/em>nous voulons y arriver. Car voil\u00e0 qu\u2019il faut discuter, n\u00e9gocier, \u00e9valuer, faire avec le r\u00e9el.<\/p>\n<p><a href=\"https:\/\/www.sarahroubato.com\/wp-content\/uploads\/2016\/04\/citation13.png\"><img loading=\"lazy\" class=\"aligncenter size-full wp-image-1137\" src=\"https:\/\/www.sarahroubato.com\/wp-content\/uploads\/2016\/04\/citation13.png\" alt=\"citation1\" width=\"738\" height=\"90\" srcset=\"https:\/\/www.sarahroubato.com\/wp-content\/uploads\/2016\/04\/citation13.png 738w, https:\/\/www.sarahroubato.com\/wp-content\/uploads\/2016\/04\/citation13-150x18.png 150w, https:\/\/www.sarahroubato.com\/wp-content\/uploads\/2016\/04\/citation13-300x37.png 300w, https:\/\/www.sarahroubato.com\/wp-content\/uploads\/2016\/04\/citation13-600x73.png 600w\" sizes=\"(max-width: 738px) 100vw, 738px\" \/><\/a><\/p>\n<p>Pourtant, partout dans le monde, et ici aussi, des semeurs cultivent le changement. Manger autrement, se chauffer autrement, \u00e9duquer autrement, vivre ensemble autrement, s\u2019informer autrement.\u00a0Ils voient leurs a\u00een\u00e9s, leurs voisins de rue, de m\u00e9tro ou de bureau, n\u2019\u00eatre que les rouages d\u2019un syst\u00e8me auquel ils ne croient plus. Les miroirs sont bris\u00e9s : les citoyens ne se reconnaissent plus dans leurs \u00e9lus, dans leurs m\u00e9dias, dans leurs \u00e9coles. Et pourtant\u2026 pourtant ils votent encore sans conviction, ils \u00e9coutent encore la messe de 20 heures et disent \u00e0 leurs enfants de bien faire leurs devoirs. Il sera toujours plus facile de changer une loi que de changer une habitude, une indiff\u00e9rence ou une peur. Chaque jour, les semeurs luttent contre ces ennemis, bien plus redoutables que ceux dont on veut bien parler.<\/p>\n<p><strong>La g\u00e9n\u00e9ration du Grand \u00c9cart<\/strong><\/p>\n<p>Et moi dans tout \u00e7a\u00a0? Moi la jeunesse, moi l\u2019avenir, moi Demain\u00a0? On m\u2019a coll\u00e9 sur le front bien des \u00e9tiquettes, mais elles sont tomb\u00e9es les unes apr\u00e8s les autres. \u00c7a doit \u00eatre le r\u00e9chauffement climatique qui le fait transpirer.<\/p>\n<p>On me parle d\u2019une <em>g\u00e9n\u00e9ration Y<\/em>, \u00e0 laquelle j\u2019appartiendrais de par mon ann\u00e9e de naissance et mon utilisation suppos\u00e9e des nouvelles technologies. Ou d\u2019une cat\u00e9gorie sociale \u2013 <em>jeune, sans emploi, pr\u00e9caire<\/em> \u2013 bas\u00e9e sur mon statut \u00e9conomique. On me parle aussi d\u2019une communaut\u00e9 culturelle, bas\u00e9e sur le pays d\u2019origine de mes parents, et on m\u2019appellera <em>Fran\u00e7ais d\u2019origine\u2026<\/em> Pourtant, c\u2019est loin de ces cat\u00e9gories que se retrouvent les gens qui font partie de ma g\u00e9n\u00e9ration, celle qui ne se d\u00e9finit ni par l\u2019\u00e2ge, ni par la profession ni par le statut socio-\u00e9conomique, ni par l\u2019origine ethno-culturelle. Ils ont 9 ans, 25 ans, 75 ans, vivent au coeur de Paris ou dans une bergerie au pied d\u2019une montagne. Ils sont ouvriers, paysans, professeurs, artistes, chercheurs, m\u00e9decins, croyants ou ath\u00e9es; leurs origines culturelles chatouillent tous les points cardinaux. Qu\u2019est-ce qui nous lie ? Qu\u2019est-ce qui forme notre <em>nous<\/em> ?<\/p>\n<p>C\u2019est une posture partag\u00e9e. Le geste que nous imprimons dans le monde, celui par lequel un sculpteur pourrait nous saisir. La g\u00e9n\u00e9ration r\u00eaveuse et combattante de 68 \u00e9tait celle du poing lev\u00e9 et des yeux ferm\u00e9s. La n\u00f4tre sera celle qui voit ses pieds s\u2019\u00e9carter \u00e0 mesure que grandit une faille qui va bient\u00f4t s\u00e9parer deux mondes. Celui du capitalisme consum\u00e9riste en train d\u2019agoniser, et <em>l\u2019autre<\/em>, celui qui ne conna\u00eet pas encore son nom. Un monde o\u00f9 nos activit\u00e9s \u2013 manger, se maquiller, se divertir, se d\u00e9placer \u2013 respectent le vivant, o\u00f9 chacun r\u00e9apprend \u00e0 travailler avec son corps, s\u2019inscrit dans le local et l\u2019\u00e9conomie circulaire, habite le temps au lieu de lui courir apr\u00e8s. Un monde o\u00f9 les nouvelles technologies n\u2019effacent pas la pr\u00e9sence aux autres, et o\u00f9 la politique s\u2019exerce au quotidien par les citoyens.<\/p>\n<p>C\u2019est un monde qui jaillit du minuscule et du grandiose ; du geste d\u00e9risoire d\u2019un inconnu qui se met \u00e0 nettoyer la berge d\u2019une rivi\u00e8re aux Pays-Bas, et du projet d\u00e9mentiel d\u2019un ing\u00e9nieur de dix-neuf ans pour nettoyer les oc\u00e9ans avec un immense filtre.<\/p>\n<p><a href=\"https:\/\/www.sarahroubato.com\/wp-content\/uploads\/2016\/04\/citation2.png\"><img loading=\"lazy\" class=\"alignleft size-full wp-image-1130\" src=\"https:\/\/www.sarahroubato.com\/wp-content\/uploads\/2016\/04\/citation2.png\" alt=\"citation2\" width=\"432\" height=\"162\" srcset=\"https:\/\/www.sarahroubato.com\/wp-content\/uploads\/2016\/04\/citation2.png 432w, https:\/\/www.sarahroubato.com\/wp-content\/uploads\/2016\/04\/citation2-150x56.png 150w, https:\/\/www.sarahroubato.com\/wp-content\/uploads\/2016\/04\/citation2-300x113.png 300w\" sizes=\"(max-width: 432px) 100vw, 432px\" \/><\/a>\u00a0Chacun choisit son geste pour r\u00e9pondre \u00e0 la crise : beaucoup attendent que \u00e7a passe, et ferment les yeux en esp\u00e9rant ne pas se retrouver sur la touche. D\u2019autres, inquiets de voir s\u2019amenuiser les aides et les indemnisations, s\u2019acharnent \u00e0 colmater les br\u00e8ches d\u2019un monde en train de se fissurer. Ils descendent dans la rue pour pr\u00e9server le peu que le syst\u00e8me leur laisse pour survivre. Certains r\u00e9clament un vrai changement, pendant que d\u2019autres, loin des mouvements de foule, l\u2019entreprennent chaque jour. Quand les deux se rencontreront, ce sera peut-\u00eatre le d\u00e9but de quelque chose.<\/p>\n<p>\u00c0 la fin de chaque journ\u00e9e, je ressens toujours la m\u00eame courbature. C\u2019est le muscle de l\u2019humeur qui tire. Je fais le grand \u00e9cart, entre enthousiasme et d\u00e9sesp\u00e9rance. J\u2019ai l\u2019espoir qui boite. On avance comme on peut.<\/p>\n<p><strong> J\u2019avance en boitant de l\u2019esp\u00e9rance<\/strong><\/p>\n<p>Chaque semaine, j\u2019entends parler d\u2019un nouveau m\u00e9dia \u2013 une revue papier \u00e0 cheval entre le magazine et le livre, un journal num\u00e9rique sans publicit\u00e9, une t\u00e9l\u00e9 qui aborde les sujets dont on ne parle pas. Des gens qui cherchent une <em>autre <\/em>mani\u00e8re de comprendre le monde, qui pensent transversal et qui prennent le temps de d\u00e9plier les faits. Et chaque soir pourtant, je vois la m\u00eame lumi\u00e8re bleut\u00e9e faire clignoter les fen\u00eatres \u00e0 l\u2019heure de la messe de 20 heures. Dans une heure, ce sera le Grand D\u00e9bat. La Grande Dispute de ceux qui nous gouvernent. Les voil\u00e0 pench\u00e9s au-dessus du lit de notre soci\u00e9t\u00e9 malade, comme ces m\u00e9decins qui d\u00e9battaient pendant des heures sur la fa\u00e7on de bien faire une saign\u00e9e.<\/p>\n<p>&#8211; Il faut tirer la croissance par le coude gauche !<\/p>\n<p>&#8211; Non ! Par le droit !<\/p>\n<p>&#8211; C\u2019est ce que vous r\u00e9p\u00e9tez depuis vingt ans, et regardez le r\u00e9sultat ! C\u2019est par le troisi\u00e8me orteil qu\u2019il faut la tirer ! Et le ch\u00f4mage il faut le r\u00e9duire en lui faisant subir un r\u00e9gime drastique !<\/p>\n<p>&#8211; Certainement pas ! Il faut lui tron\u00e7onner les cervicales ! Il perdra d\u2019un coup vingt centim\u00e8tres !<\/p>\n<p>&#8211; Si vous faites \u00e7a vous allez avec une repousse par les pieds ! la seule solution c\u2019est d\u2019attaquer le probl\u00e8me aux extr\u00eamit\u00e9s : \u00e9laguer les membres inf\u00e9rieurs et post\u00e9rieurs, 2 cm par an.<\/p>\n<p>Droite, gauche, centre essayent de nous faire croire qu\u2019ils ne sont pas d\u2019accord.<\/p>\n<p>Je fais d\u00e9filer la roulette de ma souris. \u00c7a y est, Boyan Slat, dix-neuf ans, qui avait lanc\u00e9 l\u2019id\u00e9e d\u2019un filtre g\u00e9ant pour nettoyer les oc\u00e9ans, a obtenu la premi\u00e8re validation de son exp\u00e9rience. Je souris, et fais d\u00e9filer la page. Prochain article : Berta Caceres, une femme qui luttait contre la construction d\u2019un barrage sur des terres autochtones a \u00e9t\u00e9 assassin\u00e9e dans les Honduras. Mes m\u00e2choires se resserrent. Mon doigt h\u00e9site. Sur quel article cliquer ? Vers quel c\u00f4t\u00e9 de la fente aller ? Les deux visages se font face devant mes yeux. Deux combattants, deux esp\u00e9rants, qui nous offrent \u00e0 la fois toutes les raisons d\u2019y croire, et toutes les raisons de renoncer. Tant pis, je cliquerai plus tard. J\u2019ai un rendez-vous. C\u2019est important, les rendez-vous. Surtout \u00e0 Paris.<\/p>\n<p>En sortant je descends mon sac de cartons, papiers et plastique. La beine \u00e0 recyclage est pleine \u00e0 craquer. Tant pis, je vide mon sac dans la poubelle. Dans la rue, mon t\u00e9l\u00e9phone sonne. Pas le temps de mettre l\u2019oreillette. Je m\u2019enfile quelques ondes dans le cerveau. Au bout du fil, un ami qui vit dans un hameau de douze habitants dans le sud : \u201cDepuis quatre jours on s\u2019est occup\u00e9 \u00e0 sauver un magnolia centenaire de la tron\u00e7onneuse municipale\u201d. Ils \u00e9taient quatre, ils se sont encha\u00een\u00e9s \u00e0 l\u2019arbre. Le magnolia est sauv\u00e9 \u2013 Je souris. Mais quelque chose m\u2019aveugle. C\u2019est le panneau publicitaire \u00e0 l\u2019entr\u00e9e du m\u00e9tro. Cet \u00e9cran consomme autant que deux foyers \u2013 Je me crispe. L\u2019ann\u00e9e derni\u00e8re, la municipalit\u00e9 de Grenoble n\u2019a pas renouvel\u00e9 les contrats avec les publicitaires, et les remplace progressivement par des arbres \u2013 Je souris. Une dizaine de chaussures Converse et Nike me ralentissent. Un groupe d\u2019adolescents. Les bouteilles de Coca et de Sprite d\u00e9passent de leurs sacs plastiques. Ils se passent un sac de chips et une barquette de Fingers au Nutella. Il para\u00eet que c\u2019est pour eux qu\u2019il faut qu\u2019on se batte \u2013 Je me crispe. Il y a deux semaines, Ari J\u00f3nsson, un \u00e9tudiant en design de produits islandais, a pr\u00e9sent\u00e9 son invention : une bouteille en bioplastique qui se d\u00e9grade en fertilisant naturel \u2013 Je souris. J\u2019avance en boitant de l\u2019esp\u00e9rance.<\/p>\n<p><a href=\"https:\/\/www.sarahroubato.com\/wp-content\/uploads\/2016\/04\/citation31.png\"><img loading=\"lazy\" class=\"aligncenter size-full wp-image-1133\" src=\"https:\/\/www.sarahroubato.com\/wp-content\/uploads\/2016\/04\/citation31.png\" alt=\"citation3\" width=\"324\" height=\"108\" srcset=\"https:\/\/www.sarahroubato.com\/wp-content\/uploads\/2016\/04\/citation31.png 324w, https:\/\/www.sarahroubato.com\/wp-content\/uploads\/2016\/04\/citation31-150x50.png 150w, https:\/\/www.sarahroubato.com\/wp-content\/uploads\/2016\/04\/citation31-300x100.png 300w\" sizes=\"(max-width: 324px) 100vw, 324px\" \/><\/a><\/p>\n<p><strong>Serait-il impossible de vivre debout ? <\/strong><\/p>\n<p>Depuis une semaine, des milliers de personnes ont d\u00e9cid\u00e9 de se mettre debout. Sans porte-parole, sans leader charismatique \u2013 par manque ou par choix ? \u2013 comme pour dire que le mythe de l\u2019homme providentiel \u00e9tait de l\u2019autre c\u00f4t\u00e9, et qu\u2019il fallait trouver autre chose.<\/p>\n<p>Je ne sais ce qui transforme une manifestation en mouvement populaire.\u00a0Je sais que le vote d\u2019une foule n\u2019est pas la d\u00e9mocratie. Qu\u2019un slogan n\u2019est pas une proposition. Qu\u2019il faut de l\u2019humilit\u00e9 pour que sa parole porte loin. L\u2019art de la parole publique n\u2019est pas de parler de soi devant les autres, mais de parler des autres comme de soi.\u00a0Je sais que si tous ceux qui se sentent d\u00e9poss\u00e9d\u00e9s de leurs droits se retrouvent pour parler, c\u2019est d\u00e9j\u00e0 beaucoup. Je sais que Paris n&#8217;est pas la France,\u00a0et que beaucoup d&#8217;id\u00e9aux \u00e9crits sur le bitume sont d\u00e9j\u00e0 mis en oeuvre dans les campagnes, loin des micros des grands m\u00e9dias. La Nuit Debout n&#8217;a peut-\u00eatre pas vocation \u00e0 devenir un parti politique ou un mouvement tel que nous le comprenons dans le syst\u00e8me actuel. Elles sont le laboratoire d\u2019exploration d\u2019un changement d\u00e9mocratique. Le d\u00e9fi sera sans doute que cette prise de parole et ces rencontres citoyennes perdurent dans le quotidien de chacun, une fois les occupations de la rue pass\u00e9es. \u00c0 moins que la rue ne devienne un lieu de rendez-vous r\u00e9gulier. Elles sont un laboratoire\u00a0o\u00f9 tous les possibles sont permis. Il faut avoir le courage de donner une chance \u00e0 ses r\u00eaves. Histoire de dire qu\u2019au moins, on aura essay\u00e9.<\/p>\n<p>photo : Francis Azevedo<\/p>\n<p>Sarah Roubato vient de publier\u00a0<em>Lettres \u00e0 ma g\u00e9n\u00e9ration<\/em>\u00a0chez Michel Lafon.\u00a0Cliquez sur le livre pour en savoir plus et <strong><a href=\"https:\/\/mrmondialisation.org\/sarah-roubato-lettres-a-ma-generation\/\" target=\"_blank\" rel=\"noopener noreferrer\">ici<\/a> <\/strong>pour lire des extraits.\u00a0<a href=\"http:\/\/www.michel-lafon.fr\/livre\/1687-Lettres_a_ma_generation.html\" target=\"_blank\" rel=\"noopener noreferrer\"><img loading=\"lazy\" class=\"alignright wp-image-1091 size-thumbnail\" src=\"https:\/\/www.sarahroubato.com\/wp-content\/uploads\/2016\/02\/livre-sarah-103x150.jpg\" alt=\"livre sarah\" width=\"103\" height=\"150\" srcset=\"https:\/\/www.sarahroubato.com\/wp-content\/uploads\/2016\/02\/livre-sarah-103x150.jpg 103w, https:\/\/www.sarahroubato.com\/wp-content\/uploads\/2016\/02\/livre-sarah-205x300.jpg 205w, https:\/\/www.sarahroubato.com\/wp-content\/uploads\/2016\/02\/livre-sarah.jpg 341w\" sizes=\"(max-width: 103px) 100vw, 103px\" \/><\/a><\/p>\n<p>&nbsp;<\/p>","protected":false},"excerpt":{"rendered":"<p>Chanson pour la Nuit Debout, &#8220;Un homme qui vient&#8221;, \u00e0 \u00e9couter en cliquant sur la photo\u00a0 &nbsp; &nbsp; &nbsp; Jeudi 38 mars 2016 Dans ce pays, le r\u00eave est difficile. Je ne parle pas du r\u00eave qui se chante derri\u00e8re un slogan et s\u2019\u00e9teint une fois rentr\u00e9 chez soi, une fois l\u2019euphorie pass\u00e9e, ni de [&hellip;]<\/p>\n","protected":false},"author":2,"featured_media":1134,"comment_status":"open","ping_status":"open","sticky":false,"template":"","format":"standard","meta":{"spay_email":""},"categories":[19],"tags":[329,330,331,153,341,342,338,328,333,135,332,334,340,335,151,337,336,190],"acf":[],"yoast_head":"<!-- This site is optimized with the Yoast SEO plugin v18.4.1 - https:\/\/yoast.com\/wordpress\/plugins\/seo\/ -->\n<title>Nuit Debout : le r\u00e9veil d&#039;un r\u00eave ? - Sarah Roubato<\/title>\n<meta name=\"robots\" content=\"index, follow, max-snippet:-1, max-image-preview:large, max-video-preview:-1\" \/>\n<link rel=\"canonical\" href=\"https:\/\/www.sarahroubato.com\/en\/analyses\/nuit-debout-le-reveil-dun-reve\/\" \/>\n<meta property=\"og:locale\" content=\"en_US\" \/>\n<meta property=\"og:type\" content=\"article\" \/>\n<meta property=\"og:title\" content=\"Nuit Debout : le r\u00e9veil d&#039;un r\u00eave ? - Sarah Roubato\" \/>\n<meta property=\"og:description\" content=\"Chanson pour la Nuit Debout, &#8220;Un homme qui vient&#8221;, \u00e0 \u00e9couter en cliquant sur la photo\u00a0 &nbsp; &nbsp; &nbsp; Jeudi 38 mars 2016 Dans ce pays, le r\u00eave est difficile. Je ne parle pas du r\u00eave qui se chante derri\u00e8re un slogan et s\u2019\u00e9teint une fois rentr\u00e9 chez soi, une fois l\u2019euphorie pass\u00e9e, ni de [&hellip;]\" \/>\n<meta property=\"og:url\" content=\"https:\/\/www.sarahroubato.com\/en\/analyses\/nuit-debout-le-reveil-dun-reve\/\" \/>\n<meta property=\"og:site_name\" content=\"Sarah Roubato\" \/>\n<meta property=\"article:author\" content=\"https:\/\/www.facebook.com\/SarahRubato\" \/>\n<meta property=\"article:published_time\" content=\"2016-04-06T17:30:59+00:00\" \/>\n<meta property=\"article:modified_time\" content=\"2020-05-18T13:36:16+00:00\" \/>\n<meta property=\"og:image\" content=\"https:\/\/www.sarahroubato.com\/wp-content\/uploads\/2016\/04\/photo-nuit-debout.jpg\" \/>\n\t<meta property=\"og:image:width\" content=\"960\" \/>\n\t<meta property=\"og:image:height\" content=\"640\" \/>\n\t<meta property=\"og:image:type\" content=\"image\/jpeg\" \/>\n<meta name=\"twitter:card\" content=\"summary\" \/>\n<meta name=\"twitter:creator\" content=\"@SarahRubato\" \/>\n<meta name=\"twitter:label1\" content=\"Written by\" \/>\n\t<meta name=\"twitter:data1\" content=\"Sarah Roubato\" \/>\n\t<meta name=\"twitter:label2\" content=\"Est. reading time\" \/>\n\t<meta name=\"twitter:data2\" content=\"30 minutes\" \/>\n<script type=\"application\/ld+json\" class=\"yoast-schema-graph\">{\"@context\":\"https:\/\/schema.org\",\"@graph\":[{\"@type\":\"WebSite\",\"@id\":\"https:\/\/www.sarahroubato.com\/#website\",\"url\":\"https:\/\/www.sarahroubato.com\/\",\"name\":\"Sarah Roubato\",\"description\":\"Bring out the potential of people and society\",\"potentialAction\":[{\"@type\":\"SearchAction\",\"target\":{\"@type\":\"EntryPoint\",\"urlTemplate\":\"https:\/\/www.sarahroubato.com\/?s={search_term_string}\"},\"query-input\":\"required name=search_term_string\"}],\"inLanguage\":\"en-US\"},{\"@type\":\"ImageObject\",\"@id\":\"https:\/\/www.sarahroubato.com\/en\/analyses\/nuit-debout-le-reveil-dun-reve\/#primaryimage\",\"inLanguage\":\"en-US\",\"url\":\"https:\/\/www.sarahroubato.com\/wp-content\/uploads\/2016\/04\/photo-nuit-debout.jpg\",\"contentUrl\":\"https:\/\/www.sarahroubato.com\/wp-content\/uploads\/2016\/04\/photo-nuit-debout.jpg\",\"width\":960,\"height\":640,\"caption\":\"Francis Azevedo\"},{\"@type\":\"WebPage\",\"@id\":\"https:\/\/www.sarahroubato.com\/en\/analyses\/nuit-debout-le-reveil-dun-reve\/#webpage\",\"url\":\"https:\/\/www.sarahroubato.com\/en\/analyses\/nuit-debout-le-reveil-dun-reve\/\",\"name\":\"Nuit Debout : le r\u00e9veil d'un r\u00eave ? - Sarah Roubato\",\"isPartOf\":{\"@id\":\"https:\/\/www.sarahroubato.com\/#website\"},\"primaryImageOfPage\":{\"@id\":\"https:\/\/www.sarahroubato.com\/en\/analyses\/nuit-debout-le-reveil-dun-reve\/#primaryimage\"},\"datePublished\":\"2016-04-06T17:30:59+00:00\",\"dateModified\":\"2020-05-18T13:36:16+00:00\",\"author\":{\"@id\":\"https:\/\/www.sarahroubato.com\/#\/schema\/person\/2685c6d7bef7b9e1a4080510ea89fc04\"},\"breadcrumb\":{\"@id\":\"https:\/\/www.sarahroubato.com\/en\/analyses\/nuit-debout-le-reveil-dun-reve\/#breadcrumb\"},\"inLanguage\":\"en-US\",\"potentialAction\":[{\"@type\":\"ReadAction\",\"target\":[\"https:\/\/www.sarahroubato.com\/en\/analyses\/nuit-debout-le-reveil-dun-reve\/\"]}]},{\"@type\":\"BreadcrumbList\",\"@id\":\"https:\/\/www.sarahroubato.com\/en\/analyses\/nuit-debout-le-reveil-dun-reve\/#breadcrumb\",\"itemListElement\":[{\"@type\":\"ListItem\",\"position\":1,\"name\":\"Accueil\",\"item\":\"https:\/\/www.sarahroubato.com\/\"},{\"@type\":\"ListItem\",\"position\":2,\"name\":\"Nuit Debout : le r\u00e9veil d&#8217;un r\u00eave ?\"}]},{\"@type\":\"Person\",\"@id\":\"https:\/\/www.sarahroubato.com\/#\/schema\/person\/2685c6d7bef7b9e1a4080510ea89fc04\",\"name\":\"Sarah Roubato\",\"image\":{\"@type\":\"ImageObject\",\"@id\":\"https:\/\/www.sarahroubato.com\/#personlogo\",\"inLanguage\":\"en-US\",\"url\":\"https:\/\/secure.gravatar.com\/avatar\/f3b82a096236e32f3cb63cbce13ffb3d?s=96&d=mm&r=g\",\"contentUrl\":\"https:\/\/secure.gravatar.com\/avatar\/f3b82a096236e32f3cb63cbce13ffb3d?s=96&d=mm&r=g\",\"caption\":\"Sarah Roubato\"},\"sameAs\":[\"https:\/\/www.facebook.com\/SarahRubato\",\"https:\/\/twitter.com\/SarahRubato\"],\"url\":\"https:\/\/www.sarahroubato.com\/en\/author\/sarah\/\"}]}<\/script>\n<!-- \/ Yoast SEO plugin. -->","yoast_head_json":{"title":"Nuit Debout : le r\u00e9veil d'un r\u00eave ? - Sarah Roubato","robots":{"index":"index","follow":"follow","max-snippet":"max-snippet:-1","max-image-preview":"max-image-preview:large","max-video-preview":"max-video-preview:-1"},"canonical":"https:\/\/www.sarahroubato.com\/en\/analyses\/nuit-debout-le-reveil-dun-reve\/","og_locale":"en_US","og_type":"article","og_title":"Nuit Debout : le r\u00e9veil d'un r\u00eave ? - Sarah Roubato","og_description":"Chanson pour la Nuit Debout, &#8220;Un homme qui vient&#8221;, \u00e0 \u00e9couter en cliquant sur la photo\u00a0 &nbsp; &nbsp; &nbsp; Jeudi 38 mars 2016 Dans ce pays, le r\u00eave est difficile. Je ne parle pas du r\u00eave qui se chante derri\u00e8re un slogan et s\u2019\u00e9teint une fois rentr\u00e9 chez soi, une fois l\u2019euphorie pass\u00e9e, ni de [&hellip;]","og_url":"https:\/\/www.sarahroubato.com\/en\/analyses\/nuit-debout-le-reveil-dun-reve\/","og_site_name":"Sarah Roubato","article_author":"https:\/\/www.facebook.com\/SarahRubato","article_published_time":"2016-04-06T17:30:59+00:00","article_modified_time":"2020-05-18T13:36:16+00:00","og_image":[{"width":960,"height":640,"url":"https:\/\/www.sarahroubato.com\/wp-content\/uploads\/2016\/04\/photo-nuit-debout.jpg","type":"image\/jpeg"}],"twitter_card":"summary","twitter_creator":"@SarahRubato","twitter_misc":{"Written by":"Sarah Roubato","Est. reading time":"30 minutes"},"schema":{"@context":"https:\/\/schema.org","@graph":[{"@type":"WebSite","@id":"https:\/\/www.sarahroubato.com\/#website","url":"https:\/\/www.sarahroubato.com\/","name":"Sarah Roubato","description":"Bring out the potential of people and society","potentialAction":[{"@type":"SearchAction","target":{"@type":"EntryPoint","urlTemplate":"https:\/\/www.sarahroubato.com\/?s={search_term_string}"},"query-input":"required name=search_term_string"}],"inLanguage":"en-US"},{"@type":"ImageObject","@id":"https:\/\/www.sarahroubato.com\/en\/analyses\/nuit-debout-le-reveil-dun-reve\/#primaryimage","inLanguage":"en-US","url":"https:\/\/www.sarahroubato.com\/wp-content\/uploads\/2016\/04\/photo-nuit-debout.jpg","contentUrl":"https:\/\/www.sarahroubato.com\/wp-content\/uploads\/2016\/04\/photo-nuit-debout.jpg","width":960,"height":640,"caption":"Francis Azevedo"},{"@type":"WebPage","@id":"https:\/\/www.sarahroubato.com\/en\/analyses\/nuit-debout-le-reveil-dun-reve\/#webpage","url":"https:\/\/www.sarahroubato.com\/en\/analyses\/nuit-debout-le-reveil-dun-reve\/","name":"Nuit Debout : le r\u00e9veil d'un r\u00eave ? - Sarah Roubato","isPartOf":{"@id":"https:\/\/www.sarahroubato.com\/#website"},"primaryImageOfPage":{"@id":"https:\/\/www.sarahroubato.com\/en\/analyses\/nuit-debout-le-reveil-dun-reve\/#primaryimage"},"datePublished":"2016-04-06T17:30:59+00:00","dateModified":"2020-05-18T13:36:16+00:00","author":{"@id":"https:\/\/www.sarahroubato.com\/#\/schema\/person\/2685c6d7bef7b9e1a4080510ea89fc04"},"breadcrumb":{"@id":"https:\/\/www.sarahroubato.com\/en\/analyses\/nuit-debout-le-reveil-dun-reve\/#breadcrumb"},"inLanguage":"en-US","potentialAction":[{"@type":"ReadAction","target":["https:\/\/www.sarahroubato.com\/en\/analyses\/nuit-debout-le-reveil-dun-reve\/"]}]},{"@type":"BreadcrumbList","@id":"https:\/\/www.sarahroubato.com\/en\/analyses\/nuit-debout-le-reveil-dun-reve\/#breadcrumb","itemListElement":[{"@type":"ListItem","position":1,"name":"Accueil","item":"https:\/\/www.sarahroubato.com\/"},{"@type":"ListItem","position":2,"name":"Nuit Debout : le r\u00e9veil d&#8217;un r\u00eave ?"}]},{"@type":"Person","@id":"https:\/\/www.sarahroubato.com\/#\/schema\/person\/2685c6d7bef7b9e1a4080510ea89fc04","name":"Sarah Roubato","image":{"@type":"ImageObject","@id":"https:\/\/www.sarahroubato.com\/#personlogo","inLanguage":"en-US","url":"https:\/\/secure.gravatar.com\/avatar\/f3b82a096236e32f3cb63cbce13ffb3d?s=96&d=mm&r=g","contentUrl":"https:\/\/secure.gravatar.com\/avatar\/f3b82a096236e32f3cb63cbce13ffb3d?s=96&d=mm&r=g","caption":"Sarah Roubato"},"sameAs":["https:\/\/www.facebook.com\/SarahRubato","https:\/\/twitter.com\/SarahRubato"],"url":"https:\/\/www.sarahroubato.com\/en\/author\/sarah\/"}]}},"jetpack_featured_media_url":"https:\/\/www.sarahroubato.com\/wp-content\/uploads\/2016\/04\/photo-nuit-debout.jpg","_links":{"self":[{"href":"https:\/\/www.sarahroubato.com\/en\/wp-json\/wp\/v2\/posts\/1126"}],"collection":[{"href":"https:\/\/www.sarahroubato.com\/en\/wp-json\/wp\/v2\/posts"}],"about":[{"href":"https:\/\/www.sarahroubato.com\/en\/wp-json\/wp\/v2\/types\/post"}],"author":[{"embeddable":true,"href":"https:\/\/www.sarahroubato.com\/en\/wp-json\/wp\/v2\/users\/2"}],"replies":[{"embeddable":true,"href":"https:\/\/www.sarahroubato.com\/en\/wp-json\/wp\/v2\/comments?post=1126"}],"version-history":[{"count":14,"href":"https:\/\/www.sarahroubato.com\/en\/wp-json\/wp\/v2\/posts\/1126\/revisions"}],"predecessor-version":[{"id":4458,"href":"https:\/\/www.sarahroubato.com\/en\/wp-json\/wp\/v2\/posts\/1126\/revisions\/4458"}],"wp:featuredmedia":[{"embeddable":true,"href":"https:\/\/www.sarahroubato.com\/en\/wp-json\/wp\/v2\/media\/1134"}],"wp:attachment":[{"href":"https:\/\/www.sarahroubato.com\/en\/wp-json\/wp\/v2\/media?parent=1126"}],"wp:term":[{"taxonomy":"category","embeddable":true,"href":"https:\/\/www.sarahroubato.com\/en\/wp-json\/wp\/v2\/categories?post=1126"},{"taxonomy":"post_tag","embeddable":true,"href":"https:\/\/www.sarahroubato.com\/en\/wp-json\/wp\/v2\/tags?post=1126"}],"curies":[{"name":"wp","href":"https:\/\/api.w.org\/{rel}","templated":true}]}}