
{"id":1479,"date":"2017-04-13T14:53:34","date_gmt":"2017-04-13T12:53:34","guid":{"rendered":"https:\/\/www.sarahroubato.com\/?p=1479"},"modified":"2020-05-16T20:23:10","modified_gmt":"2020-05-16T18:23:10","slug":"lettrefrance","status":"publish","type":"post","link":"https:\/\/www.sarahroubato.com\/en\/lettres\/lettrefrance\/","title":{"rendered":"Lettre \u00e0 la France ou les lions et les taupes"},"content":{"rendered":"<p><strong><em><a href=\"http:\/\/paypal.me\/sarahroubatofr\"><img loading=\"lazy\" class=\"aligncenter wp-image-1605 size-large\" src=\"https:\/\/www.sarahroubato.com\/wp-content\/uploads\/2017\/06\/Capture-d\u2019e\u0301cran-2017-06-04-a\u0300-11.54.49-1024x205.png\" alt=\"Capture d\u2019e\u0301cran 2017-06-04 a\u0300 11.54.49\" width=\"1024\" height=\"205\" srcset=\"https:\/\/www.sarahroubato.com\/wp-content\/uploads\/2017\/06\/Capture-d\u2019e\u0301cran-2017-06-04-a\u0300-11.54.49-1024x205.png 1024w, https:\/\/www.sarahroubato.com\/wp-content\/uploads\/2017\/06\/Capture-d\u2019e\u0301cran-2017-06-04-a\u0300-11.54.49-150x30.png 150w, https:\/\/www.sarahroubato.com\/wp-content\/uploads\/2017\/06\/Capture-d\u2019e\u0301cran-2017-06-04-a\u0300-11.54.49-300x60.png 300w, https:\/\/www.sarahroubato.com\/wp-content\/uploads\/2017\/06\/Capture-d\u2019e\u0301cran-2017-06-04-a\u0300-11.54.49-600x120.png 600w, https:\/\/www.sarahroubato.com\/wp-content\/uploads\/2017\/06\/Capture-d\u2019e\u0301cran-2017-06-04-a\u0300-11.54.49.png 1168w\" sizes=\"(max-width: 1024px) 100vw, 1024px\" \/><\/a><\/em><\/strong>Mon amie, ma s\u0153ur, ma m\u00e8re,<\/p>\n<p>Voil\u00e0 quelques temps que je te parcours et que je t\u2019observe. Avec un \u0153il qui te d\u00e9couvre, et un qui te retrouve. L\u2019\u0153il de l\u2019\u00e9tranger et l\u2019\u0153il de l\u2019enfant du pays. Car j\u2019ai eu la chance de te quitter un jour. Et de te revenir. Mon \u00e9trang\u00e8re, mon enfance.<\/p>\n<p>Je n\u2019ai pas voulu te visiter mais t\u2019habiter. J\u2019ai v\u00e9cu avec des paysans, des ouvriers, des artistes, des professeurs, des cadres, des commer\u00e7ants. Dans un appartement hupp\u00e9 d\u2019un centre ville et dans une ancienne bergerie d\u2019un hameau de montagne, au onzi\u00e8me \u00e9tage d\u2019une tour de banlieue d\u2019une Zone Urbaine Sensible et dans un petit pavillon.<\/p>\n<p>Derri\u00e8re les diff\u00e9rences sociales et \u00e9conomiques, les codes et les registres de langage, j\u2019ai entendu les m\u00eames envies, les m\u00eames peurs, les m\u00eames aspirations, les m\u00eames doutes face \u00e0 un monde o\u00f9 le savoir ne m\u00e8ne pas \u00e0 la sagesse, o\u00f9 plus on gagne du temps moins on en a \u00e0 perdre, o\u00f9 l\u2019\u00e9change d\u2019informations ne renforce pas les liens entre les gens, o\u00f9 l\u2019accessibilit\u00e9 de tout n\u2019emp\u00eache pas l\u2019uniformisation de la pens\u00e9e, o\u00f9 la lib\u00e9ralisation tue la libert\u00e9. De quoi effacer d\u2019un revers de pied les lignes trac\u00e9es sur le sable de nos repr\u00e9sentations qui s\u00e9parent les jeunes des vieux, les ruraux des citadins, les ouvriers des patrons, les ch\u00f4meurs des travailleurs, les artisans des intellectuels.<a href=\"https:\/\/www.sarahroubato.com\/wp-content\/uploads\/2017\/04\/Capture-d\u2019e\u0301cran-2017-04-15-a\u0300-14.38.40.png\"><img loading=\"lazy\" class=\" size-medium wp-image-1520 alignright\" src=\"https:\/\/www.sarahroubato.com\/wp-content\/uploads\/2017\/04\/Capture-d\u2019e\u0301cran-2017-04-15-a\u0300-14.38.40-300x227.png\" alt=\"Capture d\u2019e\u0301cran 2017-04-15 a\u0300 14.38.40\" width=\"300\" height=\"227\" srcset=\"https:\/\/www.sarahroubato.com\/wp-content\/uploads\/2017\/04\/Capture-d\u2019e\u0301cran-2017-04-15-a\u0300-14.38.40-300x227.png 300w, https:\/\/www.sarahroubato.com\/wp-content\/uploads\/2017\/04\/Capture-d\u2019e\u0301cran-2017-04-15-a\u0300-14.38.40-150x113.png 150w, https:\/\/www.sarahroubato.com\/wp-content\/uploads\/2017\/04\/Capture-d\u2019e\u0301cran-2017-04-15-a\u0300-14.38.40-600x454.png 600w, https:\/\/www.sarahroubato.com\/wp-content\/uploads\/2017\/04\/Capture-d\u2019e\u0301cran-2017-04-15-a\u0300-14.38.40.png 849w\" sizes=\"(max-width: 300px) 100vw, 300px\" \/><\/a><\/p>\n<p>Partout o\u00f9 je vais, c\u2019est une autre ligne que j\u2019ai vu se dessiner. Une ligne qui passe entre voisins, entre coll\u00e8gues, entre fr\u00e8re et s\u0153ur<a name=\"_ftnref\"><\/a> <a href=\"https:\/\/www.sarahroubato.com\/wp-admin\/post.php?post=1479&amp;action=edit#_ftn1\">[1]<\/a>. Entre ceux qui reproduisent ce qu\u2019on leur a appris et ceux qui remettent en question, qui tentent de retrouver un \u00e9quilibre entre libert\u00e9 individuelle et le vivre-ensemble, qui recalibrent leurs priorit\u00e9s, qui changent de perspective, qui essaient, qui se trompent, qui recommencent. Entre ceux qui laissent faire et ceux qui prennent le risque de mal faire. Entre ceux qui attendent que le changement vienne d\u2019en haut et ceux qui l\u2019appliquent dans chaque geste de leur quotidien. Entre ceux qui ont renonc\u00e9 \u00e0 leur puissance et ceux qui la reconqui\u00e8rent. Entre ceux qui font faute de mieux et ceux qui \u0153uvrent pour faire mieux. Entre ceux qui se contentent du monde tel qu\u2019il est et ceux qui poursuivent le monde tel qu\u2019il devrait \u00eatre.<\/p>\n<p>Ma ch\u00e8re, ma tr\u00e8s ch\u00e8re France, mon refuge, ma r\u00e9f\u00e9rence, mon juge,<\/p>\n<p>Tant de regards sont pos\u00e9s sur toi ces jours-ci. Des regards otages du spectacle m\u00e9diatique.<\/p>\n<p>Les lions sont l\u00e2ch\u00e9s. Ils se roulent dans la poussi\u00e8re de l\u2019ar\u00e8ne en donnant des coups de dents dans l\u2019air. Ils se griffent \u00e0 coups de formules soigneusement pr\u00e9par\u00e9es par les communiquants, de chiffres taill\u00e9s sur mesure, de d\u00e9nonciations sorties du coffre, de petites phrases charg\u00e9es \u00e0 bloc et de grands mots vid\u00e9s de leur substance.<\/p>\n<p>Le spectacle a lieu tous les cinq ans. Autour de la piste, les enfants de Monsieur Loyal pr\u00e9sentent les lions, commentent la longueur de leur crini\u00e8re, la couleur de leurs poils, leur poids, l\u2019\u00e9cartement de leurs yeux. \u00c0 chaque spectacle la premi\u00e8re rang\u00e9e de gradins recule. Il y a bien longtemps que les lions ne voient plus les spectateurs qu\u2019ils tentent de s\u00e9duire. Ils leur disent qu\u2019ils les comprennent, qu\u2019ils les connaissent, qu\u2019ils les repr\u00e9sentent.<\/p>\n<p>Les spectateurs ennuy\u00e9s \u00e9coutent quand m\u00eame. Ils n\u2019ont rien d\u2019autre \u00e0 faire. Faut dire qu\u2019ils n\u2019y voient plus tr\u00e8s bien. Heureusement les petits Loyal sont l\u00e0 pour les guider jusqu\u2019\u00e0 leurs si\u00e8ges. Ils leur d\u00e9crivent ce qui se passe dans l\u2019ar\u00e8ne, leur disent quand hocher la t\u00eate et quand la secouer. Leur pouvoir de d\u00e9cision a l\u2019\u00e9tendue d\u2019un passage clout\u00e9.<\/p>\n<p>Les lions ouvrent le spectacle avec des rugissements de haut calibre\u00a0: <em>d\u00e9mocratie, r\u00e9publique, libert\u00e9.<\/em> Puis ils attaquent avec les formules qui ont fait leur gloire\u00a0: <em>injecter<\/em> <em>de l\u2019argent, suppression de postes, r\u00e9duction de la dette. <\/em>Ils distillent par de petits grognements les mots <em>ch\u00f4mage et emploi, feuille de paye et exon\u00e9ration fiscale, s\u00e9curit\u00e9, assistanat, lib\u00e9ral, capital, social.<\/em> Il y a bien longtemps que les mots <em>r\u00eave, imagination, envie, possibilit\u00e9s, vivre ensemble, entraide, d\u00e9couverte, apprendre, bien-\u00eatre, bonheur, esp\u00e9rance <\/em>ont d\u00e9sert\u00e9 l\u2019ar\u00e8ne.<\/p>\n<p><a href=\"https:\/\/www.sarahroubato.com\/wp-content\/uploads\/2017\/04\/cature-de\u0301cran-2017-21.png\"><img loading=\"lazy\" class=\"alignleft size-medium wp-image-1525\" src=\"https:\/\/www.sarahroubato.com\/wp-content\/uploads\/2017\/04\/cature-de\u0301cran-2017-21-300x224.png\" alt=\"cature d'e\u0301cran 2017 2\" width=\"300\" height=\"224\" srcset=\"https:\/\/www.sarahroubato.com\/wp-content\/uploads\/2017\/04\/cature-de\u0301cran-2017-21-300x224.png 300w, https:\/\/www.sarahroubato.com\/wp-content\/uploads\/2017\/04\/cature-de\u0301cran-2017-21-150x112.png 150w, https:\/\/www.sarahroubato.com\/wp-content\/uploads\/2017\/04\/cature-de\u0301cran-2017-21-1024x763.png 1024w, https:\/\/www.sarahroubato.com\/wp-content\/uploads\/2017\/04\/cature-de\u0301cran-2017-21-600x447.png 600w, https:\/\/www.sarahroubato.com\/wp-content\/uploads\/2017\/04\/cature-de\u0301cran-2017-21.png 1056w\" sizes=\"(max-width: 300px) 100vw, 300px\" \/><\/a>Pourtant, sous le vacarme du spectacle, un autre bruit se fait entendre. Un bruit de grattage, de reniflage, de pioches et de coups. C\u2019est le bruit des taupes qui ont d\u00e9sert\u00e9 les gradins. Chaque ann\u00e9e elles sont plus nombreuses.<\/p>\n<p>Juste sous l\u2019ar\u00e8ne, des taupes travaillent. Jour et nuit, jour de spectacle et jours de rel\u00e2che. Elles creusent, abattent des cloisons entre des mondes qui s\u2019ignoraient, relient des galeries, inventent de nouveaux itin\u00e9raires de vie. Souvent elles arrivent \u00e0 des impasses, impossible de creuser plus loin. Alors elles font demi tour, et cherchent un autre acc\u00e8s.<\/p>\n<p>Elles pr\u00e9parent le monde de demain. Elles ne savent pas si ce sera suffisant. Tant pis. Elles creusent. Sous ceux qui rugissent, elles agissent. Sous ceux qui grognent, elles grattent. Sous les coups de griffes, elles reniflent. Pour pouvoir se dire \u00e0 la fin du spectacle que quelque chose a chang\u00e9 pendant qu\u2019elles sont pass\u00e9es.<\/p>\n<p>Elles ne savent pas qu\u2019elles sont aussi nombreuses. Chacune dans son tunnel suit un instinct, une id\u00e9e, une intuition, une folie. Elles ont troqu\u00e9 la vision du monde qu\u2019on leur a apprise contre celle d\u2019un monde qui n\u2019existe pas encore. Elles flairent les potentiels. Au fond du tunnel, elles voient d\u2019autres horizons.<\/p>\n<p>Chacune dans son couloir se croit seule. Elles passent souvent \u00e0 quelques centim\u00e8tres l\u2019une de l\u2019autre sans se rencontrer. Parfois, il suffit d\u2019un coup de griffe bien plac\u00e9, et un mur s\u2019ouvre sur une vaste galerie o\u00f9 elles se rencontrent. Alors elles cr\u00e9ent des associations, des collectifs, des mouvements, des villages. Creusent des \u00e9coles alternatives, des monnaies locales, font du bio, organisent des circuits courts, se lib\u00e8rent de l\u2019argent par le troc, encouragent un tourisme respectueux des espaces qu\u2019il traverse, inventent d\u2019autres mod\u00e8les d\u2019entreprise, cr\u00e9ent des associations pour ceux que leur \u00e2ge, leur handicap ou leur parcours de vie, isolent de la soci\u00e9t\u00e9.<a href=\"https:\/\/www.sarahroubato.com\/wp-content\/uploads\/2017\/04\/Capture-d\u2019e\u0301cran-2017-04-15-a\u0300-14.53.59.png\"><img loading=\"lazy\" class=\"alignright size-medium wp-image-1523\" src=\"https:\/\/www.sarahroubato.com\/wp-content\/uploads\/2017\/04\/Capture-d\u2019e\u0301cran-2017-04-15-a\u0300-14.53.59-300x224.png\" alt=\"Capture d\u2019e\u0301cran 2017-04-15 a\u0300 14.53.59\" width=\"300\" height=\"224\" srcset=\"https:\/\/www.sarahroubato.com\/wp-content\/uploads\/2017\/04\/Capture-d\u2019e\u0301cran-2017-04-15-a\u0300-14.53.59-300x224.png 300w, https:\/\/www.sarahroubato.com\/wp-content\/uploads\/2017\/04\/Capture-d\u2019e\u0301cran-2017-04-15-a\u0300-14.53.59-150x112.png 150w, https:\/\/www.sarahroubato.com\/wp-content\/uploads\/2017\/04\/Capture-d\u2019e\u0301cran-2017-04-15-a\u0300-14.53.59-600x449.png 600w, https:\/\/www.sarahroubato.com\/wp-content\/uploads\/2017\/04\/Capture-d\u2019e\u0301cran-2017-04-15-a\u0300-14.53.59.png 852w\" sizes=\"(max-width: 300px) 100vw, 300px\" \/><\/a><\/p>\n<p>Elles pr\u00e9parent un monde o\u00f9 nos activit\u00e9s &#8211; manger, se chauffer, se d\u00e9placer, se maquiller &#8211; respectent le vivant, o\u00f9 les g\u00e9n\u00e9rations travaillent, s\u2019amusent et apprennent ensemble, o\u00f9 les nouvelles technologies n\u2019effacent pas la pr\u00e9sence aux autres.<\/p>\n<p>Elles arrivent de tous les coins de la plaine. Des usines, des salles de classe, des champs, des bureaux, des estrades. De la grande ville, des banlieues, des campagnes. L\u00e0 haut, on leur avait appris qu\u2019elles appartenaient \u00e0 diff\u00e9rentes esp\u00e8ces. Qu\u2019elles devaient \u00e9voluer de chaque c\u00f4t\u00e9 d\u2019une ligne de fracture qui s\u00e9pare les centre-villoises et les banlieusardes, les rurales et les citadines, les ouvri\u00e8res et les cadres, les ch\u00f4meuses et les travailleuses, les litt\u00e9raires et les scientifiques, les jeunes et les vieilles, celles qui sont n\u00e9es ici et celles qui sont n\u00e9es ailleurs.<\/p>\n<p>Sous terre, elles se sont rencontr\u00e9es. Et elles ont appris que la v\u00e9ritable ligne de fracture \u00e9tait ailleurs. Entre celles qui mesurent le bonheur par l\u2019accumulation de biens et de loisirs, et celles qui le mesurent par le temps pass\u00e9 \u00e0 prendre soin du vivant. Entre celles qui travaillent pour consommer, consomment pour se consoler de travailler, et celles qui travaillent pour r\u00e9aliser un r\u00eave qui s\u2019occupe de la beaut\u00e9 du monde. Entre celles qui courent apr\u00e8s le temps et celles qui l\u2019habitent.<\/p>\n<p>Autour de l\u2019ar\u00e8ne, personne ne soup\u00e7onne qu\u2019un monde est en train de se construire sous terre. Les Monsieur Loyal crient le plus fort possible pour recouvrir le bruit des taupes.<\/p>\n<p>Ma belle France, ma merveille, mon insupportable,<a href=\"https:\/\/www.sarahroubato.com\/wp-content\/uploads\/2017\/04\/Capture-d\u2019e\u0301cran-2017-04-15-a\u0300-14.49.58.png\"><img loading=\"lazy\" class=\" size-medium wp-image-1521 alignleft\" src=\"https:\/\/www.sarahroubato.com\/wp-content\/uploads\/2017\/04\/Capture-d\u2019e\u0301cran-2017-04-15-a\u0300-14.49.58-300x223.png\" alt=\"Capture d\u2019e\u0301cran 2017-04-15 a\u0300 14.49.58\" width=\"300\" height=\"223\" srcset=\"https:\/\/www.sarahroubato.com\/wp-content\/uploads\/2017\/04\/Capture-d\u2019e\u0301cran-2017-04-15-a\u0300-14.49.58-300x223.png 300w, https:\/\/www.sarahroubato.com\/wp-content\/uploads\/2017\/04\/Capture-d\u2019e\u0301cran-2017-04-15-a\u0300-14.49.58-150x112.png 150w, https:\/\/www.sarahroubato.com\/wp-content\/uploads\/2017\/04\/Capture-d\u2019e\u0301cran-2017-04-15-a\u0300-14.49.58-600x447.png 600w, https:\/\/www.sarahroubato.com\/wp-content\/uploads\/2017\/04\/Capture-d\u2019e\u0301cran-2017-04-15-a\u0300-14.49.58.png 866w\" sizes=\"(max-width: 300px) 100vw, 300px\" \/><\/a><\/p>\n<p>Il est temps pour toi de changer le miroir dans lequel tu te regardes.<\/p>\n<p>Partout entre tes flancs, des gens de tous les \u00e2ges, de toutes les origines, de toutes les convictions et de tous les savoir-faires te mod\u00e8lent une autre silhouette. Ceux-l\u00e0 ne font pas les unes et ne font pas le buzz. Ils sont de la race des pionniers. Ceux qu\u2019on oublie en marchant sur les sentiers qu\u2019ils ont trac\u00e9s.<\/p>\n<p>Beaucoup ne connaissent de toi que ce qui se joue dans l\u2019ar\u00e8ne m\u00e9diatique. Ils s\u2019en servent pour se faire des opinions, pour voter, pour diriger leurs enfants vers des chemins de vie p\u00e9rim\u00e9s. Le jeu est fauss\u00e9 d\u2019avance. Les spectateurs applaudissent, huent, l\u00e8vent le poing, brandissent des pancartes, parce que celui-ci est jeune, celui-l\u00e0 est dr\u00f4le, cet autre a les oreilles d\u00e9coll\u00e9es.<\/p>\n<p>Ma reine, mon enfant, mon inconnue,<a href=\"https:\/\/www.sarahroubato.com\/wp-content\/uploads\/2017\/04\/capture-de\u0301cran-2017-1.jpg\"><img loading=\"lazy\" class=\"alignright size-medium wp-image-1522\" src=\"https:\/\/www.sarahroubato.com\/wp-content\/uploads\/2017\/04\/capture-de\u0301cran-2017-1-300x224.jpg\" alt=\"capture d'e\u0301cran 2017 1\" width=\"300\" height=\"224\" srcset=\"https:\/\/www.sarahroubato.com\/wp-content\/uploads\/2017\/04\/capture-de\u0301cran-2017-1-300x224.jpg 300w, https:\/\/www.sarahroubato.com\/wp-content\/uploads\/2017\/04\/capture-de\u0301cran-2017-1-150x112.jpg 150w, https:\/\/www.sarahroubato.com\/wp-content\/uploads\/2017\/04\/capture-de\u0301cran-2017-1-1024x765.jpg 1024w, https:\/\/www.sarahroubato.com\/wp-content\/uploads\/2017\/04\/capture-de\u0301cran-2017-1-600x448.jpg 600w, https:\/\/www.sarahroubato.com\/wp-content\/uploads\/2017\/04\/capture-de\u0301cran-2017-1.jpg 1063w\" sizes=\"(max-width: 300px) 100vw, 300px\" \/><\/a><\/p>\n<p>Je te souhaite de l\u2019audace, et de l\u2019humilit\u00e9. L\u2019audace d\u2019entreprendre toi-m\u00eame le changement auquel tu aspires. Par le petit et par le grandiose. Par les projets d\u00e9mentiels et par les gestes infimes. Pour que chacun retrouve la puissance de r\u00eaver, de d\u00e9sirer, de cr\u00e9er.<\/p>\n<p>Je te souhaite l\u2019humilit\u00e9 d\u2019apprendre d\u2019autres soci\u00e9t\u00e9s. De ne pas craindre de te perdre en allant voir ailleurs. Je sais que tu fais encore briller les yeux de bien des gens dans le monde entier. Je me demande parfois si la lumi\u00e8re de ton phare n\u2019est pas comme celle des \u00e9toiles &#8211; d\u2019un autre temps. Et si la lumi\u00e8re de demain ne viendra pas du monde des taupes.<\/p>\n<p><a href=\"https:\/\/www.paypal.me\/sarahroubatofr\"><img loading=\"lazy\" class=\" wp-image-1026 size-medium aligncenter\" src=\"https:\/\/www.sarahroubato.com\/wp-content\/uploads\/2015\/12\/mafalda9-300x214.jpg\" alt=\"mafalda9\" width=\"300\" height=\"214\" srcset=\"https:\/\/www.sarahroubato.com\/wp-content\/uploads\/2015\/12\/mafalda9-300x214.jpg 300w, https:\/\/www.sarahroubato.com\/wp-content\/uploads\/2015\/12\/mafalda9-150x107.jpg 150w, https:\/\/www.sarahroubato.com\/wp-content\/uploads\/2015\/12\/mafalda9.jpg 378w\" sizes=\"(max-width: 300px) 100vw, 300px\" \/><\/a><\/p>\n<p><a name=\"_ftn1\"><\/a><a href=\"https:\/\/www.sarahroubato.com\/wp-admin\/post.php?post=1479&amp;action=edit#_ftnref\">[1]<\/a> J\u2019ai vu deux voisines dans un hameau de montagne, l\u2019une aspergeant ses cultures de pesticides, se nourrissant chez Carrefour et l\u2019autre faisant son jardin en permaculture et s\u2019inscrivant dans les circuits courts. Deux femmes dans la m\u00eame montagne, pour deux mod\u00e8les de vie radicalement oppos\u00e9s. J\u2019ai vu des jeunes passer leurs journ\u00e9es devant un ordinateur pour d\u00e9velopper leur start-up pour \u00e9diter, cr\u00e9er et vendre, sur un mod\u00e8le d\u2019entraide et de solidarit\u00e9. J\u2019en ai vu d\u2019autres passer aussi leurs journ\u00e9es devant leur \u00e9cran, \u00e0 consommer de l&#8217;image qui remplit mais ne comble rien. Dans un bus j\u2019ai vu une fille voil\u00e9e rentrant dans sa banlieue, et une autre en petite jupe qui allait descendre au centre ville. Elles avaient toutes les deux le m\u00eame sac \u00e0 main de marque, et le m\u00eame t\u00e9l\u00e9phone \u00e0 la main, toutes les deux maquill\u00e9es comme des poup\u00e9es. Deux \u00e9l\u00e8ves mod\u00e8les de la consommation et du r\u00e8gne de l\u2019apparence.<\/p>\n<p>J\u2019ai v\u00e9cu avec ceux qui n\u2019ont rien et qui se sentent riches de manger les l\u00e9gumes du coin, de pouvoir arpenter la montagne, d\u2019avoir le temps d\u2019apprendre et de faire, j\u2019en ai vu qui ont les derni\u00e8res baskets, le t\u00e9l\u00e9phone, les \u00e9crans plats, et qui ont les traits de quelqu\u2019un qui a toujours faim. J\u2019ai vu des gamins de neuf ans n\u2019avoir comme seule question \u00e0 poser \u00e0 un danseur apr\u00e8s le spectacle \u00ab\u00a0Combien tu gagnes\u00a0?\u00a0\u00bb. J\u2019ai vu des retrait\u00e9s participer \u00e0 un loto pour aider une association caritative, et se plaindre que les lots ne soient pas assez beaux. J&#8217;en ai vu d&#8217;autres ne pas compter le temps qu&#8217;ils passent \u00e0 accueillir, \u00e0 cr\u00e9er des rencontres, \u00e0 partager.<\/p>\n<p><em>Cliquez\u00a0<strong><a href=\"https:\/\/mrmondialisation.org\/sarah-roubato-lettres-a-ma-generation\/\" target=\"_blank\" rel=\"noopener noreferrer\">ici\u00a0<\/a><\/strong>pour en savoir plus et lire des extraits. Le livre peut \u00eatre command\u00e9 dans toutes les librairies ainsi que sur fnac.com et amazon.fr Cliquez sur le livre pour le commander chez l&#8217;\u00e9diteur.<\/em><br \/>\n<a href=\"http:\/\/www.michel-lafon.fr\/livre\/1687-Lettres_a_ma_generation.html\"><img loading=\"lazy\" class=\"alignright wp-image-1091 size-medium\" src=\"https:\/\/www.sarahroubato.com\/wp-content\/uploads\/2016\/02\/livre-sarah-205x300.jpg\" alt=\"livre sarah\" width=\"205\" height=\"300\" srcset=\"https:\/\/www.sarahroubato.com\/wp-content\/uploads\/2016\/02\/livre-sarah-205x300.jpg 205w, https:\/\/www.sarahroubato.com\/wp-content\/uploads\/2016\/02\/livre-sarah-103x150.jpg 103w, https:\/\/www.sarahroubato.com\/wp-content\/uploads\/2016\/02\/livre-sarah.jpg 341w\" sizes=\"(max-width: 205px) 100vw, 205px\" \/><\/a><\/p>","protected":false},"excerpt":{"rendered":"<p>Mon amie, ma s\u0153ur, ma m\u00e8re, Voil\u00e0 quelques temps que je te parcours et que je t\u2019observe. Avec un \u0153il qui te d\u00e9couvre, et un qui te retrouve. L\u2019\u0153il de l\u2019\u00e9tranger et l\u2019\u0153il de l\u2019enfant du pays. Car j\u2019ai eu la chance de te quitter un jour. Et de te revenir. Mon \u00e9trang\u00e8re, mon enfance. [&hellip;]<\/p>\n","protected":false},"author":2,"featured_media":1504,"comment_status":"open","ping_status":"open","sticky":false,"template":"","format":"standard","meta":{"spay_email":""},"categories":[174],"tags":[393,27,330,418,153,340,190],"acf":[],"yoast_head":"<!-- This site is optimized with the Yoast SEO plugin v18.4.1 - https:\/\/yoast.com\/wordpress\/plugins\/seo\/ -->\n<title>Lettre \u00e0 la France ou les lions et les taupes - Sarah Roubato<\/title>\n<meta name=\"robots\" content=\"index, follow, max-snippet:-1, max-image-preview:large, max-video-preview:-1\" \/>\n<link rel=\"canonical\" href=\"https:\/\/www.sarahroubato.com\/lettres\/lettrefrance\/\" \/>\n<meta property=\"og:locale\" content=\"en_US\" \/>\n<meta property=\"og:type\" content=\"article\" \/>\n<meta property=\"og:title\" content=\"Lettre \u00e0 la France ou les lions et les taupes - Sarah Roubato\" \/>\n<meta property=\"og:description\" content=\"Mon amie, ma s\u0153ur, ma m\u00e8re, Voil\u00e0 quelques temps que je te parcours et que je t\u2019observe. Avec un \u0153il qui te d\u00e9couvre, et un qui te retrouve. L\u2019\u0153il de l\u2019\u00e9tranger et l\u2019\u0153il de l\u2019enfant du pays. Car j\u2019ai eu la chance de te quitter un jour. Et de te revenir. Mon \u00e9trang\u00e8re, mon enfance. [&hellip;]\" \/>\n<meta property=\"og:url\" content=\"https:\/\/www.sarahroubato.com\/lettres\/lettrefrance\/\" \/>\n<meta property=\"og:site_name\" content=\"Sarah Roubato\" \/>\n<meta property=\"article:author\" content=\"https:\/\/www.facebook.com\/SarahRubato\" \/>\n<meta property=\"article:published_time\" content=\"2017-04-13T12:53:34+00:00\" \/>\n<meta property=\"article:modified_time\" content=\"2020-05-16T18:23:10+00:00\" \/>\n<meta property=\"og:image\" content=\"https:\/\/www.sarahroubato.com\/wp-content\/uploads\/2017\/04\/Capture-d\u2019e\u0301cran-2017-04-13-a\u0300-21.48.591.png\" \/>\n\t<meta property=\"og:image:width\" content=\"845\" \/>\n\t<meta property=\"og:image:height\" content=\"655\" \/>\n\t<meta property=\"og:image:type\" content=\"image\/png\" \/>\n<meta name=\"twitter:card\" content=\"summary\" \/>\n<meta name=\"twitter:creator\" content=\"@SarahRubato\" \/>\n<meta name=\"twitter:label1\" content=\"Written by\" \/>\n\t<meta name=\"twitter:data1\" content=\"Sarah Roubato\" \/>\n\t<meta name=\"twitter:label2\" content=\"Est. reading time\" \/>\n\t<meta name=\"twitter:data2\" content=\"30 minutes\" \/>\n<script type=\"application\/ld+json\" class=\"yoast-schema-graph\">{\"@context\":\"https:\/\/schema.org\",\"@graph\":[{\"@type\":\"WebSite\",\"@id\":\"https:\/\/www.sarahroubato.com\/#website\",\"url\":\"https:\/\/www.sarahroubato.com\/\",\"name\":\"Sarah Roubato\",\"description\":\"Bring out the potential of people and society\",\"potentialAction\":[{\"@type\":\"SearchAction\",\"target\":{\"@type\":\"EntryPoint\",\"urlTemplate\":\"https:\/\/www.sarahroubato.com\/?s={search_term_string}\"},\"query-input\":\"required name=search_term_string\"}],\"inLanguage\":\"en-US\"},{\"@type\":\"ImageObject\",\"@id\":\"https:\/\/www.sarahroubato.com\/lettres\/lettrefrance\/#primaryimage\",\"inLanguage\":\"en-US\",\"url\":\"https:\/\/www.sarahroubato.com\/wp-content\/uploads\/2017\/04\/Capture-d\u2019e\u0301cran-2017-04-13-a\u0300-21.48.591.png\",\"contentUrl\":\"https:\/\/www.sarahroubato.com\/wp-content\/uploads\/2017\/04\/Capture-d\u2019e\u0301cran-2017-04-13-a\u0300-21.48.591.png\",\"width\":845,\"height\":655},{\"@type\":\"WebPage\",\"@id\":\"https:\/\/www.sarahroubato.com\/lettres\/lettrefrance\/#webpage\",\"url\":\"https:\/\/www.sarahroubato.com\/lettres\/lettrefrance\/\",\"name\":\"Lettre \u00e0 la France ou les lions et les taupes - Sarah Roubato\",\"isPartOf\":{\"@id\":\"https:\/\/www.sarahroubato.com\/#website\"},\"primaryImageOfPage\":{\"@id\":\"https:\/\/www.sarahroubato.com\/lettres\/lettrefrance\/#primaryimage\"},\"datePublished\":\"2017-04-13T12:53:34+00:00\",\"dateModified\":\"2020-05-16T18:23:10+00:00\",\"author\":{\"@id\":\"https:\/\/www.sarahroubato.com\/#\/schema\/person\/2685c6d7bef7b9e1a4080510ea89fc04\"},\"breadcrumb\":{\"@id\":\"https:\/\/www.sarahroubato.com\/lettres\/lettrefrance\/#breadcrumb\"},\"inLanguage\":\"en-US\",\"potentialAction\":[{\"@type\":\"ReadAction\",\"target\":[\"https:\/\/www.sarahroubato.com\/lettres\/lettrefrance\/\"]}]},{\"@type\":\"BreadcrumbList\",\"@id\":\"https:\/\/www.sarahroubato.com\/lettres\/lettrefrance\/#breadcrumb\",\"itemListElement\":[{\"@type\":\"ListItem\",\"position\":1,\"name\":\"Accueil\",\"item\":\"https:\/\/www.sarahroubato.com\/\"},{\"@type\":\"ListItem\",\"position\":2,\"name\":\"Lettre \u00e0 la France ou les lions et les taupes\"}]},{\"@type\":\"Person\",\"@id\":\"https:\/\/www.sarahroubato.com\/#\/schema\/person\/2685c6d7bef7b9e1a4080510ea89fc04\",\"name\":\"Sarah Roubato\",\"image\":{\"@type\":\"ImageObject\",\"@id\":\"https:\/\/www.sarahroubato.com\/#personlogo\",\"inLanguage\":\"en-US\",\"url\":\"https:\/\/secure.gravatar.com\/avatar\/f3b82a096236e32f3cb63cbce13ffb3d?s=96&d=mm&r=g\",\"contentUrl\":\"https:\/\/secure.gravatar.com\/avatar\/f3b82a096236e32f3cb63cbce13ffb3d?s=96&d=mm&r=g\",\"caption\":\"Sarah Roubato\"},\"sameAs\":[\"https:\/\/www.facebook.com\/SarahRubato\",\"https:\/\/twitter.com\/SarahRubato\"],\"url\":\"https:\/\/www.sarahroubato.com\/en\/author\/sarah\/\"}]}<\/script>\n<!-- \/ Yoast SEO plugin. -->","yoast_head_json":{"title":"Lettre \u00e0 la France ou les lions et les taupes - Sarah Roubato","robots":{"index":"index","follow":"follow","max-snippet":"max-snippet:-1","max-image-preview":"max-image-preview:large","max-video-preview":"max-video-preview:-1"},"canonical":"https:\/\/www.sarahroubato.com\/lettres\/lettrefrance\/","og_locale":"en_US","og_type":"article","og_title":"Lettre \u00e0 la France ou les lions et les taupes - Sarah Roubato","og_description":"Mon amie, ma s\u0153ur, ma m\u00e8re, Voil\u00e0 quelques temps que je te parcours et que je t\u2019observe. Avec un \u0153il qui te d\u00e9couvre, et un qui te retrouve. L\u2019\u0153il de l\u2019\u00e9tranger et l\u2019\u0153il de l\u2019enfant du pays. Car j\u2019ai eu la chance de te quitter un jour. Et de te revenir. Mon \u00e9trang\u00e8re, mon enfance. [&hellip;]","og_url":"https:\/\/www.sarahroubato.com\/lettres\/lettrefrance\/","og_site_name":"Sarah Roubato","article_author":"https:\/\/www.facebook.com\/SarahRubato","article_published_time":"2017-04-13T12:53:34+00:00","article_modified_time":"2020-05-16T18:23:10+00:00","og_image":[{"width":845,"height":655,"url":"https:\/\/www.sarahroubato.com\/wp-content\/uploads\/2017\/04\/Capture-d\u2019e\u0301cran-2017-04-13-a\u0300-21.48.591.png","type":"image\/png"}],"twitter_card":"summary","twitter_creator":"@SarahRubato","twitter_misc":{"Written by":"Sarah Roubato","Est. reading time":"30 minutes"},"schema":{"@context":"https:\/\/schema.org","@graph":[{"@type":"WebSite","@id":"https:\/\/www.sarahroubato.com\/#website","url":"https:\/\/www.sarahroubato.com\/","name":"Sarah Roubato","description":"Bring out the potential of people and society","potentialAction":[{"@type":"SearchAction","target":{"@type":"EntryPoint","urlTemplate":"https:\/\/www.sarahroubato.com\/?s={search_term_string}"},"query-input":"required name=search_term_string"}],"inLanguage":"en-US"},{"@type":"ImageObject","@id":"https:\/\/www.sarahroubato.com\/lettres\/lettrefrance\/#primaryimage","inLanguage":"en-US","url":"https:\/\/www.sarahroubato.com\/wp-content\/uploads\/2017\/04\/Capture-d\u2019e\u0301cran-2017-04-13-a\u0300-21.48.591.png","contentUrl":"https:\/\/www.sarahroubato.com\/wp-content\/uploads\/2017\/04\/Capture-d\u2019e\u0301cran-2017-04-13-a\u0300-21.48.591.png","width":845,"height":655},{"@type":"WebPage","@id":"https:\/\/www.sarahroubato.com\/lettres\/lettrefrance\/#webpage","url":"https:\/\/www.sarahroubato.com\/lettres\/lettrefrance\/","name":"Lettre \u00e0 la France ou les lions et les taupes - Sarah Roubato","isPartOf":{"@id":"https:\/\/www.sarahroubato.com\/#website"},"primaryImageOfPage":{"@id":"https:\/\/www.sarahroubato.com\/lettres\/lettrefrance\/#primaryimage"},"datePublished":"2017-04-13T12:53:34+00:00","dateModified":"2020-05-16T18:23:10+00:00","author":{"@id":"https:\/\/www.sarahroubato.com\/#\/schema\/person\/2685c6d7bef7b9e1a4080510ea89fc04"},"breadcrumb":{"@id":"https:\/\/www.sarahroubato.com\/lettres\/lettrefrance\/#breadcrumb"},"inLanguage":"en-US","potentialAction":[{"@type":"ReadAction","target":["https:\/\/www.sarahroubato.com\/lettres\/lettrefrance\/"]}]},{"@type":"BreadcrumbList","@id":"https:\/\/www.sarahroubato.com\/lettres\/lettrefrance\/#breadcrumb","itemListElement":[{"@type":"ListItem","position":1,"name":"Accueil","item":"https:\/\/www.sarahroubato.com\/"},{"@type":"ListItem","position":2,"name":"Lettre \u00e0 la France ou les lions et les taupes"}]},{"@type":"Person","@id":"https:\/\/www.sarahroubato.com\/#\/schema\/person\/2685c6d7bef7b9e1a4080510ea89fc04","name":"Sarah Roubato","image":{"@type":"ImageObject","@id":"https:\/\/www.sarahroubato.com\/#personlogo","inLanguage":"en-US","url":"https:\/\/secure.gravatar.com\/avatar\/f3b82a096236e32f3cb63cbce13ffb3d?s=96&d=mm&r=g","contentUrl":"https:\/\/secure.gravatar.com\/avatar\/f3b82a096236e32f3cb63cbce13ffb3d?s=96&d=mm&r=g","caption":"Sarah Roubato"},"sameAs":["https:\/\/www.facebook.com\/SarahRubato","https:\/\/twitter.com\/SarahRubato"],"url":"https:\/\/www.sarahroubato.com\/en\/author\/sarah\/"}]}},"jetpack_featured_media_url":"https:\/\/www.sarahroubato.com\/wp-content\/uploads\/2017\/04\/Capture-d\u2019e\u0301cran-2017-04-13-a\u0300-21.48.591.png","_links":{"self":[{"href":"https:\/\/www.sarahroubato.com\/en\/wp-json\/wp\/v2\/posts\/1479"}],"collection":[{"href":"https:\/\/www.sarahroubato.com\/en\/wp-json\/wp\/v2\/posts"}],"about":[{"href":"https:\/\/www.sarahroubato.com\/en\/wp-json\/wp\/v2\/types\/post"}],"author":[{"embeddable":true,"href":"https:\/\/www.sarahroubato.com\/en\/wp-json\/wp\/v2\/users\/2"}],"replies":[{"embeddable":true,"href":"https:\/\/www.sarahroubato.com\/en\/wp-json\/wp\/v2\/comments?post=1479"}],"version-history":[{"count":14,"href":"https:\/\/www.sarahroubato.com\/en\/wp-json\/wp\/v2\/posts\/1479\/revisions"}],"predecessor-version":[{"id":4406,"href":"https:\/\/www.sarahroubato.com\/en\/wp-json\/wp\/v2\/posts\/1479\/revisions\/4406"}],"wp:featuredmedia":[{"embeddable":true,"href":"https:\/\/www.sarahroubato.com\/en\/wp-json\/wp\/v2\/media\/1504"}],"wp:attachment":[{"href":"https:\/\/www.sarahroubato.com\/en\/wp-json\/wp\/v2\/media?parent=1479"}],"wp:term":[{"taxonomy":"category","embeddable":true,"href":"https:\/\/www.sarahroubato.com\/en\/wp-json\/wp\/v2\/categories?post=1479"},{"taxonomy":"post_tag","embeddable":true,"href":"https:\/\/www.sarahroubato.com\/en\/wp-json\/wp\/v2\/tags?post=1479"}],"curies":[{"name":"wp","href":"https:\/\/api.w.org\/{rel}","templated":true}]}}