
{"id":2408,"date":"2018-06-16T18:00:35","date_gmt":"2018-06-16T16:00:35","guid":{"rendered":"https:\/\/www.sarahroubato.com\/?p=2408"},"modified":"2021-04-15T08:19:42","modified_gmt":"2021-04-15T06:19:42","slug":"commun2","status":"publish","type":"post","link":"https:\/\/www.sarahroubato.com\/en\/analyses\/commun2\/","title":{"rendered":"Qu&#8217;avons-nous fait du commun ? 2\/3 Ce que peuvent les enfants de l&#8217;individualisme"},"content":{"rendered":"<p><em>Abandon du projet d\u2019a\u00e9roport \u00e0 Notre-Dame-des-Landes, mouvement Me Too, cri d\u2019alarme de 15 000 scientifiques sur le r\u00e9chauffement climatique, crise des r\u00e9fugi\u00e9s, Brexit, crise en Catalogne, ratification du CETA, cris de col\u00e8res dans les prisons et dans les maisons de retraite, 5COP21, gr\u00e8ves des cheminots, blocage des universit\u00e9s. Ces \u00e9v\u00e9nements n\u2019auraient-ils pas un air de famille\u00a0? Comme si quelque chose d\u2019essentiel se jouait que nous n\u2019arrivons pas \u00e0 nommer. Derri\u00e8re la complexit\u00e9 de chaque ph\u00e9nom\u00e8ne, la m\u00eame question se pose, patiente et ent\u00eat\u00e9e.<\/em><\/p>\n<p><a href=\"http:\/\/paypal.me\/sarahroubatofr\"><img loading=\"lazy\" class=\" wp-image-2591 aligncenter\" src=\"https:\/\/www.sarahroubato.com\/wp-content\/uploads\/2018\/06\/Capture-d\u2019e\u0301cran-2018-06-24-a\u0300-17.48.06.png\" alt=\"\" width=\"556\" height=\"280\" srcset=\"https:\/\/www.sarahroubato.com\/wp-content\/uploads\/2018\/06\/Capture-d\u2019e\u0301cran-2018-06-24-a\u0300-17.48.06.png 721w, https:\/\/www.sarahroubato.com\/wp-content\/uploads\/2018\/06\/Capture-d\u2019e\u0301cran-2018-06-24-a\u0300-17.48.06-150x76.png 150w, https:\/\/www.sarahroubato.com\/wp-content\/uploads\/2018\/06\/Capture-d\u2019e\u0301cran-2018-06-24-a\u0300-17.48.06-300x151.png 300w, https:\/\/www.sarahroubato.com\/wp-content\/uploads\/2018\/06\/Capture-d\u2019e\u0301cran-2018-06-24-a\u0300-17.48.06-600x302.png 600w\" sizes=\"(max-width: 556px) 100vw, 556px\" \/><\/a><\/p>\n<p><strong>R\u00e9inventer son rapport au monde\u00a0<\/strong><\/p>\n<p>L\u2019individu contemporain est en qu\u00eate d\u2019un nouveau rapport au monde. \u00catre autre chose qu\u2019un consommateur vou\u00e9 \u00e0 engraisser la machine qui l\u2019ali\u00e8ne. Les manifestations de cette recherche sont vari\u00e9es. Le ph\u00e9nom\u00e8ne des voyages en solitaire du globetrotter est en pleine expansion\u00a0partout dans le monde : des jeunes de vingt \u00e0 trente ans partent en solitaire pour des mois arpenter les continents, sans autre but que la rencontre. Les artistes itin\u00e9rants, les biblioth\u00e8ques ambulantes, les camions-cin\u00e9ma, r\u00e9inventent le troubadour et permettent \u00e0 l\u2019art de r\u00e9investir les espaces d\u00e9sert\u00e9s par l\u2019industrie culturelle. Les formations de d\u00e9veloppement personnel foisonnent et tentent de r\u00e9soudre les angoisses li\u00e9es \u00e0 la perte de sens et \u00e0 l\u2019effritement des liens sociaux. De nouvelles formes de religiosit\u00e9s empruntant \u00e0 diff\u00e9rentes traditions se d\u00e9veloppent tr\u00e8s vite dans les pays occidentaux, rempla\u00e7ant Dieu par le Cosmos, le Grand Tout, la Nature, la Vie<a href=\"#_ftn1\" name=\"_ftnref\"><em>[1]<\/em><\/a>, o\u00f9 chacun se fabrique sa propre spiritualit\u00e9.<\/p>\n<p>Nous sommes les enfants d\u2019un individualisme o\u00f9 chacun est to<a href=\"https:\/\/www.sarahroubato.com\/wp-content\/uploads\/2018\/01\/construction-semeurs.jpg\"><img loading=\"lazy\" class=\"alignright wp-image-2208\" src=\"https:\/\/www.sarahroubato.com\/wp-content\/uploads\/2018\/01\/construction-semeurs.jpg\" alt=\"construction semeurs\" width=\"405\" height=\"364\" srcset=\"https:\/\/www.sarahroubato.com\/wp-content\/uploads\/2018\/01\/construction-semeurs.jpg 880w, https:\/\/www.sarahroubato.com\/wp-content\/uploads\/2018\/01\/construction-semeurs-150x135.jpg 150w, https:\/\/www.sarahroubato.com\/wp-content\/uploads\/2018\/01\/construction-semeurs-300x269.jpg 300w, https:\/\/www.sarahroubato.com\/wp-content\/uploads\/2018\/01\/construction-semeurs-600x539.jpg 600w\" sizes=\"(max-width: 405px) 100vw, 405px\" \/><\/a>urn\u00e9 vers la satisfaction d\u2019un d\u00e9sir priv\u00e9. La plupart de nos d\u00e9sirs passe par la\u00a0consommation d\u2019un bien, d\u2019un paysage, d\u2019un spectacle, d\u2019un instant, d\u2019un savoir, c\u2019est \u00e0 dire de la jouissance imm\u00e9diate, facile et reproductible, qui nous satisfait sur le court-terme et que nous avons besoin de reproduire rapidement. Nous avons d\u00e9velopp\u00e9 une \u00e9tonnante capacit\u00e9 \u00e0 passer rapidement d\u2019une satisfaction \u00e0 l\u2019autre, et \u00e0 retourner rapidement \u00e0 notre condition, sans avoir donn\u00e9 \u00e0 ce que nous venons de vivre la chance de faire germer quelque chose de nouveau en nous. Nous sacralisons des valeurs dans des f\u00eates que nous consommons dans un espace-temps bien d\u00e9limit\u00e9. Ainsi sommes-nous une nation le temps d\u2019un 11 janvier, une famille le 24 d\u00e9cembre, des citoyens le temps d\u2019une \u00e9lection. La remise en question elle-m\u00eame de la consommation s\u2019arr\u00eate aux portes de l\u2019histoire individuelle. On entend souvent cit\u00e9 le fameux <em>Chacun fait sa part<\/em> des Colibris pour dire que je fais ce que je peux, et tout ce que je peux, c\u2019est agir dans mon p\u00e9rim\u00e8tre d\u2019action individuelle<a href=\"#_ftn2\" name=\"_ftnref\">[2]<\/a>.\u00a0 C\u2019est oublier la contagion de l\u2019action du colibri.<\/p>\n<p><a href=\"https:\/\/www.sarahroubato.com\/wp-content\/uploads\/2018\/05\/Capture-d\u2019e\u0301cran-2018-05-12-a\u0300-10.51.00.png\"><img loading=\"lazy\" class=\" wp-image-2414 alignleft\" src=\"https:\/\/www.sarahroubato.com\/wp-content\/uploads\/2018\/05\/Capture-d\u2019e\u0301cran-2018-05-12-a\u0300-10.51.00.png\" alt=\"Capture d\u2019e\u0301cran 2018-05-12 a\u0300 10.51.00\" width=\"878\" height=\"66\" srcset=\"https:\/\/www.sarahroubato.com\/wp-content\/uploads\/2018\/05\/Capture-d\u2019e\u0301cran-2018-05-12-a\u0300-10.51.00.png 838w, https:\/\/www.sarahroubato.com\/wp-content\/uploads\/2018\/05\/Capture-d\u2019e\u0301cran-2018-05-12-a\u0300-10.51.00-150x11.png 150w, https:\/\/www.sarahroubato.com\/wp-content\/uploads\/2018\/05\/Capture-d\u2019e\u0301cran-2018-05-12-a\u0300-10.51.00-300x23.png 300w, https:\/\/www.sarahroubato.com\/wp-content\/uploads\/2018\/05\/Capture-d\u2019e\u0301cran-2018-05-12-a\u0300-10.51.00-600x45.png 600w\" sizes=\"(max-width: 878px) 100vw, 878px\" \/><\/a><\/p>\n<p>&nbsp;<\/p>\n<p>&nbsp;<\/p>\n<p>(\u00catre un colibri, qu\u2019est-ce que c\u2019est\u00a0?)<\/p>\n<p><strong>\u00c0 quoi sert de savoir\u00a0? Il y a un besoin, mais pas de demande<\/strong><\/p>\n<p>L<a href=\"https:\/\/www.sarahroubato.com\/wp-content\/uploads\/2018\/05\/Capture-d\u2019e\u0301cran-2018-05-13-a\u0300-00.51.20.png\"><img loading=\"lazy\" class=\"alignright wp-image-2442\" src=\"https:\/\/www.sarahroubato.com\/wp-content\/uploads\/2018\/05\/Capture-d\u2019e\u0301cran-2018-05-13-a\u0300-00.51.20-1024x640.png\" alt=\"Capture d\u2019e\u0301cran 2018-05-13 a\u0300 00.51.20\" width=\"400\" height=\"250\" srcset=\"https:\/\/www.sarahroubato.com\/wp-content\/uploads\/2018\/05\/Capture-d\u2019e\u0301cran-2018-05-13-a\u0300-00.51.20-1024x640.png 1024w, https:\/\/www.sarahroubato.com\/wp-content\/uploads\/2018\/05\/Capture-d\u2019e\u0301cran-2018-05-13-a\u0300-00.51.20-150x94.png 150w, https:\/\/www.sarahroubato.com\/wp-content\/uploads\/2018\/05\/Capture-d\u2019e\u0301cran-2018-05-13-a\u0300-00.51.20-300x188.png 300w, https:\/\/www.sarahroubato.com\/wp-content\/uploads\/2018\/05\/Capture-d\u2019e\u0301cran-2018-05-13-a\u0300-00.51.20-600x375.png 600w, https:\/\/www.sarahroubato.com\/wp-content\/uploads\/2018\/05\/Capture-d\u2019e\u0301cran-2018-05-13-a\u0300-00.51.20.png 1280w\" sizes=\"(max-width: 400px) 100vw, 400px\" \/><\/a>e livre de St\u00e9phane Hessel <em>Indignez-vous\u00a0! <\/em>s\u2019est vendu \u00e0 quatre millions d\u2019exemplaires en un an. Pourtant, aucun boycott g\u00e9n\u00e9ralis\u00e9, aucune r\u00e9volution, aucune descente de milliers de citoyens dans la rue pour emp\u00eacher la signature du CETA ou du TAFTA, aucune r\u00e9action de masse au cri d\u2019alarme des 15 00 scientifiques sur le r\u00e9chauffement climatique. Nous descendons dans la rue pour r\u00e9clamer le peu que le syst\u00e8me nous laisse pour survivre, colmatant les br\u00e8ches d\u2019un monde en train de se fissurer. Mais jamais nous ne faisons appel \u00e0 notre v\u00e9ritable arme\u00a0: notre pouvoir de consommateur.<\/p>\n<p>Il y a un besoin d\u2019autre chose, mais il n\u2019y a pas de demande. La demande supposerait de pouvoir formuler le besoin, de croire en l\u2019action collective, et de retrouver la volont\u00e9 de puissance de l\u2019individu. Mais nous restons enferm\u00e9s dans une dualit\u00e9 individu\/collectivit\u00e9, o\u00f9 les uns envisagent l\u2019individu comme un \u00e9lectron isol\u00e9 dont les choix et les aspirations na\u00eetraient de lui-m\u00eame, et o\u00f9 les autres, souhaitant retrouver du collectif, ne peut convoquer que les structures malades de la nation ou de la communaut\u00e9 religieuse.<\/p>\n<div style=\"position: relative; height: 0; padding-bottom: 56.25%;\"><iframe loading=\"lazy\" style=\"position: absolute; width: 775px; height: 436px; left: 0px;\" src=\"https:\/\/www.youtube.com\/embed\/y8-IpCzwKUE?ecver=2\" width=\"320\" height=\"180\" frameborder=\"0\" allowfullscreen=\"allowfullscreen\"><\/iframe><\/div>\n<p>Les informations ne manquent pas sur la mainmise des multinationales, la corruption des syst\u00e8mes de grande consommation, les m\u00e9dicaments dangereux ou inutiles, les impasses de l\u2019\u00e9cole, des services publics et de nos organisations politiques, les d\u00e9r\u00e8glements de tous les syst\u00e8mes vivants et du climat, la d\u00e9vastation de notre sant\u00e9 par ce que nous mangeons et respirons. Jamais nous n\u2019avons aussi bien su ce qu\u2019il se passe autour de nous et partout sur la plan\u00e8te. Nous n\u2019ignorons plus, mais nous pratiquons l\u2019ignorance volontaire. Pas seulement pour survivre au flot d\u2019informations, mais parce que en mesurer les cons\u00e9quences remettrait en question notre mode de vie jusque dans ses plus petits gestes.\u00a0L\u2019id\u00e9al des Lumi\u00e8res est avort\u00e9\u00a0: le savoir ne permet pas de lutter contre l\u2019ali\u00e9nation. Au contraire, il la rend plus monstrueuse, car consentie en pleine conscience. Le non savoir (<em>das nichtwissen <\/em>en allemand) a laiss\u00e9 place \u00e0 l\u2019ignorance volontaire (<em>das totschweigen<\/em>). Quelque chose nous emp\u00eache de passer du savoir \u00e0 la conscience, c\u2019est-\u00e0-dire d\u2019une information enregistr\u00e9e, \u00e0 son int\u00e9gration dans une d\u00e9marche.<\/p>\n<p><strong>Changer nos repr\u00e9sentations pour envisager d\u2019autres possibles<\/strong><\/p>\n<p>Si <em>Nuit Debout <\/em>a r\u00e9v\u00e9l\u00e9 \u00e0 beaucoup qu\u2019ils n\u2019\u00e9taient pas seuls \u00e0 aspirer \u00e0 une autre soci\u00e9t\u00e9, il a aussi r\u00e9v\u00e9l\u00e9 \u00e0 quel point nous ne savons plus penser un commun. Dans les grandes villes, les assembl\u00e9es g\u00e9n\u00e9rales \u00e9taient davantage des espaces de lib\u00e9ration de paroles individuelles que des ar\u00e8nes de construction d\u2019un projet commun. Chacun y venait avec sa frustration, son opinion, sa revendication, dans les sacro saintes trois minutes, puis laissait place \u00e0 un autre t\u00e9moignage. L\u2019obsession de l\u2019\u00e9galitarisme et le rejet de toute forme de repr\u00e9sentation annulait toute possibilit\u00e9 d\u2019\u00e9chafauder un commun. Car dans toute construction collective, il y a une diff\u00e9renciation des individus en fonction de leurs capacit\u00e9s et de leurs savoir-faires.<\/p>\n<p>Il doit \u00eatre possible pour l\u2019homme de ce mill\u00e9naire de retrouver une individualit\u00e9 qui soit consciente de son int\u00e9gration \u00e0 quelque chose de plus grand, qu\u2019il faudra sans doute red\u00e9finir. Entre le repli sur son exp\u00e9rience singuli\u00e8re et l\u2019incapacit\u00e9 \u00e0 penser un <em>nous<\/em>, il faut trouver autre chose. C\u2019est peut-\u00eatre l\u00e0 que r\u00e9sidera notre plus belle individualit\u00e9\u00a0: celle qui s\u2019int\u00e8gre, qui est pr\u00e9sente au paysage qu\u2019elle traverse, aux autres qui sont \u00e0 c\u00f4t\u00e9, au vivant que chacun de nos gestes impacte. Un individu qui serait incapable de parler fort au t\u00e9l\u00e9phone dans le m\u00e9tro parce qu\u2019il sait que d\u2019autres personnes sont \u00e0 c\u00f4t\u00e9, qui s\u2019\u00e9loignerait pour fumer en faisant la file d\u2019attente, qui ne d\u00e9vasterait pas un buisson de m\u00fbres ou de fleurs sauvages quand il se ballade, qui serait conscient \u00e0 chaque fois qu\u2019il ach\u00e8te quelque chose de ce qu\u2019il encourage. Retrouver cette esp\u00e8ce de petite libert\u00e9 dont parlait Brassens.<\/p>\n<p><iframe loading=\"lazy\" src=\"https:\/\/www.mixcloud.com\/widget\/iframe\/?hide_cover=1&amp;light=1&amp;feed=%2FSarahRoubato%2Fbrassens-cette-esp%C3%A8ce-de-petite-libert%C3%A9%2F\" width=\"100%\" height=\"120\" frameborder=\"0\"><\/iframe>Cet \u00e9quilibre \u00e0 trouver entre individualit\u00e9 et commun se manifeste dans ces nouvelles formes de mise en commun qui sont exp\u00e9riment\u00e9es partout dans le monde. Certaines font \u00e0 pr\u00e9sent partie de notre quotidien\u00a0: colocations, covoiturage, \u00e9changes de service, monnaies locales et virtuelles, caf\u00e9s associatifs, concerts priv\u00e9s. Les particuliers se r\u00e9approprient des actions d\u00e9tenues par des entreprises ou des institutions. Et tant pis si beaucoup sont raval\u00e9es par l\u2019\u00e9conomie de march\u00e9 via des services en ligne qui font des millions. Les chantiers participatifs, les \u00e9covillages, les r\u00e9sidences interg\u00e9n\u00e9rationnelles, les \u00e9coles parentales, sont autant d\u2019exp\u00e9rimentations collectives qui pourront servir de base pour inventer de nouvelles organisations sociales<a href=\"#_ftn3\" name=\"_ftnref\">[3]<\/a>.<\/p>\n<p>Mais nous sommes les enfants de l\u2019individualisme. Tout commence par un petit r\u00eave \u00e0 soi et pour soi. Chacun dans son coin creuse. Certains tunnels finissent par se croiser et d\u00e9couvrent une galerie, qu\u2019ils appellent <em>vivre-ensemble<\/em> ou <em>collectif.<\/em> Mais au moindre coup de grisou, ils se d\u00e9font et chacun retourne dans son coin. Pour que ces initiatives ne restent pas une succession de bulles isol\u00e9es, il nous faut retrouver un r\u00e9cit commun. Ce travail est celui de ceux qui racontent notre soci\u00e9t\u00e9\u00a0: les m\u00e9dias, les artistes et les chercheurs, malheureusement soumis \u00e0 l\u2019\u00e9conomie de march\u00e9 et au zapping. Notre responsabilit\u00e9 est grande pour encourager ceux qui en sortent. Ceux qui racontent notre monde construisent notre repr\u00e9sentation du monde dans lequel nous vivons. Et cette repr\u00e9sentation forge nos opinions, nos espoirs, et les possibles que nous envisageons. Si les m\u00e9dias nous montraient ceux qui pr\u00e9parent d\u2019autres mani\u00e8res de cultiver, de manger, de se soigner, de fabriquer, d\u2019\u00e9duquer, nos vies en seraient profond\u00e9ment chang\u00e9es. Il ne tient qu\u2019\u00e0 nous de nous r\u00e9approprier le pouvoir de les faire changer, en choisissant ceux que nous \u00e9coutons, que nous lisons, que nous regardons, et en laissant les autres \u00e0 leur qu\u00eate du sensationnel, de l\u2019information et de l\u2019exotique.\u00a0Et de parler des semeurs du changement, sans en faire des personnages lointains, de mani\u00e8re \u00e0 ce que chacun puisse se dire qu\u2019il pourrait s\u2019y mettre.<\/p>\n<p><a href=\"https:\/\/www.sarahroubato.com\/wp-content\/uploads\/2018\/05\/Capture-d\u2019e\u0301cran-2018-01-24-a\u0300-11.33.55.png\"><img loading=\"lazy\" class=\" size-full wp-image-2436 aligncenter\" src=\"https:\/\/www.sarahroubato.com\/wp-content\/uploads\/2018\/05\/Capture-d\u2019e\u0301cran-2018-01-24-a\u0300-11.33.55.png\" alt=\"Capture d\u2019e\u0301cran 2018-01-24 a\u0300 11.33.55\" width=\"593\" height=\"224\" srcset=\"https:\/\/www.sarahroubato.com\/wp-content\/uploads\/2018\/05\/Capture-d\u2019e\u0301cran-2018-01-24-a\u0300-11.33.55.png 593w, https:\/\/www.sarahroubato.com\/wp-content\/uploads\/2018\/05\/Capture-d\u2019e\u0301cran-2018-01-24-a\u0300-11.33.55-150x57.png 150w, https:\/\/www.sarahroubato.com\/wp-content\/uploads\/2018\/05\/Capture-d\u2019e\u0301cran-2018-01-24-a\u0300-11.33.55-300x113.png 300w\" sizes=\"(max-width: 593px) 100vw, 593px\" \/><\/a><br \/>\n<iframe loading=\"lazy\" src=\"https:\/\/www.mixcloud.com\/widget\/iframe\/?hide_cover=1&amp;light=1&amp;feed=%2FSarahRoubato%2Fjacques-gamblin-offrez-nous-de-beaux-exemples-nous-avons-besoin-dadmirer-pour-imiter%2F\" width=\"100%\" height=\"120\" frameborder=\"0\"><\/iframe>Cette qu\u00eate est la n\u00f4tre, mais elle ne sera pas pour nous. Elle ne peut \u00eatre que pour les g\u00e9n\u00e9rations \u00e0 venir. Ceux qui se battent pour pouvoir planter des arbres sur une terre savent qu\u2019ils n\u2019en go\u00fbteront pas les fruits. Tout ce que peuvent les enfants de l\u2019individualisme, c\u2019est pr\u00e9parer les prochains \u00e0 \u00eatre les enfants d\u2019une nouvelle mani\u00e8re d\u2019\u00eatre au monde. C\u2019est notre fardeau, et c\u2019est notre force.<\/p>\n<p>Premi\u00e8re partie de cet article <strong><a href=\"https:\/\/www.sarahroubato.com\/po\/commun1\">ici<\/a>,\u00a0<\/strong>Troisi\u00e8me partie \u00e0 suivre&#8230;<\/p>\n<p>Sarah Roubato a publi\u00e9 :<\/p>\n<p><a href=\"http:\/\/www.michel-lafon.fr\/livre\/1687-Lettres_a_ma_generation.html\"><em><img loading=\"lazy\" class=\" wp-image-1091 alignleft\" src=\"https:\/\/www.sarahroubato.com\/wp-content\/uploads\/2016\/02\/livre-sarah-103x150.jpg\" alt=\"livre sarah\" width=\"129\" height=\"188\" srcset=\"https:\/\/www.sarahroubato.com\/wp-content\/uploads\/2016\/02\/livre-sarah-103x150.jpg 103w, https:\/\/www.sarahroubato.com\/wp-content\/uploads\/2016\/02\/livre-sarah-205x300.jpg 205w, https:\/\/www.sarahroubato.com\/wp-content\/uploads\/2016\/02\/livre-sarah.jpg 341w\" sizes=\"(max-width: 129px) 100vw, 129px\" \/><\/em><\/a>Cliquez <strong><a href=\"https:\/\/mrmondialisation.org\/sarah-roubato-lettres-a-ma-generation\/\" target=\"_blank\" rel=\"noopener noreferrer\">ici\u00a0<\/a><\/strong>pour en savoir plus et lire des extraits. Cliquez sur le livre pour le commander directement chez l&#8217;\u00e9diteur.<\/p>\n<p>&nbsp;<\/p>\n<p>&nbsp;<\/p>\n<p>&nbsp;<\/p>\n<p>&nbsp;<\/p>\n<p><a href=\"https:\/\/www.sarahroubato.com\/oeuvres\/trouveleverbesonore\/\"><img loading=\"lazy\" class=\" wp-image-2348 alignleft\" src=\"https:\/\/www.sarahroubato.com\/wp-content\/uploads\/2017\/12\/couv-Nage-de-lourse-662x1024.jpg\" alt=\"\" width=\"142\" height=\"219\" srcset=\"https:\/\/www.sarahroubato.com\/wp-content\/uploads\/2017\/12\/couv-Nage-de-lourse-662x1024.jpg 662w, https:\/\/www.sarahroubato.com\/wp-content\/uploads\/2017\/12\/couv-Nage-de-lourse-97x150.jpg 97w, https:\/\/www.sarahroubato.com\/wp-content\/uploads\/2017\/12\/couv-Nage-de-lourse-194x300.jpg 194w, https:\/\/www.sarahroubato.com\/wp-content\/uploads\/2017\/12\/couv-Nage-de-lourse-600x928.jpg 600w, https:\/\/www.sarahroubato.com\/wp-content\/uploads\/2017\/12\/couv-Nage-de-lourse.jpg 779w\" sizes=\"(max-width: 142px) 100vw, 142px\" \/><\/a><\/p>\n<p>Cliquez\u00a0<strong><a href=\"https:\/\/lanagedelourse.fr\/Sarah_Roubato01.html\">ici\u00a0<\/a><\/strong>pour commander le livre (6.50 euros)<\/p>\n<p>&nbsp;<\/p>\n<p>&nbsp;<\/p>\n<p>&nbsp;<\/p>\n<p>&nbsp;<\/p>\n<p>&nbsp;<\/p>\n<p><a href=\"#_ftnref\" name=\"_ftn1\">[1]<\/a> https:\/\/www.ladepeche.fr\/article\/2017\/11\/26\/2692404-meuse-derniere-demeure-pour-dechets-radioactifs.html<\/p>\n<p><a href=\"#_ftnref\" name=\"_ftn1\">[1]<\/a> <a href=\"http:\/\/www.ceetum.umontreal.ca\/documents\/capsules\/2012\/croyances-pratiques-2012.pdf\">http:\/\/www.ceetum.umontreal.ca\/documents\/capsules\/2012\/croyances-pratiques-2012.pdf<\/a>\u00a0&#8220;Les individus se tournent de pr\u00e9f\u00e9rence vers des groupes religieux qui accordent la priorit\u00e9 \u00e0 l\u2019exp\u00e9rience personnelle et \u00e0 la relation directe avec Dieu, sans interm\u00e9diaire institutionnel (\u2026) pour donner du sens aux d\u00e9fis de la vie moderne (rupture, ch\u00f4mage, souffrance sociale et physique, \u00e9loignement g\u00e9ographique&#8221;<\/p>\n<p><a href=\"#_ftnref\" name=\"_ftn2\">[2]<\/a> \u00ab\u00a0Colibris s\u2019est donn\u00e9 pour mission d\u2019inspirer, relier et soutenir les citoyens engag\u00e9s dans une d\u00e9marche de transition individuelle et collective.\u00a0\u00bb<\/p>\n<p><a href=\"#_ftnref\" name=\"_ftn3\">[3]<\/a> Pour beaucoup, elles sont la r\u00e9surgence de pratiques qui \u00e9taient courantes il y a encore un si\u00e8cle pour lesquelles on n\u2019avait pas de nom tant elles relevaient du bon sens.<\/p>","protected":false},"excerpt":{"rendered":"<p>Abandon du projet d\u2019a\u00e9roport \u00e0 Notre-Dame-des-Landes, mouvement Me Too, cri d\u2019alarme de 15 000 scientifiques sur le r\u00e9chauffement climatique, crise des r\u00e9fugi\u00e9s, Brexit, crise en Catalogne, ratification du CETA, cris de col\u00e8res dans les prisons et dans les maisons de retraite, 5COP21, gr\u00e8ves des cheminots, blocage des universit\u00e9s. Ces \u00e9v\u00e9nements n\u2019auraient-ils pas un air de [&hellip;]<\/p>\n","protected":false},"author":2,"featured_media":2556,"comment_status":"open","ping_status":"open","sticky":false,"template":"","format":"standard","meta":{"spay_email":""},"categories":[19],"tags":[],"acf":[],"yoast_head":"<!-- This site is optimized with the Yoast SEO plugin v18.4.1 - https:\/\/yoast.com\/wordpress\/plugins\/seo\/ -->\n<title>Qu&#039;avons-nous fait du commun ? 2\/3 Ce que peuvent les enfants de l&#039;individualisme - Sarah Roubato<\/title>\n<meta name=\"robots\" content=\"index, follow, max-snippet:-1, max-image-preview:large, max-video-preview:-1\" \/>\n<link rel=\"canonical\" href=\"https:\/\/www.sarahroubato.com\/analyses\/commun2\/\" \/>\n<meta property=\"og:locale\" content=\"en_US\" \/>\n<meta property=\"og:type\" content=\"article\" \/>\n<meta property=\"og:title\" content=\"Qu&#039;avons-nous fait du commun ? 2\/3 Ce que peuvent les enfants de l&#039;individualisme - Sarah Roubato\" \/>\n<meta property=\"og:description\" content=\"Abandon du projet d\u2019a\u00e9roport \u00e0 Notre-Dame-des-Landes, mouvement Me Too, cri d\u2019alarme de 15 000 scientifiques sur le r\u00e9chauffement climatique, crise des r\u00e9fugi\u00e9s, Brexit, crise en Catalogne, ratification du CETA, cris de col\u00e8res dans les prisons et dans les maisons de retraite, 5COP21, gr\u00e8ves des cheminots, blocage des universit\u00e9s. Ces \u00e9v\u00e9nements n\u2019auraient-ils pas un air de [&hellip;]\" \/>\n<meta property=\"og:url\" content=\"https:\/\/www.sarahroubato.com\/analyses\/commun2\/\" \/>\n<meta property=\"og:site_name\" content=\"Sarah Roubato\" \/>\n<meta property=\"article:author\" content=\"https:\/\/www.facebook.com\/SarahRubato\" \/>\n<meta property=\"article:published_time\" content=\"2018-06-16T16:00:35+00:00\" \/>\n<meta property=\"article:modified_time\" content=\"2021-04-15T06:19:42+00:00\" \/>\n<meta property=\"og:image\" content=\"https:\/\/www.sarahroubato.com\/wp-content\/uploads\/2018\/06\/foule-3d.jpg\" \/>\n\t<meta property=\"og:image:width\" content=\"640\" \/>\n\t<meta property=\"og:image:height\" content=\"355\" \/>\n\t<meta property=\"og:image:type\" content=\"image\/jpeg\" \/>\n<meta name=\"twitter:card\" content=\"summary\" \/>\n<meta name=\"twitter:creator\" content=\"@SarahRubato\" \/>\n<meta name=\"twitter:label1\" content=\"Written by\" \/>\n\t<meta name=\"twitter:data1\" content=\"Sarah Roubato\" \/>\n\t<meta name=\"twitter:label2\" content=\"Est. reading time\" \/>\n\t<meta name=\"twitter:data2\" content=\"28 minutes\" \/>\n<script type=\"application\/ld+json\" class=\"yoast-schema-graph\">{\"@context\":\"https:\/\/schema.org\",\"@graph\":[{\"@type\":\"WebSite\",\"@id\":\"https:\/\/www.sarahroubato.com\/#website\",\"url\":\"https:\/\/www.sarahroubato.com\/\",\"name\":\"Sarah Roubato\",\"description\":\"Bring out the potential of people and society\",\"potentialAction\":[{\"@type\":\"SearchAction\",\"target\":{\"@type\":\"EntryPoint\",\"urlTemplate\":\"https:\/\/www.sarahroubato.com\/?s={search_term_string}\"},\"query-input\":\"required name=search_term_string\"}],\"inLanguage\":\"en-US\"},{\"@type\":\"ImageObject\",\"@id\":\"https:\/\/www.sarahroubato.com\/analyses\/commun2\/#primaryimage\",\"inLanguage\":\"en-US\",\"url\":\"https:\/\/www.sarahroubato.com\/wp-content\/uploads\/2018\/06\/foule-3d.jpg\",\"contentUrl\":\"https:\/\/www.sarahroubato.com\/wp-content\/uploads\/2018\/06\/foule-3d.jpg\",\"width\":640,\"height\":355},{\"@type\":\"WebPage\",\"@id\":\"https:\/\/www.sarahroubato.com\/analyses\/commun2\/#webpage\",\"url\":\"https:\/\/www.sarahroubato.com\/analyses\/commun2\/\",\"name\":\"Qu'avons-nous fait du commun ? 2\/3 Ce que peuvent les enfants de l'individualisme - Sarah Roubato\",\"isPartOf\":{\"@id\":\"https:\/\/www.sarahroubato.com\/#website\"},\"primaryImageOfPage\":{\"@id\":\"https:\/\/www.sarahroubato.com\/analyses\/commun2\/#primaryimage\"},\"datePublished\":\"2018-06-16T16:00:35+00:00\",\"dateModified\":\"2021-04-15T06:19:42+00:00\",\"author\":{\"@id\":\"https:\/\/www.sarahroubato.com\/#\/schema\/person\/2685c6d7bef7b9e1a4080510ea89fc04\"},\"breadcrumb\":{\"@id\":\"https:\/\/www.sarahroubato.com\/analyses\/commun2\/#breadcrumb\"},\"inLanguage\":\"en-US\",\"potentialAction\":[{\"@type\":\"ReadAction\",\"target\":[\"https:\/\/www.sarahroubato.com\/analyses\/commun2\/\"]}]},{\"@type\":\"BreadcrumbList\",\"@id\":\"https:\/\/www.sarahroubato.com\/analyses\/commun2\/#breadcrumb\",\"itemListElement\":[{\"@type\":\"ListItem\",\"position\":1,\"name\":\"Accueil\",\"item\":\"https:\/\/www.sarahroubato.com\/\"},{\"@type\":\"ListItem\",\"position\":2,\"name\":\"Qu&rsquo;avons-nous fait du commun ? 2\/3 Ce que peuvent les enfants de l&rsquo;individualisme\"}]},{\"@type\":\"Person\",\"@id\":\"https:\/\/www.sarahroubato.com\/#\/schema\/person\/2685c6d7bef7b9e1a4080510ea89fc04\",\"name\":\"Sarah Roubato\",\"image\":{\"@type\":\"ImageObject\",\"@id\":\"https:\/\/www.sarahroubato.com\/#personlogo\",\"inLanguage\":\"en-US\",\"url\":\"https:\/\/secure.gravatar.com\/avatar\/f3b82a096236e32f3cb63cbce13ffb3d?s=96&d=mm&r=g\",\"contentUrl\":\"https:\/\/secure.gravatar.com\/avatar\/f3b82a096236e32f3cb63cbce13ffb3d?s=96&d=mm&r=g\",\"caption\":\"Sarah Roubato\"},\"sameAs\":[\"https:\/\/www.facebook.com\/SarahRubato\",\"https:\/\/twitter.com\/SarahRubato\"],\"url\":\"https:\/\/www.sarahroubato.com\/en\/author\/sarah\/\"}]}<\/script>\n<!-- \/ Yoast SEO plugin. -->","yoast_head_json":{"title":"Qu'avons-nous fait du commun ? 2\/3 Ce que peuvent les enfants de l'individualisme - Sarah Roubato","robots":{"index":"index","follow":"follow","max-snippet":"max-snippet:-1","max-image-preview":"max-image-preview:large","max-video-preview":"max-video-preview:-1"},"canonical":"https:\/\/www.sarahroubato.com\/analyses\/commun2\/","og_locale":"en_US","og_type":"article","og_title":"Qu'avons-nous fait du commun ? 2\/3 Ce que peuvent les enfants de l'individualisme - Sarah Roubato","og_description":"Abandon du projet d\u2019a\u00e9roport \u00e0 Notre-Dame-des-Landes, mouvement Me Too, cri d\u2019alarme de 15 000 scientifiques sur le r\u00e9chauffement climatique, crise des r\u00e9fugi\u00e9s, Brexit, crise en Catalogne, ratification du CETA, cris de col\u00e8res dans les prisons et dans les maisons de retraite, 5COP21, gr\u00e8ves des cheminots, blocage des universit\u00e9s. Ces \u00e9v\u00e9nements n\u2019auraient-ils pas un air de [&hellip;]","og_url":"https:\/\/www.sarahroubato.com\/analyses\/commun2\/","og_site_name":"Sarah Roubato","article_author":"https:\/\/www.facebook.com\/SarahRubato","article_published_time":"2018-06-16T16:00:35+00:00","article_modified_time":"2021-04-15T06:19:42+00:00","og_image":[{"width":640,"height":355,"url":"https:\/\/www.sarahroubato.com\/wp-content\/uploads\/2018\/06\/foule-3d.jpg","type":"image\/jpeg"}],"twitter_card":"summary","twitter_creator":"@SarahRubato","twitter_misc":{"Written by":"Sarah Roubato","Est. reading time":"28 minutes"},"schema":{"@context":"https:\/\/schema.org","@graph":[{"@type":"WebSite","@id":"https:\/\/www.sarahroubato.com\/#website","url":"https:\/\/www.sarahroubato.com\/","name":"Sarah Roubato","description":"Bring out the potential of people and society","potentialAction":[{"@type":"SearchAction","target":{"@type":"EntryPoint","urlTemplate":"https:\/\/www.sarahroubato.com\/?s={search_term_string}"},"query-input":"required name=search_term_string"}],"inLanguage":"en-US"},{"@type":"ImageObject","@id":"https:\/\/www.sarahroubato.com\/analyses\/commun2\/#primaryimage","inLanguage":"en-US","url":"https:\/\/www.sarahroubato.com\/wp-content\/uploads\/2018\/06\/foule-3d.jpg","contentUrl":"https:\/\/www.sarahroubato.com\/wp-content\/uploads\/2018\/06\/foule-3d.jpg","width":640,"height":355},{"@type":"WebPage","@id":"https:\/\/www.sarahroubato.com\/analyses\/commun2\/#webpage","url":"https:\/\/www.sarahroubato.com\/analyses\/commun2\/","name":"Qu'avons-nous fait du commun ? 2\/3 Ce que peuvent les enfants de l'individualisme - Sarah Roubato","isPartOf":{"@id":"https:\/\/www.sarahroubato.com\/#website"},"primaryImageOfPage":{"@id":"https:\/\/www.sarahroubato.com\/analyses\/commun2\/#primaryimage"},"datePublished":"2018-06-16T16:00:35+00:00","dateModified":"2021-04-15T06:19:42+00:00","author":{"@id":"https:\/\/www.sarahroubato.com\/#\/schema\/person\/2685c6d7bef7b9e1a4080510ea89fc04"},"breadcrumb":{"@id":"https:\/\/www.sarahroubato.com\/analyses\/commun2\/#breadcrumb"},"inLanguage":"en-US","potentialAction":[{"@type":"ReadAction","target":["https:\/\/www.sarahroubato.com\/analyses\/commun2\/"]}]},{"@type":"BreadcrumbList","@id":"https:\/\/www.sarahroubato.com\/analyses\/commun2\/#breadcrumb","itemListElement":[{"@type":"ListItem","position":1,"name":"Accueil","item":"https:\/\/www.sarahroubato.com\/"},{"@type":"ListItem","position":2,"name":"Qu&rsquo;avons-nous fait du commun ? 2\/3 Ce que peuvent les enfants de l&rsquo;individualisme"}]},{"@type":"Person","@id":"https:\/\/www.sarahroubato.com\/#\/schema\/person\/2685c6d7bef7b9e1a4080510ea89fc04","name":"Sarah Roubato","image":{"@type":"ImageObject","@id":"https:\/\/www.sarahroubato.com\/#personlogo","inLanguage":"en-US","url":"https:\/\/secure.gravatar.com\/avatar\/f3b82a096236e32f3cb63cbce13ffb3d?s=96&d=mm&r=g","contentUrl":"https:\/\/secure.gravatar.com\/avatar\/f3b82a096236e32f3cb63cbce13ffb3d?s=96&d=mm&r=g","caption":"Sarah Roubato"},"sameAs":["https:\/\/www.facebook.com\/SarahRubato","https:\/\/twitter.com\/SarahRubato"],"url":"https:\/\/www.sarahroubato.com\/en\/author\/sarah\/"}]}},"jetpack_featured_media_url":"https:\/\/www.sarahroubato.com\/wp-content\/uploads\/2018\/06\/foule-3d.jpg","_links":{"self":[{"href":"https:\/\/www.sarahroubato.com\/en\/wp-json\/wp\/v2\/posts\/2408"}],"collection":[{"href":"https:\/\/www.sarahroubato.com\/en\/wp-json\/wp\/v2\/posts"}],"about":[{"href":"https:\/\/www.sarahroubato.com\/en\/wp-json\/wp\/v2\/types\/post"}],"author":[{"embeddable":true,"href":"https:\/\/www.sarahroubato.com\/en\/wp-json\/wp\/v2\/users\/2"}],"replies":[{"embeddable":true,"href":"https:\/\/www.sarahroubato.com\/en\/wp-json\/wp\/v2\/comments?post=2408"}],"version-history":[{"count":27,"href":"https:\/\/www.sarahroubato.com\/en\/wp-json\/wp\/v2\/posts\/2408\/revisions"}],"predecessor-version":[{"id":5252,"href":"https:\/\/www.sarahroubato.com\/en\/wp-json\/wp\/v2\/posts\/2408\/revisions\/5252"}],"wp:featuredmedia":[{"embeddable":true,"href":"https:\/\/www.sarahroubato.com\/en\/wp-json\/wp\/v2\/media\/2556"}],"wp:attachment":[{"href":"https:\/\/www.sarahroubato.com\/en\/wp-json\/wp\/v2\/media?parent=2408"}],"wp:term":[{"taxonomy":"category","embeddable":true,"href":"https:\/\/www.sarahroubato.com\/en\/wp-json\/wp\/v2\/categories?post=2408"},{"taxonomy":"post_tag","embeddable":true,"href":"https:\/\/www.sarahroubato.com\/en\/wp-json\/wp\/v2\/tags?post=2408"}],"curies":[{"name":"wp","href":"https:\/\/api.w.org\/{rel}","templated":true}]}}