
{"id":2954,"date":"2018-12-02T04:54:51","date_gmt":"2018-12-02T03:54:51","guid":{"rendered":"https:\/\/www.sarahroubato.com\/?p=2954"},"modified":"2021-04-15T08:19:41","modified_gmt":"2021-04-15T06:19:41","slug":"ecolosocial2","status":"publish","type":"post","link":"https:\/\/www.sarahroubato.com\/en\/analyses\/ecolosocial2\/","title":{"rendered":"&#8220;\u00c9colo pour les riches&#8221; : le r\u00f4le des m\u00e9dias (Dossier : \u00e9colo ou social, la fausse opposition)"},"content":{"rendered":"<p><em>Dans l\u2019\u00e9mergence du mouvement des Gilets Jaunes, une opposition entre deux urgences\u00a0s\u2019est dessin\u00e9e : celle entre l\u2019\u00e9cologie et le social. L\u2019une serait un luxe, l\u2019autre une n\u00e9cessit\u00e9. Dans ce faux d\u00e9bat, on entend et on lit \u00ab\u00a0Il est plus facile d\u2019\u00eatre \u00e9colo, de manger bio, quand on est \u00e0 Paris\u00a0\u00bb<a href=\"#_ftn1\" name=\"_ftnref\">[1]<\/a>. Penser \u00e0 son empreinte \u00e9cologique, c\u2019est pour ceux qui n\u2019ont pas \u00e0 se soucier de remplir leur frigo, qui peuvent se payer des voitures \u00e9lectriques et acheter des produits bio hors de prix, et qui ont le temps d\u2019y penser. Les autres sont la t\u00eate dans le guidon et dans la survie. Cette vision binaire est non seulement loin de la r\u00e9alit\u00e9, toujours plus complexe, mais elle hypoth\u00e8que notre avenir et nous enlise dans une confrontation st\u00e9rile o\u00f9 nous y perdrons tous, \u00e0 commencer par les plus d\u00e9munis, premi\u00e8res victimes de la disparition de la biodiversit\u00e9 et du r\u00e9chauffement climatique. \u00c0 l\u2019heure o\u00f9 nous avons besoin plus que jamais d\u2019additionner nos intelligences pour envisager une autre soci\u00e9t\u00e9, pourrait-on envisager autrement la r\u00e9volte et le d\u00e9bat en France\u00a0?<\/em><\/p>\n<p>DOSSIER EN TROIS ARTICLES\u00a0:<\/p>\n<ol>\n<li><strong> Les pauvres \u00e9colos, \u00e7a existe<\/strong><\/li>\n<li><strong> La repr\u00e9sentation qu\u2019on se fait du monde\u00a0: le r\u00f4le des m\u00e9dias<\/strong><\/li>\n<li><strong> Les oppositions binaires\u00a0: un d\u00e9lice fran\u00e7ais<a href=\"http:\/\/paypal.me\/sarahroubato\"><img loading=\"lazy\" class=\"wp-image-2907 size-full aligncenter\" src=\"https:\/\/www.sarahroubato.com\/wp-content\/uploads\/2018\/11\/Capture-d\u2019e\u0301cran-2018-11-19-a\u0300-00.11.16.png\" alt=\"\" width=\"696\" height=\"334\" srcset=\"https:\/\/www.sarahroubato.com\/wp-content\/uploads\/2018\/11\/Capture-d\u2019e\u0301cran-2018-11-19-a\u0300-00.11.16.png 696w, https:\/\/www.sarahroubato.com\/wp-content\/uploads\/2018\/11\/Capture-d\u2019e\u0301cran-2018-11-19-a\u0300-00.11.16-150x72.png 150w, https:\/\/www.sarahroubato.com\/wp-content\/uploads\/2018\/11\/Capture-d\u2019e\u0301cran-2018-11-19-a\u0300-00.11.16-300x144.png 300w, https:\/\/www.sarahroubato.com\/wp-content\/uploads\/2018\/11\/Capture-d\u2019e\u0301cran-2018-11-19-a\u0300-00.11.16-600x288.png 600w\" sizes=\"(max-width: 696px) 100vw, 696px\" \/><\/a><\/strong><\/li>\n<\/ol>\n<p>&nbsp;<\/p>\n<h1 style=\"text-align: center;\">2. \u00c9colo pour les riches : le r\u00f4le des m\u00e9dias<\/h1>\n<p>Ces derniers jours il y eut beaucoup de plateaux t\u00e9l\u00e9 et de d\u00e9bats sur l\u2019opposition entre \u00e9cologie et pouvoir d\u2019achat. Derri\u00e8re ces termes d\u00e9sincarn\u00e9s, c\u2019est l\u2019affrontement de deux arch\u00e9types: l\u2019\u00a0\u00c9colo et le Pauvre, qui se joue. Quelle r\u00e9alit\u00e9 recouvrent-ils\u00a0? Qui en parle et comment\u00a0?<img loading=\"lazy\" class=\"wp-image-2957 aligncenter\" src=\"https:\/\/www.sarahroubato.com\/wp-content\/uploads\/2018\/12\/Capture-d\u2019e\u0301cran-2018-12-01-a\u0300-22.43.44-1024x553.png\" alt=\"\" width=\"562\" height=\"303\" srcset=\"https:\/\/www.sarahroubato.com\/wp-content\/uploads\/2018\/12\/Capture-d\u2019e\u0301cran-2018-12-01-a\u0300-22.43.44-1024x553.png 1024w, https:\/\/www.sarahroubato.com\/wp-content\/uploads\/2018\/12\/Capture-d\u2019e\u0301cran-2018-12-01-a\u0300-22.43.44-150x81.png 150w, https:\/\/www.sarahroubato.com\/wp-content\/uploads\/2018\/12\/Capture-d\u2019e\u0301cran-2018-12-01-a\u0300-22.43.44-300x162.png 300w, https:\/\/www.sarahroubato.com\/wp-content\/uploads\/2018\/12\/Capture-d\u2019e\u0301cran-2018-12-01-a\u0300-22.43.44-768x415.png 768w, https:\/\/www.sarahroubato.com\/wp-content\/uploads\/2018\/12\/Capture-d\u2019e\u0301cran-2018-12-01-a\u0300-22.43.44-600x324.png 600w, https:\/\/www.sarahroubato.com\/wp-content\/uploads\/2018\/12\/Capture-d\u2019e\u0301cran-2018-12-01-a\u0300-22.43.44.png 1250w\" sizes=\"(max-width: 562px) 100vw, 562px\" \/><\/p>\n<p>On le sait maintenant, le mouvement des Gilets Jaunes d\u00e9passe largement le refus de l\u2019augmentation de la taxe carbone. Il manifeste la d\u00e9tresse de ceux qu\u2019on appelle <em>les oubli\u00e9s<\/em>. Une limite a \u00e9t\u00e9 franchie. Mais pourquoi s\u2019est-elle trac\u00e9e juste ici, sur l\u2019augmentation du prix du diesel\u00a0? Pourquoi pas sur les privil\u00e8ges accord\u00e9es aux plus riches (suppression de l\u2019IFS), sur le sacrifice des services publics (r\u00e9forme de la SNCF) ou sur l\u2019\u00e9touffement des petits retrait\u00e9s (augmentation de la CSG)\u00a0? Pourquoi ces sujets, qui concernent directement les in\u00e9galit\u00e9s sociales, n\u2019ont pas embras\u00e9 la col\u00e8re g\u00e9n\u00e9rale ? Pourquoi les enjeux de pollution et de sant\u00e9 publique, qui transcendent les classes sociales, entra\u00eene la division plut\u00f4t que l\u2019unit\u00e9 nationale ?<\/p>\n<p>Parler des <em>oubli\u00e9s<\/em>, c\u2019est d\u00e9signer des gens dont on ne parle pas, donc poser la question de <em>qui parle\u00a0? <\/em>\u00c0 partir de quelle parole construisons-nous notre repr\u00e9sentation du monde, de notre pays, pour forger notre opinion\u00a0? Journalistes, pol\u00e9mistes, r\u00e9seaux sociaux, r\u00e9alisateurs, \u00e9crivains, sont tous artisans de cette repr\u00e9sentation. Nous nous forgeons une opinion \u00e0 partir de notre exp\u00e9rience et de la repr\u00e9sentation qu\u2019on se fait du monde. Notre exp\u00e9rience est limit\u00e9e. Mais notre imaginaire infini. Voil\u00e0 pourquoi la question du r\u00e9cit que nous faisons des ais\u00e9s et des exclus, des \u00e9colos et des pollueurs, est essentielle. Et que nous ne pouvons pas interroger un ph\u00e9nom\u00e8ne social sans en interroger la repr\u00e9sentation.<\/p>\n<p>Les m\u00e9dias sont un rouage cl\u00e9 de la machine que nous appelons <em>syst\u00e8me <\/em>et dont la remise en question se fait de plus en plus entendre. Si le traitement m\u00e9diatique des Gilets Jaunes a \u00e9t\u00e9 questionn\u00e9, la responsabilit\u00e9 des m\u00e9dias dans la cristallisation de cet affrontement \u00c9colo\/Pauvre n\u2019est pas encore pos\u00e9e.<\/p>\n<p><img loading=\"lazy\" class=\"size-large wp-image-2976 aligncenter\" src=\"https:\/\/www.sarahroubato.com\/wp-content\/uploads\/2018\/12\/Capture-d\u2019e\u0301cran-2018-12-02-a\u0300-04.47.36-1024x299.png\" alt=\"\" width=\"1024\" height=\"299\" srcset=\"https:\/\/www.sarahroubato.com\/wp-content\/uploads\/2018\/12\/Capture-d\u2019e\u0301cran-2018-12-02-a\u0300-04.47.36-1024x299.png 1024w, https:\/\/www.sarahroubato.com\/wp-content\/uploads\/2018\/12\/Capture-d\u2019e\u0301cran-2018-12-02-a\u0300-04.47.36-150x44.png 150w, https:\/\/www.sarahroubato.com\/wp-content\/uploads\/2018\/12\/Capture-d\u2019e\u0301cran-2018-12-02-a\u0300-04.47.36-300x88.png 300w, https:\/\/www.sarahroubato.com\/wp-content\/uploads\/2018\/12\/Capture-d\u2019e\u0301cran-2018-12-02-a\u0300-04.47.36-768x224.png 768w, https:\/\/www.sarahroubato.com\/wp-content\/uploads\/2018\/12\/Capture-d\u2019e\u0301cran-2018-12-02-a\u0300-04.47.36-600x175.png 600w, https:\/\/www.sarahroubato.com\/wp-content\/uploads\/2018\/12\/Capture-d\u2019e\u0301cran-2018-12-02-a\u0300-04.47.36.png 1177w\" sizes=\"(max-width: 1024px) 100vw, 1024px\" \/><\/p>\n<p><strong>Les pauvres\u00a0: ceux dont on parle<\/strong><\/p>\n<p>Autrefois il \u00e9tait celui qu\u2019on ne voulait pas voir. Puis celui dont personne ne parlait. Aujourd\u2019hui il est celui dont on parle mais que personne n\u2019entend. Les pauvres de Vincent de Paul, les mis\u00e9rables de Victor Hugo, et tous ceux que les Emile Zola, les Joseph Kessel, \u00e9crivains, reporters, photographes, allaient voir. Aujourd\u2019hui\u00a0: journalisme de long cours trop co\u00fbteux, march\u00e9 du livre boiteux avec beaucoup de titres mais une poign\u00e9e de visibles, experts confin\u00e9s dans le monde universitaire, \u00e9crivains philosophes et artistes n\u2019ayant plus de place dans les m\u00e9dias pour raconter le monde<a href=\"#_ftn2\" name=\"_ftnref\">[2]<\/a> . Ceux qui vont poser un micro, un stylo ou un \u0153il pour raconter notre soci\u00e9t\u00e9 au plus pr\u00e8s, au-del\u00e0 de l\u2019anecdote et du clich\u00e9, le font seuls, et envoient des messages le plus souvent sans r\u00e9ponse aux m\u00e9dias parisiens d\u00e9bord\u00e9s.<\/p>\n<p>On se penche maintenant sur cette <em>France d\u00e9class\u00e9e, <\/em>sur <em>les p\u00e9riph\u00e9ries<\/em>, sur <em>le petit peuple. <\/em>On invite quelques \u00e9chantillons, bien choisis pour que la confrontation ait lieu. On redessine une carte des fractures sociales, entre la France des \u00e9lites des m\u00e9tropoles, celle des quartiers et celle des campagnes. \u00c0 croire que le premier combat des Gilets Jaunes, celui de la visibilit\u00e9, est gagn\u00e9. On nous voit. Mais va-t-on nous entendre\u00a0?<\/p>\n<p>C\u2019est un v\u00e9ritable enjeu politique qui se pose pour ce mouvement spontan\u00e9, sans structure et sans repr\u00e9sentant. Mais elle se pose aussi pour ceux qu\u2019on appelle <em>les \u00e9colos<\/em>. Pour eux, l\u2019enjeu n\u2019est pas de se faire entendre mais de ne pas se faire confisquer leur voix.<\/p>\n<p><img loading=\"lazy\" class=\"wp-image-2962 aligncenter\" src=\"https:\/\/www.sarahroubato.com\/wp-content\/uploads\/2018\/12\/hulotgilet.png\" alt=\"\" width=\"631\" height=\"313\" srcset=\"https:\/\/www.sarahroubato.com\/wp-content\/uploads\/2018\/12\/hulotgilet.png 1006w, https:\/\/www.sarahroubato.com\/wp-content\/uploads\/2018\/12\/hulotgilet-150x74.png 150w, https:\/\/www.sarahroubato.com\/wp-content\/uploads\/2018\/12\/hulotgilet-300x149.png 300w, https:\/\/www.sarahroubato.com\/wp-content\/uploads\/2018\/12\/hulotgilet-768x381.png 768w, https:\/\/www.sarahroubato.com\/wp-content\/uploads\/2018\/12\/hulotgilet-600x298.png 600w\" sizes=\"(max-width: 631px) 100vw, 631px\" \/><\/p>\n<p><strong>L\u2019\u00e9cologie confisqu\u00e9e dans l\u2019espace m\u00e9diatique <\/strong><\/p>\n<p>L\u2019\u00e9cologie n\u2019est plus un sujet silencieux. Mais c\u2019est un sujet confisqu\u00e9. Que l\u2019on regarde qui entend-on parler d\u2019\u00e9cologie dans les m\u00e9dias\u00a0: des citadins, m\u00e9tropolitains, le plus souvent parisiens. O\u00f9 sont dans les m\u00e9dias les t\u00e9moignages sur les initiatives qui s\u2019exp\u00e9rimentent partout dans cette France oubli\u00e9e\u00a0? <em>Carnets de campagne<\/em> sur France Inter certains diront. Oui, 15 minutes consacr\u00e9es aux solutions d\u2019avenir entreprises dans notre pays, apr\u00e8s deux heures d\u2019\u00e9mission de divertissement, juste avant un jeu d\u2019argent et les infos. On entend souvent dire\u00a0: <em>C\u2019est d\u00e9j\u00e0 \u00e7a<\/em>. Mais tenir un mauvais r\u00f4le n\u2019est-il pas pire que de ne pas avoir de r\u00f4le\u00a0?<\/p>\n<p><img loading=\"lazy\" class=\"size-full wp-image-2963 aligncenter\" src=\"https:\/\/www.sarahroubato.com\/wp-content\/uploads\/2018\/12\/Capture-d\u2019e\u0301cran-2018-12-02-a\u0300-01.41.34.png\" alt=\"\" width=\"831\" height=\"187\" srcset=\"https:\/\/www.sarahroubato.com\/wp-content\/uploads\/2018\/12\/Capture-d\u2019e\u0301cran-2018-12-02-a\u0300-01.41.34.png 831w, https:\/\/www.sarahroubato.com\/wp-content\/uploads\/2018\/12\/Capture-d\u2019e\u0301cran-2018-12-02-a\u0300-01.41.34-150x34.png 150w, https:\/\/www.sarahroubato.com\/wp-content\/uploads\/2018\/12\/Capture-d\u2019e\u0301cran-2018-12-02-a\u0300-01.41.34-300x68.png 300w, https:\/\/www.sarahroubato.com\/wp-content\/uploads\/2018\/12\/Capture-d\u2019e\u0301cran-2018-12-02-a\u0300-01.41.34-768x173.png 768w, https:\/\/www.sarahroubato.com\/wp-content\/uploads\/2018\/12\/Capture-d\u2019e\u0301cran-2018-12-02-a\u0300-01.41.34-600x135.png 600w\" sizes=\"(max-width: 831px) 100vw, 831px\" \/><\/p>\n<p>Car les discours que nous produisons sur les alternatives au mod\u00e8le n\u00e9olib\u00e9ral, la fr\u00e9quence et la mani\u00e8re dont les m\u00e9dias en parlent, est d\u00e9j\u00e0 un discours\u00a0: nous parlons des campagnes, et voici la place que nous leur accordons sur une cha\u00eene de service public. Le choix des sujets est aussi significatif. L\u2019\u00e9cologie est le plus souvent abord\u00e9 par l\u2019une de ses urgences, le climat, qui occulte bien souvent la question de la disparition de la biodiversit\u00e9. C\u2019est un sujet sans doute plus confortable \u00e0 aborder, parce que plus lointain et global, que la question tout de suite palpable et locale de la biodiversit\u00e9. Et en effet, c\u2019est bien une marche <em>pour le climat<\/em> qui fut organis\u00e9e, et non pour le vivant.<\/p>\n<p>La meurtri\u00e8re par laquelle nous regardons la question \u00e9cologique ne nous fait pas voir le <a href=\"https:\/\/www.sarahroubato.com\/po\/ecolosocial1\"><strong>pauvre \u00e9colo<\/strong><\/a>. Tous ces humbles, ces petits paysans, artisans, petits commer\u00e7ants, qui bien que modestes, \u0153uvrent \u00e0 trouver un mod\u00e8le \u00e9conomique qui respecte le vivant. Il en sort une fausse confrontation o\u00f9 ceux qui d\u00e9fendent un mod\u00e8le de transition \u00e9nerg\u00e9tique parlent du point de vue \u00e9troit d\u2019une \u00e9lite<a href=\"#_ftn3\" name=\"_ftnref\">[3]<\/a> et entretiennent le fameux discours\u00a0: <em>l\u2019\u00e9cologie c\u2019est pour les riches. <\/em>On se figure le bobo parisien allant dans des espaces de coworking prendre une tisane bio \u00e0 5 \u20ac, un g\u00e2teau carotte sans gluten \u00e0 3\u20ac, \u00e9crire un article contre Starbucks sur son Mac dernier mod\u00e8le, d\u00e9crocher son t\u00e9l\u00e9phone enrob\u00e9 d\u2019une housse anti-ondes \u00e0 40 \u20ac et filer \u00e0 v\u00e9lo \u00e0 son rendez-vous.<\/p>\n<p><img loading=\"lazy\" class=\" wp-image-2967 aligncenter\" src=\"https:\/\/www.sarahroubato.com\/wp-content\/uploads\/2018\/12\/Capture-d\u2019e\u0301cran-2018-12-02-a\u0300-04.23.09-1024x260.png\" alt=\"\" width=\"616\" height=\"156\" srcset=\"https:\/\/www.sarahroubato.com\/wp-content\/uploads\/2018\/12\/Capture-d\u2019e\u0301cran-2018-12-02-a\u0300-04.23.09-1024x260.png 1024w, https:\/\/www.sarahroubato.com\/wp-content\/uploads\/2018\/12\/Capture-d\u2019e\u0301cran-2018-12-02-a\u0300-04.23.09-150x38.png 150w, https:\/\/www.sarahroubato.com\/wp-content\/uploads\/2018\/12\/Capture-d\u2019e\u0301cran-2018-12-02-a\u0300-04.23.09-300x76.png 300w, https:\/\/www.sarahroubato.com\/wp-content\/uploads\/2018\/12\/Capture-d\u2019e\u0301cran-2018-12-02-a\u0300-04.23.09-768x195.png 768w, https:\/\/www.sarahroubato.com\/wp-content\/uploads\/2018\/12\/Capture-d\u2019e\u0301cran-2018-12-02-a\u0300-04.23.09-600x152.png 600w, https:\/\/www.sarahroubato.com\/wp-content\/uploads\/2018\/12\/Capture-d\u2019e\u0301cran-2018-12-02-a\u0300-04.23.09.png 1153w\" sizes=\"(max-width: 616px) 100vw, 616px\" \/><\/p>\n<p>Qui viendra parler des \u00e9conomies faites sur les produits d\u2019entretien m\u00e9nager en privil\u00e9giant les produits de bas simples\u00a0? Qui viendra parler du chantier participatif qui leur a permis de construire une maison \u00e9nerg\u00e9tiquement passive\u00a0? Qui parlera des caf\u00e9s o\u00f9 on peut venir faire r\u00e9parer ses appareils cass\u00e9s, des \u00e9changes de service, des monnaies locales\u00a0? Ces initiatives, on les retrouve dans une presse non conventionnelle, dite <em>alternative<\/em>.<\/p>\n<p><strong>La carte postale de l\u2019alternatif<\/strong><\/p>\n<p>Depuis les ann\u00e9es 2000 le paysage m\u00e9diatique fran\u00e7ais est devenu particuli\u00e8rement riche de m\u00e9dias \u00e9mergents, tentant d\u2019apporter une autre proposition \u00e0 celle des m\u00e9dias conventionnels\u00a0: Reporterre, Bastamag, Les Jours, XXI, Kaizen, Wedemain, La Rel\u00e8ve et la Peste, Mr Mondalisation (francophone international) pour ne citer que quelques uns. Parmi eux, certains sont sp\u00e9cialis\u00e9s dans les sujets \u00e9colos. Certains \u00e9tant plut\u00f4t dans le r\u00e9cit, d\u2019autres dans l\u2019information, d\u2019autres dans l\u2019incitation. Le r\u00f4le des m\u00e9dias est repens\u00e9 comme incitateur au changement de comportement. En montrant aux gens d\u2019autres gens qui oeuvrent \u00e0 faire autrement, le lecteur pourra se dire que lui aussi, il peut.<\/p>\n<p><img loading=\"lazy\" class=\" wp-image-2968 aligncenter\" src=\"https:\/\/www.sarahroubato.com\/wp-content\/uploads\/2018\/12\/Capture-d\u2019e\u0301cran-2018-12-02-a\u0300-04.27.12-1024x271.png\" alt=\"\" width=\"624\" height=\"165\" srcset=\"https:\/\/www.sarahroubato.com\/wp-content\/uploads\/2018\/12\/Capture-d\u2019e\u0301cran-2018-12-02-a\u0300-04.27.12-1024x271.png 1024w, https:\/\/www.sarahroubato.com\/wp-content\/uploads\/2018\/12\/Capture-d\u2019e\u0301cran-2018-12-02-a\u0300-04.27.12-150x40.png 150w, https:\/\/www.sarahroubato.com\/wp-content\/uploads\/2018\/12\/Capture-d\u2019e\u0301cran-2018-12-02-a\u0300-04.27.12-300x79.png 300w, https:\/\/www.sarahroubato.com\/wp-content\/uploads\/2018\/12\/Capture-d\u2019e\u0301cran-2018-12-02-a\u0300-04.27.12-768x203.png 768w, https:\/\/www.sarahroubato.com\/wp-content\/uploads\/2018\/12\/Capture-d\u2019e\u0301cran-2018-12-02-a\u0300-04.27.12-600x159.png 600w, https:\/\/www.sarahroubato.com\/wp-content\/uploads\/2018\/12\/Capture-d\u2019e\u0301cran-2018-12-02-a\u0300-04.27.12.png 1080w\" sizes=\"(max-width: 624px) 100vw, 624px\" \/><\/p>\n<p><iframe loading=\"lazy\" src=\"https:\/\/www.mixcloud.com\/widget\/iframe\/?hide_cover=1&amp;light=1&amp;feed=%2FSarahRoubato%2Fjacques-gamblin-offrez-nous-de-beaux-exemples-nous-avons-besoin-dadmirer-pour-imiter%2F\" width=\"100%\" height=\"120\" frameborder=\"0\"><\/iframe><\/p>\n<p>Ces m\u00e9dias cherchent aussi une alternative \u00e0 un discours \u00e9cologique catastrophiste et culpabilisant, en choisissant de mettre en lumi\u00e8re les initiatives encourageantes, le film <em>Demain <\/em>de Cyril Dion et M\u00e9lanie Laurent, \u00e9tant devenu le symbole de cette d\u00e9marche inverse.<img loading=\"lazy\" class=\" wp-image-2969 aligncenter\" src=\"https:\/\/www.sarahroubato.com\/wp-content\/uploads\/2018\/12\/Capture-d\u2019e\u0301cran-2018-12-02-a\u0300-02.54.35-1024x543.png\" alt=\"\" width=\"673\" height=\"357\" srcset=\"https:\/\/www.sarahroubato.com\/wp-content\/uploads\/2018\/12\/Capture-d\u2019e\u0301cran-2018-12-02-a\u0300-02.54.35-1024x543.png 1024w, https:\/\/www.sarahroubato.com\/wp-content\/uploads\/2018\/12\/Capture-d\u2019e\u0301cran-2018-12-02-a\u0300-02.54.35-150x80.png 150w, https:\/\/www.sarahroubato.com\/wp-content\/uploads\/2018\/12\/Capture-d\u2019e\u0301cran-2018-12-02-a\u0300-02.54.35-300x159.png 300w, https:\/\/www.sarahroubato.com\/wp-content\/uploads\/2018\/12\/Capture-d\u2019e\u0301cran-2018-12-02-a\u0300-02.54.35-768x408.png 768w, https:\/\/www.sarahroubato.com\/wp-content\/uploads\/2018\/12\/Capture-d\u2019e\u0301cran-2018-12-02-a\u0300-02.54.35-600x318.png 600w, https:\/\/www.sarahroubato.com\/wp-content\/uploads\/2018\/12\/Capture-d\u2019e\u0301cran-2018-12-02-a\u0300-02.54.35.png 1044w\" sizes=\"(max-width: 673px) 100vw, 673px\" \/><\/p>\n<p>Seulement il existe un danger \u00e0 cette hyper-s\u00e9lection du positif. Celui de peindre une carte postale de l\u2019alternatif, belle, trop belle m\u00eame, pour qu\u2019une partie des lecteurs s\u2019y identifie.<\/p>\n<p><img loading=\"lazy\" class=\"size-full wp-image-2973 alignright\" src=\"https:\/\/www.sarahroubato.com\/wp-content\/uploads\/2018\/12\/Capture-d\u2019e\u0301cran-2018-12-02-a\u0300-03.11.18.png\" alt=\"\" width=\"368\" height=\"287\" srcset=\"https:\/\/www.sarahroubato.com\/wp-content\/uploads\/2018\/12\/Capture-d\u2019e\u0301cran-2018-12-02-a\u0300-03.11.18.png 368w, https:\/\/www.sarahroubato.com\/wp-content\/uploads\/2018\/12\/Capture-d\u2019e\u0301cran-2018-12-02-a\u0300-03.11.18-150x117.png 150w, https:\/\/www.sarahroubato.com\/wp-content\/uploads\/2018\/12\/Capture-d\u2019e\u0301cran-2018-12-02-a\u0300-03.11.18-300x234.png 300w\" sizes=\"(max-width: 368px) 100vw, 368px\" \/><\/p>\n<p>On retrouve souvent \u00e0 travers les reportages et les articles, les images de jeunes gens souriants au soleil, devant leur tiny house, leur champ de permaculture, avec leur enfant. Des choix de vie souvent radicaux qui font r\u00eaver, mais qui ont souvent pour effet d\u2019\u00e9loigner le possible pour des lecteurs qui se disent que c\u2019est trop extr\u00eame pour eux, ou bien que ceux-l\u00e0 ont de la chance, ils ne doivent pas avoir toutes les contraintes que j\u2019ai. Il suffit pour cela de lire les commentaires sur les r\u00e9seaux sociaux, souvent dans la mise \u00e0 distance humoristique, critique ou admirative. De fait, ceux qui s\u2019y mettent n\u2019ont en g\u00e9n\u00e9ral pas le temps de lire des articles sur d\u2019autres mod\u00e8les.<\/p>\n<p><img loading=\"lazy\" class=\" wp-image-2972 aligncenter\" src=\"https:\/\/www.sarahroubato.com\/wp-content\/uploads\/2018\/12\/Capture-d\u2019e\u0301cran-2018-12-02-a\u0300-03.12.06-1024x444.png\" alt=\"\" width=\"541\" height=\"235\" srcset=\"https:\/\/www.sarahroubato.com\/wp-content\/uploads\/2018\/12\/Capture-d\u2019e\u0301cran-2018-12-02-a\u0300-03.12.06-1024x444.png 1024w, https:\/\/www.sarahroubato.com\/wp-content\/uploads\/2018\/12\/Capture-d\u2019e\u0301cran-2018-12-02-a\u0300-03.12.06-150x65.png 150w, https:\/\/www.sarahroubato.com\/wp-content\/uploads\/2018\/12\/Capture-d\u2019e\u0301cran-2018-12-02-a\u0300-03.12.06-300x130.png 300w, https:\/\/www.sarahroubato.com\/wp-content\/uploads\/2018\/12\/Capture-d\u2019e\u0301cran-2018-12-02-a\u0300-03.12.06-768x333.png 768w, https:\/\/www.sarahroubato.com\/wp-content\/uploads\/2018\/12\/Capture-d\u2019e\u0301cran-2018-12-02-a\u0300-03.12.06-600x260.png 600w, https:\/\/www.sarahroubato.com\/wp-content\/uploads\/2018\/12\/Capture-d\u2019e\u0301cran-2018-12-02-a\u0300-03.12.06.png 1183w\" sizes=\"(max-width: 541px) 100vw, 541px\" \/>Il est urgent de produire un autre r\u00e9cit sur le monde. Mais si ce r\u00e9cit bascule exclusivement dans l\u2019exemplarit\u00e9 positive, il perd quelque chose du v\u00e9cu, riche de ses exploits et de ses d\u00e9faites, de ses difficult\u00e9s, de ses d\u00e9ceptions, de ses d\u00e9tours, et donc de son pouvoir agissant. Il serait temps de parler d\u2019hommes et de femmes qui essayent, \u00e9chouent, recommencent, changent de perspective, de donner \u00e0 voir le combat plut\u00f4t que le r\u00e9sultat, les processus plut\u00f4t que les formules finales, les soirs de doutes plut\u00f4t que les sourires pour la photo.<\/p>\n<p><img loading=\"lazy\" class=\" wp-image-2971 aligncenter\" src=\"https:\/\/www.sarahroubato.com\/wp-content\/uploads\/2018\/12\/Capture-d\u2019e\u0301cran-2018-12-02-a\u0300-03.12.22-1024x396.png\" alt=\"\" width=\"430\" height=\"166\" srcset=\"https:\/\/www.sarahroubato.com\/wp-content\/uploads\/2018\/12\/Capture-d\u2019e\u0301cran-2018-12-02-a\u0300-03.12.22-1024x396.png 1024w, https:\/\/www.sarahroubato.com\/wp-content\/uploads\/2018\/12\/Capture-d\u2019e\u0301cran-2018-12-02-a\u0300-03.12.22-150x58.png 150w, https:\/\/www.sarahroubato.com\/wp-content\/uploads\/2018\/12\/Capture-d\u2019e\u0301cran-2018-12-02-a\u0300-03.12.22-300x116.png 300w, https:\/\/www.sarahroubato.com\/wp-content\/uploads\/2018\/12\/Capture-d\u2019e\u0301cran-2018-12-02-a\u0300-03.12.22-768x297.png 768w, https:\/\/www.sarahroubato.com\/wp-content\/uploads\/2018\/12\/Capture-d\u2019e\u0301cran-2018-12-02-a\u0300-03.12.22-600x232.png 600w, https:\/\/www.sarahroubato.com\/wp-content\/uploads\/2018\/12\/Capture-d\u2019e\u0301cran-2018-12-02-a\u0300-03.12.22.png 1192w\" sizes=\"(max-width: 430px) 100vw, 430px\" \/><\/p>\n<p>Pour qui pr\u00e9tend produire un autre r\u00e9cit sur le monde et infl\u00e9chir les comportements, l\u2019enjeu est de rendre compte de la diversit\u00e9 du changement de soci\u00e9t\u00e9 d\u00e9j\u00e0 \u00e0 l\u2019\u0153uvre dans nos soci\u00e9t\u00e9s. Car tous les semeurs du changement, s\u2019ils \u0153uvrent dans le m\u00eame sens, ne partent pas des m\u00eames questionnements, des m\u00eames probl\u00e9matiques, des m\u00eames motivations. Leurs histoires nous offrent une infinit\u00e9 de perspectives et c\u2019est bien cette richesse qui permettra au plus grand nombre d\u2019envisager le changement \u00e0 son \u00e9chelle.<\/p>\n<p>Le d\u00e9faitisme g\u00e9n\u00e9ral aliment\u00e9 par les m\u00e9dias conventionnels ne devrait pas inciter les m\u00e9dias dits alternatifs \u00e0 proposer une autre caricature. On peut se demander jusqu\u2019\u00e0 quel point cette tendance alimente l\u2019accusation de \u00ab\u00a0bisounours\u00a0\u00bb qui tombe souvent sur les \u00e9colos. On retrouve souvent dans le d\u00e9bat public ce positionnement entre les r\u00e9alistes pessimistes d\u2019un c\u00f4t\u00e9, et les \u00e9colos optimistes bisounours de l\u2019autre. Une autre opposition binaire, bien fran\u00e7aise. Prochain article\u00a0: Les oppositions binaires, un d\u00e9lice fran\u00e7ais.<\/p>\n<p>Pour lire le premier article de ce dossier cliquez sur : <a href=\"https:\/\/www.sarahroubato.com\/po\/ecolosocial1\">L&#8217;\u00e9colo pauvre<\/a><\/p>\n<p>&nbsp;<\/p>\n<p><a href=\"#_ftnref\" name=\"_ftn1\">[1]<\/a> Christophe Guilly <a href=\"https:\/\/www.20minutes.fr\/societe\/2375331-20181119-gilets-jaunes-geographe-christophe-guilluy-france-haut-fait-secession-france-bas?fbclid=IwAR2iGlhiWUirhNC3gX_S_2BMn2ZLhN34dEhv4SqQM_0j57pWO19gv4khP5M\">https:\/\/www.20minutes.fr\/societe\/2375331-20181119-gilets-jaunes-geographe-christophe-guilluy-france-haut-fait-secession-france-bas?fbclid=IwAR2iGlhiWUirhNC3gX_S_2BMn2ZLhN34dEhv4SqQM_0j57pWO19gv4khP5M<\/a><\/p>\n<p><a href=\"#_ftnref\" name=\"_ftn2\">[2]<\/a> comme c\u2019\u00e9tait le cas au XIX\u00e8me si\u00e8cle<\/p>\n<p><a href=\"#_ftnref\" name=\"_ftn3\">[3]<\/a> Jean-Baptiste Comby\u00a0: \u00ab\u00a0Il\u00a0y a une certaine homog\u00e9n\u00e9it\u00e9 sociale de ces entrepreneurs de la cause climatique, au d\u00e9but des ann\u00e9es 2000, dans le sens o\u00f9 ils appartiennent aux classes dominantes tout en y occupant des positions secondaires, domin\u00e9es.\u00a0\u00bb https:\/\/www.revue-ballast.fr\/jean-baptiste-comby\/<\/p>\n<p>Sarah Roubato a publi\u00e9 :<\/p>\n<p><a href=\"http:\/\/www.michel-lafon.fr\/livre\/1687-Lettres_a_ma_generation.html\"><em><img loading=\"lazy\" class=\" wp-image-1091 alignleft\" src=\"https:\/\/www.sarahroubato.com\/wp-content\/uploads\/2016\/02\/livre-sarah-103x150.jpg\" alt=\"livre sarah\" width=\"129\" height=\"188\" srcset=\"https:\/\/www.sarahroubato.com\/wp-content\/uploads\/2016\/02\/livre-sarah-103x150.jpg 103w, https:\/\/www.sarahroubato.com\/wp-content\/uploads\/2016\/02\/livre-sarah-205x300.jpg 205w, https:\/\/www.sarahroubato.com\/wp-content\/uploads\/2016\/02\/livre-sarah.jpg 341w\" sizes=\"(max-width: 129px) 100vw, 129px\" \/><\/em><\/a>Cliquez <strong><a href=\"https:\/\/mrmondialisation.org\/sarah-roubato-lettres-a-ma-generation\/\" target=\"_blank\" rel=\"noopener noreferrer\">ici\u00a0<\/a><\/strong>pour en savoir plus et lire des extraits. Cliquez sur le livre pour le commander directement chez l&#8217;\u00e9diteur ou commandez-le dans n&#8217;importe quelle librairie<\/p>\n<p>&nbsp;<\/p>\n<p>&nbsp;<\/p>\n<p>&nbsp;<\/p>\n<p>&nbsp;<\/p>\n<p><a href=\"https:\/\/www.sarahroubato.com\/oeuvres\/trouveleverbesonore\/\"><img loading=\"lazy\" class=\" wp-image-2348 alignleft\" src=\"https:\/\/www.sarahroubato.com\/wp-content\/uploads\/2017\/12\/couv-Nage-de-lourse-662x1024.jpg\" alt=\"\" width=\"142\" height=\"219\" srcset=\"https:\/\/www.sarahroubato.com\/wp-content\/uploads\/2017\/12\/couv-Nage-de-lourse-662x1024.jpg 662w, https:\/\/www.sarahroubato.com\/wp-content\/uploads\/2017\/12\/couv-Nage-de-lourse-97x150.jpg 97w, https:\/\/www.sarahroubato.com\/wp-content\/uploads\/2017\/12\/couv-Nage-de-lourse-194x300.jpg 194w, https:\/\/www.sarahroubato.com\/wp-content\/uploads\/2017\/12\/couv-Nage-de-lourse-600x928.jpg 600w, https:\/\/www.sarahroubato.com\/wp-content\/uploads\/2017\/12\/couv-Nage-de-lourse.jpg 779w\" sizes=\"(max-width: 142px) 100vw, 142px\" \/><\/a><\/p>\n<p>Cliquez\u00a0<strong><a href=\"https:\/\/www.sarahroubato.com\/acheter\/trouveleverbe\/\">ici\u00a0<\/a><\/strong>pour commander le livre (6.50 euros) chez l&#8217;\u00e9diteur ou commandez-le dans n&#8217;importe quelle librairie.<\/p>\n<p>&nbsp;<\/p>\n<p>&nbsp;<\/p>\n<p>&nbsp;<\/p>\n<p>&nbsp;<\/p>\n<p>&nbsp;<\/p>\n<p>Cliquez<a href=\"http:\/\/publie.net\/livre\/30-ans-heure-sarah-roubato\/\"><strong> ici<\/strong><\/a> pour le commander chez l&#8217;\u00e9diteur<\/p>\n<div style=\"position: relative; height: 0; padding-bottom: 56.25%;\"><iframe loading=\"lazy\" style=\"position: absolute; width: 100%; height: 100%; left: 0;\" src=\"https:\/\/www.youtube.com\/embed\/GhbnrEuAcA0?ecver=2\" width=\"640\" height=\"360\" frameborder=\"0\" allowfullscreen=\"allowfullscreen\"><\/iframe><\/div>\n<p><\/p>","protected":false},"excerpt":{"rendered":"<p>Dans l\u2019\u00e9mergence du mouvement des Gilets Jaunes, une opposition entre deux urgences\u00a0s\u2019est dessin\u00e9e : celle entre l\u2019\u00e9cologie et le social. L\u2019une serait un luxe, l\u2019autre une n\u00e9cessit\u00e9. Dans ce faux d\u00e9bat, on entend et on lit \u00ab\u00a0Il est plus facile d\u2019\u00eatre \u00e9colo, de manger bio, quand on est \u00e0 Paris\u00a0\u00bb[1]. Penser \u00e0 son empreinte \u00e9cologique, [&hellip;]<\/p>\n","protected":false},"author":2,"featured_media":3007,"comment_status":"open","ping_status":"open","sticky":false,"template":"","format":"standard","meta":{"spay_email":""},"categories":[19],"tags":[],"acf":[],"yoast_head":"<!-- This site is optimized with the Yoast SEO plugin v18.4.1 - https:\/\/yoast.com\/wordpress\/plugins\/seo\/ -->\n<title>&quot;\u00c9colo pour les riches&quot; : le r\u00f4le des m\u00e9dias (Dossier : \u00e9colo ou social, la fausse opposition) - Sarah Roubato<\/title>\n<meta name=\"robots\" content=\"index, follow, max-snippet:-1, max-image-preview:large, max-video-preview:-1\" \/>\n<link rel=\"canonical\" href=\"https:\/\/www.sarahroubato.com\/analyses\/ecolosocial2\/\" \/>\n<meta property=\"og:locale\" content=\"en_US\" \/>\n<meta property=\"og:type\" content=\"article\" \/>\n<meta property=\"og:title\" content=\"&quot;\u00c9colo pour les riches&quot; : le r\u00f4le des m\u00e9dias (Dossier : \u00e9colo ou social, la fausse opposition) - Sarah Roubato\" \/>\n<meta property=\"og:description\" content=\"Dans l\u2019\u00e9mergence du mouvement des Gilets Jaunes, une opposition entre deux urgences\u00a0s\u2019est dessin\u00e9e : celle entre l\u2019\u00e9cologie et le social. L\u2019une serait un luxe, l\u2019autre une n\u00e9cessit\u00e9. Dans ce faux d\u00e9bat, on entend et on lit \u00ab\u00a0Il est plus facile d\u2019\u00eatre \u00e9colo, de manger bio, quand on est \u00e0 Paris\u00a0\u00bb[1]. Penser \u00e0 son empreinte \u00e9cologique, [&hellip;]\" \/>\n<meta property=\"og:url\" content=\"https:\/\/www.sarahroubato.com\/analyses\/ecolosocial2\/\" \/>\n<meta property=\"og:site_name\" content=\"Sarah Roubato\" \/>\n<meta property=\"article:author\" content=\"https:\/\/www.facebook.com\/SarahRubato\" \/>\n<meta property=\"article:published_time\" content=\"2018-12-02T03:54:51+00:00\" \/>\n<meta property=\"article:modified_time\" content=\"2021-04-15T06:19:41+00:00\" \/>\n<meta property=\"og:image\" content=\"https:\/\/www.sarahroubato.com\/wp-content\/uploads\/2018\/12\/boliganmedia.jpg\" \/>\n\t<meta property=\"og:image:width\" content=\"236\" \/>\n\t<meta property=\"og:image:height\" content=\"376\" \/>\n\t<meta property=\"og:image:type\" content=\"image\/jpeg\" \/>\n<meta name=\"twitter:card\" content=\"summary\" \/>\n<meta name=\"twitter:creator\" content=\"@SarahRubato\" \/>\n<meta name=\"twitter:label1\" content=\"Written by\" \/>\n\t<meta name=\"twitter:data1\" content=\"Sarah Roubato\" \/>\n\t<meta name=\"twitter:label2\" content=\"Est. reading time\" \/>\n\t<meta name=\"twitter:data2\" content=\"32 minutes\" \/>\n<script type=\"application\/ld+json\" class=\"yoast-schema-graph\">{\"@context\":\"https:\/\/schema.org\",\"@graph\":[{\"@type\":\"WebSite\",\"@id\":\"https:\/\/www.sarahroubato.com\/#website\",\"url\":\"https:\/\/www.sarahroubato.com\/\",\"name\":\"Sarah Roubato\",\"description\":\"Bring out the potential of people and society\",\"potentialAction\":[{\"@type\":\"SearchAction\",\"target\":{\"@type\":\"EntryPoint\",\"urlTemplate\":\"https:\/\/www.sarahroubato.com\/?s={search_term_string}\"},\"query-input\":\"required name=search_term_string\"}],\"inLanguage\":\"en-US\"},{\"@type\":\"ImageObject\",\"@id\":\"https:\/\/www.sarahroubato.com\/analyses\/ecolosocial2\/#primaryimage\",\"inLanguage\":\"en-US\",\"url\":\"https:\/\/www.sarahroubato.com\/wp-content\/uploads\/2018\/12\/boliganmedia.jpg\",\"contentUrl\":\"https:\/\/www.sarahroubato.com\/wp-content\/uploads\/2018\/12\/boliganmedia.jpg\",\"width\":236,\"height\":376},{\"@type\":\"WebPage\",\"@id\":\"https:\/\/www.sarahroubato.com\/analyses\/ecolosocial2\/#webpage\",\"url\":\"https:\/\/www.sarahroubato.com\/analyses\/ecolosocial2\/\",\"name\":\"\\\"\u00c9colo pour les riches\\\" : le r\u00f4le des m\u00e9dias (Dossier : \u00e9colo ou social, la fausse opposition) - Sarah Roubato\",\"isPartOf\":{\"@id\":\"https:\/\/www.sarahroubato.com\/#website\"},\"primaryImageOfPage\":{\"@id\":\"https:\/\/www.sarahroubato.com\/analyses\/ecolosocial2\/#primaryimage\"},\"datePublished\":\"2018-12-02T03:54:51+00:00\",\"dateModified\":\"2021-04-15T06:19:41+00:00\",\"author\":{\"@id\":\"https:\/\/www.sarahroubato.com\/#\/schema\/person\/2685c6d7bef7b9e1a4080510ea89fc04\"},\"breadcrumb\":{\"@id\":\"https:\/\/www.sarahroubato.com\/analyses\/ecolosocial2\/#breadcrumb\"},\"inLanguage\":\"en-US\",\"potentialAction\":[{\"@type\":\"ReadAction\",\"target\":[\"https:\/\/www.sarahroubato.com\/analyses\/ecolosocial2\/\"]}]},{\"@type\":\"BreadcrumbList\",\"@id\":\"https:\/\/www.sarahroubato.com\/analyses\/ecolosocial2\/#breadcrumb\",\"itemListElement\":[{\"@type\":\"ListItem\",\"position\":1,\"name\":\"Accueil\",\"item\":\"https:\/\/www.sarahroubato.com\/\"},{\"@type\":\"ListItem\",\"position\":2,\"name\":\"\u00ab\u00a0\u00c9colo pour les riches\u00a0\u00bb : le r\u00f4le des m\u00e9dias (Dossier : \u00e9colo ou social, la fausse opposition)\"}]},{\"@type\":\"Person\",\"@id\":\"https:\/\/www.sarahroubato.com\/#\/schema\/person\/2685c6d7bef7b9e1a4080510ea89fc04\",\"name\":\"Sarah Roubato\",\"image\":{\"@type\":\"ImageObject\",\"@id\":\"https:\/\/www.sarahroubato.com\/#personlogo\",\"inLanguage\":\"en-US\",\"url\":\"https:\/\/secure.gravatar.com\/avatar\/f3b82a096236e32f3cb63cbce13ffb3d?s=96&d=mm&r=g\",\"contentUrl\":\"https:\/\/secure.gravatar.com\/avatar\/f3b82a096236e32f3cb63cbce13ffb3d?s=96&d=mm&r=g\",\"caption\":\"Sarah Roubato\"},\"sameAs\":[\"https:\/\/www.facebook.com\/SarahRubato\",\"https:\/\/twitter.com\/SarahRubato\"],\"url\":\"https:\/\/www.sarahroubato.com\/en\/author\/sarah\/\"}]}<\/script>\n<!-- \/ Yoast SEO plugin. -->","yoast_head_json":{"title":"\"\u00c9colo pour les riches\" : le r\u00f4le des m\u00e9dias (Dossier : \u00e9colo ou social, la fausse opposition) - Sarah Roubato","robots":{"index":"index","follow":"follow","max-snippet":"max-snippet:-1","max-image-preview":"max-image-preview:large","max-video-preview":"max-video-preview:-1"},"canonical":"https:\/\/www.sarahroubato.com\/analyses\/ecolosocial2\/","og_locale":"en_US","og_type":"article","og_title":"\"\u00c9colo pour les riches\" : le r\u00f4le des m\u00e9dias (Dossier : \u00e9colo ou social, la fausse opposition) - Sarah Roubato","og_description":"Dans l\u2019\u00e9mergence du mouvement des Gilets Jaunes, une opposition entre deux urgences\u00a0s\u2019est dessin\u00e9e : celle entre l\u2019\u00e9cologie et le social. L\u2019une serait un luxe, l\u2019autre une n\u00e9cessit\u00e9. Dans ce faux d\u00e9bat, on entend et on lit \u00ab\u00a0Il est plus facile d\u2019\u00eatre \u00e9colo, de manger bio, quand on est \u00e0 Paris\u00a0\u00bb[1]. Penser \u00e0 son empreinte \u00e9cologique, [&hellip;]","og_url":"https:\/\/www.sarahroubato.com\/analyses\/ecolosocial2\/","og_site_name":"Sarah Roubato","article_author":"https:\/\/www.facebook.com\/SarahRubato","article_published_time":"2018-12-02T03:54:51+00:00","article_modified_time":"2021-04-15T06:19:41+00:00","og_image":[{"width":236,"height":376,"url":"https:\/\/www.sarahroubato.com\/wp-content\/uploads\/2018\/12\/boliganmedia.jpg","type":"image\/jpeg"}],"twitter_card":"summary","twitter_creator":"@SarahRubato","twitter_misc":{"Written by":"Sarah Roubato","Est. reading time":"32 minutes"},"schema":{"@context":"https:\/\/schema.org","@graph":[{"@type":"WebSite","@id":"https:\/\/www.sarahroubato.com\/#website","url":"https:\/\/www.sarahroubato.com\/","name":"Sarah Roubato","description":"Bring out the potential of people and society","potentialAction":[{"@type":"SearchAction","target":{"@type":"EntryPoint","urlTemplate":"https:\/\/www.sarahroubato.com\/?s={search_term_string}"},"query-input":"required name=search_term_string"}],"inLanguage":"en-US"},{"@type":"ImageObject","@id":"https:\/\/www.sarahroubato.com\/analyses\/ecolosocial2\/#primaryimage","inLanguage":"en-US","url":"https:\/\/www.sarahroubato.com\/wp-content\/uploads\/2018\/12\/boliganmedia.jpg","contentUrl":"https:\/\/www.sarahroubato.com\/wp-content\/uploads\/2018\/12\/boliganmedia.jpg","width":236,"height":376},{"@type":"WebPage","@id":"https:\/\/www.sarahroubato.com\/analyses\/ecolosocial2\/#webpage","url":"https:\/\/www.sarahroubato.com\/analyses\/ecolosocial2\/","name":"\"\u00c9colo pour les riches\" : le r\u00f4le des m\u00e9dias (Dossier : \u00e9colo ou social, la fausse opposition) - Sarah Roubato","isPartOf":{"@id":"https:\/\/www.sarahroubato.com\/#website"},"primaryImageOfPage":{"@id":"https:\/\/www.sarahroubato.com\/analyses\/ecolosocial2\/#primaryimage"},"datePublished":"2018-12-02T03:54:51+00:00","dateModified":"2021-04-15T06:19:41+00:00","author":{"@id":"https:\/\/www.sarahroubato.com\/#\/schema\/person\/2685c6d7bef7b9e1a4080510ea89fc04"},"breadcrumb":{"@id":"https:\/\/www.sarahroubato.com\/analyses\/ecolosocial2\/#breadcrumb"},"inLanguage":"en-US","potentialAction":[{"@type":"ReadAction","target":["https:\/\/www.sarahroubato.com\/analyses\/ecolosocial2\/"]}]},{"@type":"BreadcrumbList","@id":"https:\/\/www.sarahroubato.com\/analyses\/ecolosocial2\/#breadcrumb","itemListElement":[{"@type":"ListItem","position":1,"name":"Accueil","item":"https:\/\/www.sarahroubato.com\/"},{"@type":"ListItem","position":2,"name":"\u00ab\u00a0\u00c9colo pour les riches\u00a0\u00bb : le r\u00f4le des m\u00e9dias (Dossier : \u00e9colo ou social, la fausse opposition)"}]},{"@type":"Person","@id":"https:\/\/www.sarahroubato.com\/#\/schema\/person\/2685c6d7bef7b9e1a4080510ea89fc04","name":"Sarah Roubato","image":{"@type":"ImageObject","@id":"https:\/\/www.sarahroubato.com\/#personlogo","inLanguage":"en-US","url":"https:\/\/secure.gravatar.com\/avatar\/f3b82a096236e32f3cb63cbce13ffb3d?s=96&d=mm&r=g","contentUrl":"https:\/\/secure.gravatar.com\/avatar\/f3b82a096236e32f3cb63cbce13ffb3d?s=96&d=mm&r=g","caption":"Sarah Roubato"},"sameAs":["https:\/\/www.facebook.com\/SarahRubato","https:\/\/twitter.com\/SarahRubato"],"url":"https:\/\/www.sarahroubato.com\/en\/author\/sarah\/"}]}},"jetpack_featured_media_url":"https:\/\/www.sarahroubato.com\/wp-content\/uploads\/2018\/12\/boliganmedia.jpg","_links":{"self":[{"href":"https:\/\/www.sarahroubato.com\/en\/wp-json\/wp\/v2\/posts\/2954"}],"collection":[{"href":"https:\/\/www.sarahroubato.com\/en\/wp-json\/wp\/v2\/posts"}],"about":[{"href":"https:\/\/www.sarahroubato.com\/en\/wp-json\/wp\/v2\/types\/post"}],"author":[{"embeddable":true,"href":"https:\/\/www.sarahroubato.com\/en\/wp-json\/wp\/v2\/users\/2"}],"replies":[{"embeddable":true,"href":"https:\/\/www.sarahroubato.com\/en\/wp-json\/wp\/v2\/comments?post=2954"}],"version-history":[{"count":15,"href":"https:\/\/www.sarahroubato.com\/en\/wp-json\/wp\/v2\/posts\/2954\/revisions"}],"predecessor-version":[{"id":5248,"href":"https:\/\/www.sarahroubato.com\/en\/wp-json\/wp\/v2\/posts\/2954\/revisions\/5248"}],"wp:featuredmedia":[{"embeddable":true,"href":"https:\/\/www.sarahroubato.com\/en\/wp-json\/wp\/v2\/media\/3007"}],"wp:attachment":[{"href":"https:\/\/www.sarahroubato.com\/en\/wp-json\/wp\/v2\/media?parent=2954"}],"wp:term":[{"taxonomy":"category","embeddable":true,"href":"https:\/\/www.sarahroubato.com\/en\/wp-json\/wp\/v2\/categories?post=2954"},{"taxonomy":"post_tag","embeddable":true,"href":"https:\/\/www.sarahroubato.com\/en\/wp-json\/wp\/v2\/tags?post=2954"}],"curies":[{"name":"wp","href":"https:\/\/api.w.org\/{rel}","templated":true}]}}