
{"id":3207,"date":"2019-03-31T03:57:50","date_gmt":"2019-03-31T01:57:50","guid":{"rendered":"https:\/\/www.sarahroubato.com\/?p=3207"},"modified":"2021-04-15T08:51:33","modified_gmt":"2021-04-15T06:51:33","slug":"brancheshiver","status":"publish","type":"post","link":"https:\/\/www.sarahroubato.com\/en\/cequinousarrive\/brancheshiver\/","title":{"rendered":"Entre les branches de l&#8217;hiver"},"content":{"rendered":"<p><em>Entre 2h et 3h du matin, heure perdue la nuit du changement d&#8217;heure<\/em><\/p>\n<p>C\u2019est un paysage qui touche \u00e0 sa fin avec les bourgeons du printemps. Entre les branches des arbres, se d\u00e9couvre un paysage habituellement cach\u00e9 par la v\u00e9g\u00e9tation. De l\u00e0, je vois un paysage qui ne se d\u00e9voile qu\u2019en hiver. Une montagne enneig\u00e9e, un lac, un coteau. Les paysages de l\u2019hiver sont riches et g\u00e9n\u00e9reux, pour qui sait les regarder.<\/p>\n<p><img loading=\"lazy\" class=\"size-full wp-image-3226 aligncenter\" src=\"https:\/\/www.sarahroubato.com\/wp-content\/uploads\/2019\/04\/Capture-d&rsquo;e\u0301cran-2019-04-03-a\u0300-01.32.34.png\" alt=\"\" width=\"706\" height=\"334\" \/><\/p>\n<form action=\"https:\/\/www.paypal.com\/cgi-bin\/webscr\" method=\"post\" target=\"_top\"><input name=\"cmd\" type=\"hidden\" value=\"_s-xclick\" \/><br \/>\n<input name=\"hosted_button_id\" type=\"hidden\" value=\"EJQ4SMFNRV5JL\" \/><br \/>\n<input title=\"PayPal - The safer, easier way to pay online!\" alt=\"Donate with PayPal button\" name=\"submit\" src=\"https:\/\/www.paypalobjects.com\/fr_FR\/FR\/i\/btn\/btn_donateCC_LG.gif\" type=\"image\" \/><br \/>\n<img loading=\"lazy\" src=\"https:\/\/www.paypal.com\/fr_FR\/i\/scr\/pixel.gif\" alt=\"\" width=\"1\" height=\"1\" border=\"0\" \/><\/form>\n<p><img loading=\"lazy\" class=\"wp-image-3212 alignleft\" src=\"https:\/\/www.sarahroubato.com\/wp-content\/uploads\/2019\/03\/discorama.jpg\" alt=\"\" width=\"225\" height=\"224\" srcset=\"https:\/\/www.sarahroubato.com\/wp-content\/uploads\/2019\/03\/discorama.jpg 838w, https:\/\/www.sarahroubato.com\/wp-content\/uploads\/2019\/03\/discorama-150x150.jpg 150w, https:\/\/www.sarahroubato.com\/wp-content\/uploads\/2019\/03\/discorama-300x300.jpg 300w, https:\/\/www.sarahroubato.com\/wp-content\/uploads\/2019\/03\/discorama-768x766.jpg 768w, https:\/\/www.sarahroubato.com\/wp-content\/uploads\/2019\/03\/discorama-600x599.jpg 600w, https:\/\/www.sarahroubato.com\/wp-content\/uploads\/2019\/03\/discorama-60x60.jpg 60w\" sizes=\"(max-width: 225px) 100vw, 225px\" \/>Je me demande si nous savons encore voir la force du d\u00e9nuement. Je pense \u00e0 la puissance de la parole que faisait \u00e9merger Denise Glaser dans son \u00e9mission <em>Discorama<\/em> : deux tabourets, l\u2019\u00e9chelle du studio, et rien. Rien qu\u2019un visage. Je pense \u00e0 la force d\u2019un G\u00e9rard <a href=\"https:\/\/www.sarahroubato.com\/sceneauquotidien\/depardieu\/\" class=\"broken_link\">Depardieu<\/a> seul sur sc\u00e8ne chantant Barbara de sa voix qui ne chante pas. \u00c0 celle d\u2019un Mime Marceau que je d\u00e9couvrais lors de son dernier spectacle, qui, \u00e0 quatre-vingt ans, tenait une salle comble par son seul corps, dans la po\u00e9sie du silence.<\/p>\n<figure id=\"attachment_3211\" aria-describedby=\"caption-attachment-3211\" style=\"width: 329px\" class=\"wp-caption alignright\"><img loading=\"lazy\" class=\"wp-image-3211\" src=\"https:\/\/www.sarahroubato.com\/wp-content\/uploads\/2019\/03\/marceau.jpg\" alt=\"\" width=\"329\" height=\"219\" srcset=\"https:\/\/www.sarahroubato.com\/wp-content\/uploads\/2019\/03\/marceau.jpg 612w, https:\/\/www.sarahroubato.com\/wp-content\/uploads\/2019\/03\/marceau-150x100.jpg 150w, https:\/\/www.sarahroubato.com\/wp-content\/uploads\/2019\/03\/marceau-300x200.jpg 300w, https:\/\/www.sarahroubato.com\/wp-content\/uploads\/2019\/03\/marceau-600x400.jpg 600w, https:\/\/www.sarahroubato.com\/wp-content\/uploads\/2019\/03\/marceau-440x293.jpg 440w\" sizes=\"(max-width: 329px) 100vw, 329px\" \/><figcaption id=\"caption-attachment-3211\" class=\"wp-caption-text\">Daniel SIMON\/Gamma-Rapho via Getty Images<\/figcaption><\/figure>\n<p>Je pense \u00e0 la force qui se d\u00e9gageait dans l\u2019atelier de <a href=\"https:\/\/www.sarahroubato.com\/extraquotidien\/cecile\/\">C\u00e9cile<\/a> o\u00f9 pendant trois jours j\u2019ai pos\u00e9 pour qu\u2019elle me sculpte. Je pense \u00e0 cette parole qui de d\u00e9voile dans les veill\u00e9es, quand les gens se d\u00e9posent dans l\u2019\u00e9coute de portraits sonores. Qu\u2019ils sont l\u00e0 pour \u00e9couter ensemble, sans visuel.<\/p>\n<p>Et puis je pense \u00e0 ces randonneurs incapables de se taire sur un sentier, \u00e0 ces enfants qui hurlent dans les supermarch\u00e9s pour obtenir ce qu\u2019ils veulent. Je pense \u00e0 ceux qui allument la t\u00e9l\u00e9 ou la radio pour avoir un bruit de fond. \u00c0 ces meubles remplis de bibelots. \u00c0 ces \u00e9missions de radio o\u00f9 l\u2019animateur remplit les secondes qui d\u00e9filent sur son \u00e9cran, \u00e0 ces cam\u00e9ras qui ne savent plus se d\u00e9poser sur le visage d\u2019un chanteur mais qui filent et d\u00e9zooment fondent et reviennent. \u00c0 ceux qui cet \u00e9t\u00e9 s\u2019installeront dans un parc ou sur une plage avec leur mini enceinte qui crache sa musique. \u00c0 ceux qui se baladent avec. \u00c0 cette cloche qui sonne la fin d\u2019un cours et \u00e0 cette m\u00eame cloche qui sonne le d\u00e9but du suivant.<\/p>\n<p>J&#8217;\u00e9cris ce texte entre 2h et 3h du matin. Mais on me dit qu&#8217;\u00e0 2h ce soir il est en fait 3h. Tant mieux. Je ramasse cette heure perdue par les hommes. Il y en a bien qui ramassent les poubelles des autres. \u00c9trange pratique par laquelle nos soci\u00e9t\u00e9s, incapables de s\u2019adapter aux saisons, ont d\u00e9cr\u00e9t\u00e9 qu\u2019il fallait se r\u00e9veiller \u00e0 la m\u00eame heure tout a long de l\u2019ann\u00e9e, plut\u00f4t que d\u2019adapter nos rythmes aux cycles naturels.<\/p>\n<p>\u00c0 croire que dans un monde o\u00f9 on nous demande de fournir la m\u00eame performance en tout temps, notre horizon d\u2019esp\u00e9rance ne pourrait \u00eatre qu\u2019un \u00e9ternel \u00e9t\u00e9, un soleil constant, des fraises et des tomates tout au long de l\u2019ann\u00e9e. Et je me dis que d\u00e9cid\u00e9ment, le printemps arrive de plus en plus t\u00f4t. Bien trop t\u00f4t.<img loading=\"lazy\" class=\"wp-image-3209 aligncenter\" src=\"https:\/\/www.sarahroubato.com\/wp-content\/uploads\/2019\/03\/IMG_4287-1024x768.jpg\" alt=\"\" width=\"444\" height=\"333\" srcset=\"https:\/\/www.sarahroubato.com\/wp-content\/uploads\/2019\/03\/IMG_4287-1024x768.jpg 1024w, https:\/\/www.sarahroubato.com\/wp-content\/uploads\/2019\/03\/IMG_4287-150x113.jpg 150w, https:\/\/www.sarahroubato.com\/wp-content\/uploads\/2019\/03\/IMG_4287-300x225.jpg 300w, https:\/\/www.sarahroubato.com\/wp-content\/uploads\/2019\/03\/IMG_4287-768x576.jpg 768w, https:\/\/www.sarahroubato.com\/wp-content\/uploads\/2019\/03\/IMG_4287-600x450.jpg 600w\" sizes=\"(max-width: 444px) 100vw, 444px\" \/><\/p>\n<form action=\"https:\/\/www.paypal.com\/cgi-bin\/webscr\" method=\"post\" target=\"_top\"><input name=\"cmd\" type=\"hidden\" value=\"_s-xclick\" \/><br \/>\n<input name=\"hosted_button_id\" type=\"hidden\" value=\"EJQ4SMFNRV5JL\" \/><br \/>\n<input title=\"PayPal - The safer, easier way to pay online!\" alt=\"Donate with PayPal button\" name=\"submit\" src=\"https:\/\/www.paypalobjects.com\/fr_FR\/FR\/i\/btn\/btn_donateCC_LG.gif\" type=\"image\" \/><br \/>\n<img loading=\"lazy\" src=\"https:\/\/www.paypal.com\/fr_FR\/i\/scr\/pixel.gif\" alt=\"\" width=\"1\" height=\"1\" border=\"0\" \/><\/form>\n<p>Sarah Roubato a publi\u00e9 :<img loading=\"lazy\" class=\" wp-image-3000 alignleft\" src=\"https:\/\/www.sarahroubato.com\/wp-content\/uploads\/2018\/12\/9782371775497_COV-1e-sd-617x1024.jpg\" alt=\"\" width=\"162\" height=\"269\" srcset=\"https:\/\/www.sarahroubato.com\/wp-content\/uploads\/2018\/12\/9782371775497_COV-1e-sd-617x1024.jpg 617w, https:\/\/www.sarahroubato.com\/wp-content\/uploads\/2018\/12\/9782371775497_COV-1e-sd-90x150.jpg 90w, https:\/\/www.sarahroubato.com\/wp-content\/uploads\/2018\/12\/9782371775497_COV-1e-sd-181x300.jpg 181w, https:\/\/www.sarahroubato.com\/wp-content\/uploads\/2018\/12\/9782371775497_COV-1e-sd-768x1275.jpg 768w, https:\/\/www.sarahroubato.com\/wp-content\/uploads\/2018\/12\/9782371775497_COV-1e-sd-600x996.jpg 600w, https:\/\/www.sarahroubato.com\/wp-content\/uploads\/2018\/12\/9782371775497_COV-1e-sd.jpg 1309w\" sizes=\"(max-width: 162px) 100vw, 162px\" \/><em style=\"line-height: 1.5;\">\u00a0Partout en France et ailleurs, ils sont sur le point d\u2019avoir trente ans. Une foule d\u2019anonymes qui cherchent \u00e0 habiter le monde ou \u00e0 le fuir, \u00e0 dessiner leurs r\u00eaves ou \u00e0 s\u2019en d\u00e9tourner. Au c\u0153ur du tumulte, ils s\u2019interrogent, se font violence et ce sont leurs voix que l\u2019on entend se d\u00e9ployer\u00a0<\/em>Cliquez<a href=\"http:\/\/publie.net\/livre\/30-ans-heure-sarah-roubato\/\"><strong> ici<\/strong><\/a> pour le commander chez l&#8217;\u00e9diteur<\/p>\n<p>&nbsp;<\/p>\n<p>&nbsp;<\/p>\n<p><a href=\"https:\/\/www.sarahroubato.com\/oeuvres\/trouveleverbesonore\/\"><img loading=\"lazy\" class=\"wp-image-2348 alignleft\" src=\"https:\/\/www.sarahroubato.com\/wp-content\/uploads\/2017\/12\/couv-Nage-de-lourse-662x1024.jpg\" alt=\"\" width=\"166\" height=\"257\" srcset=\"https:\/\/www.sarahroubato.com\/wp-content\/uploads\/2017\/12\/couv-Nage-de-lourse-662x1024.jpg 662w, https:\/\/www.sarahroubato.com\/wp-content\/uploads\/2017\/12\/couv-Nage-de-lourse-97x150.jpg 97w, https:\/\/www.sarahroubato.com\/wp-content\/uploads\/2017\/12\/couv-Nage-de-lourse-194x300.jpg 194w, https:\/\/www.sarahroubato.com\/wp-content\/uploads\/2017\/12\/couv-Nage-de-lourse-600x928.jpg 600w, https:\/\/www.sarahroubato.com\/wp-content\/uploads\/2017\/12\/couv-Nage-de-lourse.jpg 779w\" sizes=\"(max-width: 166px) 100vw, 166px\" \/><\/a><\/p>\n<p>&nbsp;<\/p>\n<p class=\"small\"><em>Une jeune femme \u00e9crit \u00e0 un adolescent et lui propose d\u2019envisager son avenir avec un autre regard que celui qu\u2019on lui a appris, pour faire face \u00e0 un monde qui change et qu\u2019il va devoir r\u00e9inventer. Une lettre qui r\u00e9sonne \u00e0 tout \u00e2ge pour ceux qui ont eu envie de quitter les chemins tout trac\u00e9s et \u00e0 qui on a dit que c\u2019\u00e9tait impossible.<\/em><\/p>\n<p>Cliquez\u00a0<strong><a href=\"https:\/\/www.sarahroubato.com\/acheter\/trouveleverbe\/\">ici\u00a0<\/a><\/strong>pour commander le livre \u00a0ou commandez-le dans n&#8217;importe quelle librairie.<\/p>\n<p>&nbsp;<\/p>\n<p>&nbsp;<\/p>\n<p><a href=\"http:\/\/www.michel-lafon.fr\/livre\/1687-Lettres_a_ma_generation.html\"><em><img loading=\"lazy\" class=\" wp-image-1091 alignleft\" src=\"https:\/\/www.sarahroubato.com\/wp-content\/uploads\/2016\/02\/livre-sarah-103x150.jpg\" alt=\"livre sarah\" width=\"129\" height=\"188\" srcset=\"https:\/\/www.sarahroubato.com\/wp-content\/uploads\/2016\/02\/livre-sarah-103x150.jpg 103w, https:\/\/www.sarahroubato.com\/wp-content\/uploads\/2016\/02\/livre-sarah-205x300.jpg 205w, https:\/\/www.sarahroubato.com\/wp-content\/uploads\/2016\/02\/livre-sarah.jpg 341w\" sizes=\"(max-width: 129px) 100vw, 129px\" \/><\/em><\/a><\/p>\n<p><em>Un recueil de lettres adress\u00e9es \u00e0 toutes celles et ceux, m\u00eame s&#8217;ils ne peuvent pas r\u00e9pondre, qui peuplent la solitude d&#8217;une jeune femme \u00e9prise de la beaut\u00e9 du monde. Comment la dire, comment la pr\u00e9server, comment y participer, alors que des forces contraires \u2013 l&#8217;hyperconsommation, les renoncements politiques, l&#8217;ambivalence du progr\u00e8s technologique \u2013 nous isolent toujours plus les uns des autres ?<\/em><\/p>\n<p>Cliquez <strong><a href=\"https:\/\/mrmondialisation.org\/sarah-roubato-lettres-a-ma-generation\/\" target=\"_blank\" rel=\"noopener noreferrer\">ici\u00a0<\/a><\/strong>pour en savoir plus et lire des extraits. Cliquez sur le livre pour le commander directement chez l&#8217;\u00e9diteur ou commandez-le dans n&#8217;importe quelle librairie<\/p>\n<p>&nbsp;<\/p>\n<p>&nbsp;<\/p>\n<p><img loading=\"lazy\" class=\" wp-image-3000 alignleft\" src=\"https:\/\/www.sarahroubato.com\/wp-content\/uploads\/2018\/12\/9782371775497_COV-1e-sd-617x1024.jpg\" alt=\"\" width=\"223\" height=\"370\" srcset=\"https:\/\/www.sarahroubato.com\/wp-content\/uploads\/2018\/12\/9782371775497_COV-1e-sd-617x1024.jpg 617w, https:\/\/www.sarahroubato.com\/wp-content\/uploads\/2018\/12\/9782371775497_COV-1e-sd-90x150.jpg 90w, https:\/\/www.sarahroubato.com\/wp-content\/uploads\/2018\/12\/9782371775497_COV-1e-sd-181x300.jpg 181w, https:\/\/www.sarahroubato.com\/wp-content\/uploads\/2018\/12\/9782371775497_COV-1e-sd-768x1275.jpg 768w, https:\/\/www.sarahroubato.com\/wp-content\/uploads\/2018\/12\/9782371775497_COV-1e-sd-600x996.jpg 600w, https:\/\/www.sarahroubato.com\/wp-content\/uploads\/2018\/12\/9782371775497_COV-1e-sd.jpg 1309w\" sizes=\"(max-width: 223px) 100vw, 223px\" \/><\/p>\n<div style=\"position: relative; height: 0; padding-bottom: 56.25%;\"><iframe loading=\"lazy\" style=\"position: absolute; width: 100%; height: 100%; left: 0;\" src=\"https:\/\/www.youtube.com\/embed\/GhbnrEuAcA0?ecver=2\" width=\"640\" height=\"360\" frameborder=\"0\" allowfullscreen=\"allowfullscreen\"><\/iframe><\/div>\n<p><\/p>","protected":false},"excerpt":{"rendered":"<p>Entre 2h et 3h du matin, heure perdue la nuit du changement d&#8217;heure C\u2019est un paysage qui touche \u00e0 sa fin avec les bourgeons du printemps. Entre les branches des arbres, se d\u00e9couvre un paysage habituellement cach\u00e9 par la v\u00e9g\u00e9tation. De l\u00e0, je vois un paysage qui ne se d\u00e9voile qu\u2019en hiver. Une montagne enneig\u00e9e, [&hellip;]<\/p>\n","protected":false},"author":2,"featured_media":3210,"comment_status":"open","ping_status":"open","sticky":false,"template":"","format":"standard","meta":{"spay_email":""},"categories":[17],"tags":[],"acf":[],"yoast_head":"<!-- This site is optimized with the Yoast SEO plugin v18.4.1 - https:\/\/yoast.com\/wordpress\/plugins\/seo\/ -->\n<title>Entre les branches de l&#039;hiver - Sarah Roubato<\/title>\n<meta name=\"robots\" content=\"index, follow, max-snippet:-1, max-image-preview:large, max-video-preview:-1\" \/>\n<link rel=\"canonical\" href=\"https:\/\/www.sarahroubato.com\/es\/cequinousarrive\/brancheshiver\/\" \/>\n<meta property=\"og:locale\" content=\"en_US\" \/>\n<meta property=\"og:type\" content=\"article\" \/>\n<meta property=\"og:title\" content=\"Entre les branches de l&#039;hiver - Sarah Roubato\" \/>\n<meta property=\"og:description\" content=\"Entre 2h et 3h du matin, heure perdue la nuit du changement d&#8217;heure C\u2019est un paysage qui touche \u00e0 sa fin avec les bourgeons du printemps. Entre les branches des arbres, se d\u00e9couvre un paysage habituellement cach\u00e9 par la v\u00e9g\u00e9tation. De l\u00e0, je vois un paysage qui ne se d\u00e9voile qu\u2019en hiver. Une montagne enneig\u00e9e, [&hellip;]\" \/>\n<meta property=\"og:url\" content=\"https:\/\/www.sarahroubato.com\/es\/cequinousarrive\/brancheshiver\/\" \/>\n<meta property=\"og:site_name\" content=\"Sarah Roubato\" \/>\n<meta property=\"article:author\" content=\"https:\/\/www.facebook.com\/SarahRubato\" \/>\n<meta property=\"article:published_time\" content=\"2019-03-31T01:57:50+00:00\" \/>\n<meta property=\"article:modified_time\" content=\"2021-04-15T06:51:33+00:00\" \/>\n<meta property=\"og:image\" content=\"https:\/\/www.sarahroubato.com\/wp-content\/uploads\/2019\/03\/IMG_4343-768x1024.jpg\" \/>\n\t<meta property=\"og:image:width\" content=\"768\" \/>\n\t<meta property=\"og:image:height\" content=\"1024\" \/>\n\t<meta property=\"og:image:type\" content=\"image\/jpeg\" \/>\n<meta name=\"twitter:card\" content=\"summary\" \/>\n<meta name=\"twitter:creator\" content=\"@SarahRubato\" \/>\n<meta name=\"twitter:label1\" content=\"Written by\" \/>\n\t<meta name=\"twitter:data1\" content=\"Sarah Roubato\" \/>\n\t<meta name=\"twitter:label2\" content=\"Est. reading time\" \/>\n\t<meta name=\"twitter:data2\" content=\"11 minutes\" \/>\n<script type=\"application\/ld+json\" class=\"yoast-schema-graph\">{\"@context\":\"https:\/\/schema.org\",\"@graph\":[{\"@type\":\"WebSite\",\"@id\":\"https:\/\/www.sarahroubato.com\/#website\",\"url\":\"https:\/\/www.sarahroubato.com\/\",\"name\":\"Sarah Roubato\",\"description\":\"Bring out the potential of people and society\",\"potentialAction\":[{\"@type\":\"SearchAction\",\"target\":{\"@type\":\"EntryPoint\",\"urlTemplate\":\"https:\/\/www.sarahroubato.com\/?s={search_term_string}\"},\"query-input\":\"required name=search_term_string\"}],\"inLanguage\":\"en-US\"},{\"@type\":\"ImageObject\",\"@id\":\"https:\/\/www.sarahroubato.com\/es\/cequinousarrive\/brancheshiver\/#primaryimage\",\"inLanguage\":\"en-US\",\"url\":\"https:\/\/www.sarahroubato.com\/wp-content\/uploads\/2019\/03\/IMG_4343.jpg\",\"contentUrl\":\"https:\/\/www.sarahroubato.com\/wp-content\/uploads\/2019\/03\/IMG_4343.jpg\",\"width\":2448,\"height\":3264},{\"@type\":\"WebPage\",\"@id\":\"https:\/\/www.sarahroubato.com\/es\/cequinousarrive\/brancheshiver\/#webpage\",\"url\":\"https:\/\/www.sarahroubato.com\/es\/cequinousarrive\/brancheshiver\/\",\"name\":\"Entre les branches de l'hiver - Sarah Roubato\",\"isPartOf\":{\"@id\":\"https:\/\/www.sarahroubato.com\/#website\"},\"primaryImageOfPage\":{\"@id\":\"https:\/\/www.sarahroubato.com\/es\/cequinousarrive\/brancheshiver\/#primaryimage\"},\"datePublished\":\"2019-03-31T01:57:50+00:00\",\"dateModified\":\"2021-04-15T06:51:33+00:00\",\"author\":{\"@id\":\"https:\/\/www.sarahroubato.com\/#\/schema\/person\/2685c6d7bef7b9e1a4080510ea89fc04\"},\"breadcrumb\":{\"@id\":\"https:\/\/www.sarahroubato.com\/es\/cequinousarrive\/brancheshiver\/#breadcrumb\"},\"inLanguage\":\"en-US\",\"potentialAction\":[{\"@type\":\"ReadAction\",\"target\":[\"https:\/\/www.sarahroubato.com\/es\/cequinousarrive\/brancheshiver\/\"]}]},{\"@type\":\"BreadcrumbList\",\"@id\":\"https:\/\/www.sarahroubato.com\/es\/cequinousarrive\/brancheshiver\/#breadcrumb\",\"itemListElement\":[{\"@type\":\"ListItem\",\"position\":1,\"name\":\"Accueil\",\"item\":\"https:\/\/www.sarahroubato.com\/\"},{\"@type\":\"ListItem\",\"position\":2,\"name\":\"Entre les branches de l&rsquo;hiver\"}]},{\"@type\":\"Person\",\"@id\":\"https:\/\/www.sarahroubato.com\/#\/schema\/person\/2685c6d7bef7b9e1a4080510ea89fc04\",\"name\":\"Sarah Roubato\",\"image\":{\"@type\":\"ImageObject\",\"@id\":\"https:\/\/www.sarahroubato.com\/#personlogo\",\"inLanguage\":\"en-US\",\"url\":\"https:\/\/secure.gravatar.com\/avatar\/f3b82a096236e32f3cb63cbce13ffb3d?s=96&d=mm&r=g\",\"contentUrl\":\"https:\/\/secure.gravatar.com\/avatar\/f3b82a096236e32f3cb63cbce13ffb3d?s=96&d=mm&r=g\",\"caption\":\"Sarah Roubato\"},\"sameAs\":[\"https:\/\/www.facebook.com\/SarahRubato\",\"https:\/\/twitter.com\/SarahRubato\"],\"url\":\"https:\/\/www.sarahroubato.com\/en\/author\/sarah\/\"}]}<\/script>\n<!-- \/ Yoast SEO plugin. -->","yoast_head_json":{"title":"Entre les branches de l'hiver - Sarah Roubato","robots":{"index":"index","follow":"follow","max-snippet":"max-snippet:-1","max-image-preview":"max-image-preview:large","max-video-preview":"max-video-preview:-1"},"canonical":"https:\/\/www.sarahroubato.com\/es\/cequinousarrive\/brancheshiver\/","og_locale":"en_US","og_type":"article","og_title":"Entre les branches de l'hiver - Sarah Roubato","og_description":"Entre 2h et 3h du matin, heure perdue la nuit du changement d&#8217;heure C\u2019est un paysage qui touche \u00e0 sa fin avec les bourgeons du printemps. Entre les branches des arbres, se d\u00e9couvre un paysage habituellement cach\u00e9 par la v\u00e9g\u00e9tation. De l\u00e0, je vois un paysage qui ne se d\u00e9voile qu\u2019en hiver. Une montagne enneig\u00e9e, [&hellip;]","og_url":"https:\/\/www.sarahroubato.com\/es\/cequinousarrive\/brancheshiver\/","og_site_name":"Sarah Roubato","article_author":"https:\/\/www.facebook.com\/SarahRubato","article_published_time":"2019-03-31T01:57:50+00:00","article_modified_time":"2021-04-15T06:51:33+00:00","og_image":[{"width":768,"height":1024,"url":"https:\/\/www.sarahroubato.com\/wp-content\/uploads\/2019\/03\/IMG_4343-768x1024.jpg","type":"image\/jpeg"}],"twitter_card":"summary","twitter_creator":"@SarahRubato","twitter_misc":{"Written by":"Sarah Roubato","Est. reading time":"11 minutes"},"schema":{"@context":"https:\/\/schema.org","@graph":[{"@type":"WebSite","@id":"https:\/\/www.sarahroubato.com\/#website","url":"https:\/\/www.sarahroubato.com\/","name":"Sarah Roubato","description":"Bring out the potential of people and society","potentialAction":[{"@type":"SearchAction","target":{"@type":"EntryPoint","urlTemplate":"https:\/\/www.sarahroubato.com\/?s={search_term_string}"},"query-input":"required name=search_term_string"}],"inLanguage":"en-US"},{"@type":"ImageObject","@id":"https:\/\/www.sarahroubato.com\/es\/cequinousarrive\/brancheshiver\/#primaryimage","inLanguage":"en-US","url":"https:\/\/www.sarahroubato.com\/wp-content\/uploads\/2019\/03\/IMG_4343.jpg","contentUrl":"https:\/\/www.sarahroubato.com\/wp-content\/uploads\/2019\/03\/IMG_4343.jpg","width":2448,"height":3264},{"@type":"WebPage","@id":"https:\/\/www.sarahroubato.com\/es\/cequinousarrive\/brancheshiver\/#webpage","url":"https:\/\/www.sarahroubato.com\/es\/cequinousarrive\/brancheshiver\/","name":"Entre les branches de l'hiver - Sarah Roubato","isPartOf":{"@id":"https:\/\/www.sarahroubato.com\/#website"},"primaryImageOfPage":{"@id":"https:\/\/www.sarahroubato.com\/es\/cequinousarrive\/brancheshiver\/#primaryimage"},"datePublished":"2019-03-31T01:57:50+00:00","dateModified":"2021-04-15T06:51:33+00:00","author":{"@id":"https:\/\/www.sarahroubato.com\/#\/schema\/person\/2685c6d7bef7b9e1a4080510ea89fc04"},"breadcrumb":{"@id":"https:\/\/www.sarahroubato.com\/es\/cequinousarrive\/brancheshiver\/#breadcrumb"},"inLanguage":"en-US","potentialAction":[{"@type":"ReadAction","target":["https:\/\/www.sarahroubato.com\/es\/cequinousarrive\/brancheshiver\/"]}]},{"@type":"BreadcrumbList","@id":"https:\/\/www.sarahroubato.com\/es\/cequinousarrive\/brancheshiver\/#breadcrumb","itemListElement":[{"@type":"ListItem","position":1,"name":"Accueil","item":"https:\/\/www.sarahroubato.com\/"},{"@type":"ListItem","position":2,"name":"Entre les branches de l&rsquo;hiver"}]},{"@type":"Person","@id":"https:\/\/www.sarahroubato.com\/#\/schema\/person\/2685c6d7bef7b9e1a4080510ea89fc04","name":"Sarah Roubato","image":{"@type":"ImageObject","@id":"https:\/\/www.sarahroubato.com\/#personlogo","inLanguage":"en-US","url":"https:\/\/secure.gravatar.com\/avatar\/f3b82a096236e32f3cb63cbce13ffb3d?s=96&d=mm&r=g","contentUrl":"https:\/\/secure.gravatar.com\/avatar\/f3b82a096236e32f3cb63cbce13ffb3d?s=96&d=mm&r=g","caption":"Sarah Roubato"},"sameAs":["https:\/\/www.facebook.com\/SarahRubato","https:\/\/twitter.com\/SarahRubato"],"url":"https:\/\/www.sarahroubato.com\/en\/author\/sarah\/"}]}},"jetpack_featured_media_url":"https:\/\/www.sarahroubato.com\/wp-content\/uploads\/2019\/03\/IMG_4343.jpg","_links":{"self":[{"href":"https:\/\/www.sarahroubato.com\/en\/wp-json\/wp\/v2\/posts\/3207"}],"collection":[{"href":"https:\/\/www.sarahroubato.com\/en\/wp-json\/wp\/v2\/posts"}],"about":[{"href":"https:\/\/www.sarahroubato.com\/en\/wp-json\/wp\/v2\/types\/post"}],"author":[{"embeddable":true,"href":"https:\/\/www.sarahroubato.com\/en\/wp-json\/wp\/v2\/users\/2"}],"replies":[{"embeddable":true,"href":"https:\/\/www.sarahroubato.com\/en\/wp-json\/wp\/v2\/comments?post=3207"}],"version-history":[{"count":16,"href":"https:\/\/www.sarahroubato.com\/en\/wp-json\/wp\/v2\/posts\/3207\/revisions"}],"predecessor-version":[{"id":5267,"href":"https:\/\/www.sarahroubato.com\/en\/wp-json\/wp\/v2\/posts\/3207\/revisions\/5267"}],"wp:featuredmedia":[{"embeddable":true,"href":"https:\/\/www.sarahroubato.com\/en\/wp-json\/wp\/v2\/media\/3210"}],"wp:attachment":[{"href":"https:\/\/www.sarahroubato.com\/en\/wp-json\/wp\/v2\/media?parent=3207"}],"wp:term":[{"taxonomy":"category","embeddable":true,"href":"https:\/\/www.sarahroubato.com\/en\/wp-json\/wp\/v2\/categories?post=3207"},{"taxonomy":"post_tag","embeddable":true,"href":"https:\/\/www.sarahroubato.com\/en\/wp-json\/wp\/v2\/tags?post=3207"}],"curies":[{"name":"wp","href":"https:\/\/api.w.org\/{rel}","templated":true}]}}