
{"id":360,"date":"2015-06-10T00:23:50","date_gmt":"2015-06-10T00:23:50","guid":{"rendered":"https:\/\/www.sarahroubato.com\/?p=360"},"modified":"2020-05-18T15:44:47","modified_gmt":"2020-05-18T13:44:47","slug":"les-ateliers-cooperatifs-la-revolution-arrive-sur-montreal","status":"publish","type":"post","link":"https:\/\/www.sarahroubato.com\/en\/analyses\/les-ateliers-cooperatifs-la-revolution-arrive-sur-montreal\/","title":{"rendered":"Les ateliers coop\u00e9ratifs : la r\u00e9volution arrive sur Montr\u00e9al"},"content":{"rendered":"<p><a href=\"https:\/\/www.paypal.me\/sarahroubatofr\"><img loading=\"lazy\" class=\" size-medium wp-image-1026 aligncenter\" src=\"https:\/\/www.sarahroubato.com\/wp-content\/uploads\/2015\/12\/mafalda9-300x214.jpg\" alt=\"mafalda9\" width=\"300\" height=\"214\" srcset=\"https:\/\/www.sarahroubato.com\/wp-content\/uploads\/2015\/12\/mafalda9-300x214.jpg 300w, https:\/\/www.sarahroubato.com\/wp-content\/uploads\/2015\/12\/mafalda9-150x107.jpg 150w, https:\/\/www.sarahroubato.com\/wp-content\/uploads\/2015\/12\/mafalda9.jpg 378w\" sizes=\"(max-width: 300px) 100vw, 300px\" \/><\/a><\/p>\n<p><em>publi\u00e9 dans<a href=\"https:\/\/mrmondialisation.org\/\"><strong> Mr. Mondialisation<\/strong> <\/a><\/em><\/p>\n<p>Rue St Ferdinand, \u00e0 St Henri. L\u2019une des derni\u00e8res rues de Montr\u00e9al o\u00f9 les maisons ont conserv\u00e9 leur architecture du temps o\u00f9 tout le quartier \u00e9tait habit\u00e9 par des ouvriers. Avec ses cours o\u00f9 les gamins couraient apr\u00e8s les poules, ses vieux portails en bois par o\u00f9 rentraient les chevaux, ses portes plus basses que la norme. Juste avant la rue St Ambroise, un immense b\u00e2timent de briques, comme on en trouve beaucoup dans le quartier, o\u00f9 des artisans et artistes en tout genre louent des locaux et cr\u00e9ent leurs ateliers. Samedi 9 mai, Helios Makerspace, un atelier coop\u00e9ratif, a organis\u00e9 sa premi\u00e8re rencontre d\u2019artisans.<\/p>\n<p>En Europe, en Asie, aux USA, en Afrique, le mouvement des ateliers coop\u00e9ratifs (appel\u00e9 en anglais <em>hackerspac,e<\/em> <em>medialab<\/em> ou <em>makerspace<\/em>) est bien implant\u00e9\u00a0: De Boston \u00e0 Toulouse, de Yogyakarta \u00e0 Rio en passant par Lom\u00e9 au Togo, des espaces communautaires s\u2019ouvrent, dans des b\u00e2timents high tec ou des hangars, dans les m\u00e9tropoles comme dans des villages ou des petites villes. L\u2019histoire est souvent la m\u00eame\u00a0: \u00ab\u00a0Au d\u00e9but on n\u2019avait qu\u2019une table, deux chaises, un tournevis et un marteau\u2026\u00a0\u00bb. Quelques mois plus tard, le virus prend : les gens int\u00e9ress\u00e9s par l\u2019\u00e9lectronique, l\u2019art manuel ou digital, am\u00e8nent leur mat\u00e9riel et viennent profiter de l\u2019espace commun, la ville l\u2019\u00c9tat offrent des aides. Au Canada on les trouve \u00e0 Vancouver, Winnipeg, Ottawa, Toronto entre autres. \u00c0 Montr\u00e9al, le mouvement est tout jeune encore, et n\u2019a pas encore capt\u00e9 l\u2019attention des m\u00e9dias.<\/p>\n<p><strong>La r\u00e9ponse d\u2019une g\u00e9n\u00e9ration<br \/>\n<\/strong><\/p>\n<p>\u00ab\u00a0<em>Il s\u2019agit avant tout de s\u2019\u00e9manciper. Nous voulons contr\u00f4ler ce que nous faisons. Nous ne voulons pas \u00eatre seulement des consommateurs passifs<\/em>.\u00a0\u00bb Justyna Ausareny<\/p>\n<p>Ces espaces o\u00f9 professionnels et amateurs viennent partager savoir et invention, est la r\u00e9ponse de toute une g\u00e9n\u00e9ration au monde essouffl\u00e9 du capitalisme individualiste et de la surconsommation. L\u00e0 o\u00f9 tout est fait pour isoler les individus et les mettre en comp\u00e9tition, ils cr\u00e9ent des espaces communautaires d\u2019entraide. L\u00e0 o\u00f9 les gens sont pouss\u00e9s \u00e0 \u00eatre des consommateurs passifs, ils se r\u00e9approprient la fabrication\u00a0: ils bidouillent, ils assemblent, ils jardinent, ils cuisinent.<\/p>\n<p>Comme les universit\u00e9s populaires, les jardins communautaires, les \u00e9co-villages ou les concerts de salon, les ateliers coop\u00e9ratifs sortent le savoir des institutions et des sp\u00e9cialistes pour le mettre \u00e0 la disposition de tous. Ici pas de CV, pas de dossier, pas m\u00eame besoin d\u2019exp\u00e9rience\u00a0: c\u2019est l\u2019envie et l\u2019implication qui comptent. Le savoir ne passe que par le partage, par l\u2019action, par l\u2019exp\u00e9rimentation. C\u2019est le DIY (Do it yourself ) et le DIWO (do it with others).<\/p>\n<p><strong>De la r\u00e9paration d\u2019un monde \u00e0 la pr\u00e9paration d\u2019un autre<br \/>\n<\/strong><\/p>\n<figure id=\"attachment_362\" aria-describedby=\"caption-attachment-362\" style=\"width: 300px\" class=\"wp-caption alignright\"><a href=\"https:\/\/www.sarahroubato.com\/wp-content\/uploads\/2015\/06\/helios2.jpg\"><img loading=\"lazy\" class=\"size-medium wp-image-362\" src=\"https:\/\/www.sarahroubato.com\/wp-content\/uploads\/2015\/06\/helios2-300x186.jpg\" alt=\"Helios se concentre beaucoup sur les enfants\" width=\"300\" height=\"186\" srcset=\"https:\/\/www.sarahroubato.com\/wp-content\/uploads\/2015\/06\/helios2-300x186.jpg 300w, https:\/\/www.sarahroubato.com\/wp-content\/uploads\/2015\/06\/helios2.jpg 780w\" sizes=\"(max-width: 300px) 100vw, 300px\" \/><\/a><figcaption id=\"caption-attachment-362\" class=\"wp-caption-text\">Helios se concentre beaucoup sur les enfants<\/figcaption><\/figure>\n<p>Cette nouvelle g\u00e9n\u00e9ration cherche \u00e0 r\u00e9tablir les \u00e9quilibres que nous avons perdus\u00a0: entre l\u2019individualisme et la communaut\u00e9, entre le virtuel et le manuel, entre la science et l\u2019art, et brisent les fronti\u00e8res entre amateurs et professionnels. Dans un atelier coop\u00e9ratif, tout part des r\u00eaves d\u2019un individu. C\u2019est le groupe qui l\u2019aide \u00e0 les r\u00e9aliser. Le virtuel n\u2019isole pas les individus, il leur permet de se rassembler. L\u2019\u00e9lectronique et le manuel font bon m\u00e9nage\u00a0: ainsi Anthony Lapointe, membre de iMuFab, atelier de fabrication num\u00e9rique du imus\u00e9e, a pr\u00e9sent\u00e9 aux journ\u00e9es portes ouvertes de Helios son projet de cr\u00e9er une serre o\u00f9 les besoins des plantes en eau, en soleil et en air, sont automatiquement d\u00e9tect\u00e9s par un programme num\u00e9rique.<\/p>\n<p>Les ateliers coop\u00e9ratifs deviennent les laboratoires de projets de d\u00e9veloppement durable, attirant les conspirateurs du futur. Ainsi Isabel Casares, une jeune chef mexicaine, a pr\u00e9sent\u00e9 \u00e0 la journ\u00e9e porte de Helios son projet de produits faits \u00e0 partir de fruits et de l\u00e9gumes jet\u00e9s par les supermarch\u00e9s montr\u00e9alais. Elle cr\u00e9e des confitures et des conserves et les revend dans les m\u00eames supermarch\u00e9s, qui deviennent ses fournisseurs et ses clients. Les gaspillants deviennent les r\u00e9cup\u00e9rateurs.<\/p>\n<p>\u00c0 Helios, les enfants sont bien s\u00fbr les bienvenus. Les ateliers coop\u00e9ratifs recr\u00e9ent le lien mutil\u00e9 entre les g\u00e9n\u00e9rations. En pr\u00e9sentant leur console de jeu maison, les fr\u00e8res Lamontagne ont racont\u00e9 avoir voulu recr\u00e9er pour leurs enfants ce que leur grand-p\u00e8re avait bidouill\u00e9 pour eux. Retrouver le plaisir de fabriquer ses propres jeux\u2026 comme avant, avec les outils d\u2019aujourd\u2019hui.<\/p>\n<p><em>\u00ab\u00a0Chacun devient le d\u00e9clencheur du r\u00eave de l\u2019autre. Cr\u00e9er un espace d\u2019entraide qui permette \u00e0 chacun de devenir un faiseur qui apprend, qui s\u2019amuse, qui partage, cela fait des gens plus heureux.\u00a0\u00bb <\/em>Justyna Ausareny<\/p>\n<p><strong>Helios, un futur pionnier<\/strong><\/p>\n<figure id=\"attachment_364\" aria-describedby=\"caption-attachment-364\" style=\"width: 300px\" class=\"wp-caption alignleft\"><a href=\"https:\/\/www.sarahroubato.com\/wp-content\/uploads\/2015\/06\/helios5.jpg\"><img loading=\"lazy\" class=\"wp-image-364 size-medium\" src=\"https:\/\/www.sarahroubato.com\/wp-content\/uploads\/2015\/06\/helios5-300x200.jpg\" alt=\"Les artisans de Helios \u00e0 la premi\u00e8re rencontre des artisans.  En bas au centre, Le Lambert, le fondateur de Helios En haut \u00e0 gauche, Justyna Ausareny, codirectrice   \" width=\"300\" height=\"200\" srcset=\"https:\/\/www.sarahroubato.com\/wp-content\/uploads\/2015\/06\/helios5-300x200.jpg 300w, https:\/\/www.sarahroubato.com\/wp-content\/uploads\/2015\/06\/helios5-440x293.jpg 440w, https:\/\/www.sarahroubato.com\/wp-content\/uploads\/2015\/06\/helios5-650x433.jpg 650w, https:\/\/www.sarahroubato.com\/wp-content\/uploads\/2015\/06\/helios5-886x590.jpg 886w, https:\/\/www.sarahroubato.com\/wp-content\/uploads\/2015\/06\/helios5.jpg 960w\" sizes=\"(max-width: 300px) 100vw, 300px\" \/><\/a><figcaption id=\"caption-attachment-364\" class=\"wp-caption-text\">Les artisans de Helios \u00e0 la premi\u00e8re rencontre des artisans. En bas au centre, Le Lambert, le fondateur de Helios En haut \u00e0 gauche, Justyna Ausareny, codirectrice<\/figcaption><\/figure>\n<p>Qu\u2019on se le dise\u00a0: dans quelques ann\u00e9es, on parlera de Helios comme l\u2019un des pionniers du mouvement des ateliers coop\u00e9ratifs \u00e0 Montr\u00e9al. \u00c0 l\u2019origine de ce projet, Le Lambert et quelques amis. \u00c9tudiants en g\u00e9nie \u00e0 Concordia, ils vont dans les labos mis \u00e0 disposition par l\u2019universit\u00e9. \u00c0 la sortie, ils ont le dipl\u00f4me en poche, des r\u00eaves plein la t\u00eate, du savoir-faire dans les mains, mais ils ont perdu tout acc\u00e8s au mat\u00e9riel professionnel. C\u2019est ainsi que les \u00e9tudiants en arts et en sciences humaines quittent le cocon universitaire et se retrouvent sur le march\u00e9 du travail o\u00f9 les r\u00e8gles ne sont plus les m\u00eames, o\u00f9 il ne suffit pas d\u2019\u00eatre dou\u00e9 et de travailler fort pour r\u00e9ussir. Helios et d\u2019autres ateliers coop\u00e9ratifs sont les traits d\u2019union essentiels entre la formation des \u00e9coles et l\u2019offre du march\u00e9 du travail.<\/p>\n<p>Lambert voyage \u00e0 Boston et au Japon, et d\u00e9couvre des ateliers coop\u00e9ratifs. De retour \u00e0 Montr\u00e9al, il cr\u00e9e avec ses amis l\u2019espace Helios. Pendant ce temps-l\u00e0, Justyna Ausareny, r\u00e9cemment \u00e9lue codirectrice, d\u00e9couvrait ces m\u00eames espaces \u00e0 Singapour, en Indon\u00e9sie, au N\u00e9pal et en Chine. De retour \u00e0 Montr\u00e9al, elle cherche\u2026 et trouve Helios. Elle rejoint les b\u00e9n\u00e9voles puis l\u2019\u00e9quipe permanente dont les membres viennent du g\u00e9nie \u00e9lectronique, de programmation informatique, des arts manuels, de la biologie, de la communication.<\/p>\n<p>Lors des journ\u00e9es portes ouvertes, les questions nombreuses apr\u00e8s chaque pr\u00e9sentation t\u00e9moignait de la curiosit\u00e9 de chacun pour le travail de tous. Certains pr\u00e9sentaient des prototypes pour changer un bout du monde, d\u2019autres s\u2019\u00e9taient donn\u00e9s le challenge de fabriquer eux-m\u00eames quelque chose d\u2019original. Pour Lambert, c\u2019est la rencontre entre des gens venant de milieux totalement diff\u00e9rents qui cr\u00e9e des \u00e9tincelles\u00a0: \u00ab Quand des gens qui viennent de diff\u00e9rentes disciplines se rencontrent, c\u2019est l\u00e0 que les id\u00e9es les plus incroyables, les plus folles et les plus int\u00e9ressantes \u00e9mergent.\u00a0\u00bb Depuis, ce sont aussi des neuroscientifiques, des artistes, des m\u00e9decins, des philosophes, qui sont pass\u00e9s par Helios pour relier leur expertise \u00e0 la technologie.<\/p>\n<p>Tout au long du mois de mai et de juin, Helios donnera des ateliers d\u2019introduction et de perfectionnement en microsoudure \u00e9lectronique, \u00e9b\u00e9nisterie, couture, de design sur imprimante 3D, et bien d\u2019autres.<\/p>\n<figure id=\"attachment_361\" aria-describedby=\"caption-attachment-361\" style=\"width: 300px\" class=\"wp-caption alignright\"><a href=\"https:\/\/www.sarahroubato.com\/wp-content\/uploads\/2015\/06\/helios1.jpg\"><img loading=\"lazy\" class=\"wp-image-361 size-medium\" src=\"https:\/\/www.sarahroubato.com\/wp-content\/uploads\/2015\/06\/helios1-300x200.jpg\" alt=\"helios1\" width=\"300\" height=\"200\" srcset=\"https:\/\/www.sarahroubato.com\/wp-content\/uploads\/2015\/06\/helios1-300x200.jpg 300w, https:\/\/www.sarahroubato.com\/wp-content\/uploads\/2015\/06\/helios1-440x293.jpg 440w, https:\/\/www.sarahroubato.com\/wp-content\/uploads\/2015\/06\/helios1-650x433.jpg 650w, https:\/\/www.sarahroubato.com\/wp-content\/uploads\/2015\/06\/helios1-886x590.jpg 886w, https:\/\/www.sarahroubato.com\/wp-content\/uploads\/2015\/06\/helios1.jpg 920w\" sizes=\"(max-width: 300px) 100vw, 300px\" \/><\/a><figcaption id=\"caption-attachment-361\" class=\"wp-caption-text\">Justyna Ausareny donne un atelier pour enfants \u00e0 Helios<\/figcaption><\/figure>\n<p><strong>Un autre monde se pr\u00e9pare ici et maintenant<br \/>\n<\/strong><\/p>\n<p>\u00c0 Helios, vous pouvez apprendre en moins d\u2019une heure \u00e0 changer votre \u00e9cran de t\u00e9l\u00e9phone bris\u00e9. Si l\u2019on peut appliquer une seule id\u00e9ologie aux ateliers coop\u00e9ratifs, c\u2019est celle-ci\u00a0: seul poss\u00e8de celui qui sait r\u00e9parer\u2026 nous voici \u00e0 l\u2019oppos\u00e9 de la notion de propri\u00e9t\u00e9 comme exploitation de la ressource.<\/p>\n<p>Les ateliers coop\u00e9ratifs comme H\u00e9lios travaillent pour les g\u00e9n\u00e9rations futures. Ils contribuent \u00e0 cr\u00e9er des individus plus autonomes et plus conscients de ce qu\u2019ils consomment. Ils t\u00e9moignent d\u2019une g\u00e9n\u00e9ration qui d\u00e9cide de changer les r\u00e8gles et la mani\u00e8re de fonctionner pour se donner une chance, dans un monde qui l\u2019a d\u00e9j\u00e0 condamn\u00e9e. Les hacker makers sont-ils les derniers r\u00e9sistants au rouleau compresseur de la soci\u00e9t\u00e9 individualiste de consommation ou les pionniers du monde de demain\u00a0? Tout d\u00e9pend du soutien que nous leur apporterons.<\/p>\n<p>\u00ab\u00a0<em>Tout le monde est invit\u00e9 \u00e0 nous rejoindre\u00a0: des femmes au foyer, des enfants, des artistes, des ing\u00e9nieurs, des personnes \u00e2g\u00e9es, n\u2019importe qui avec des mains et un esprit curieux\u00a0!<\/em> \u00a0\u00bb L\u2019\u00e9quipe de Helios<\/p>\n<p>Des sites sur le mouvement\u00a0des ateliers cr\u00e9atifs\u00a0:<\/p>\n<p><a href=\"http:\/\/www.hackerspaces.org\/\">http:\/\/www.hackerspaces.org\/<\/a><\/p>\n<p><a href=\"http:\/\/www.startupcommunities.ca\/communities\/\">http:\/\/www.startupcommunities.ca\/communities\/<\/a><\/p>\n<p>&nbsp;<\/p>\n<p><strong>Le site de Helios <\/strong>:<\/p>\n<p>Helios\u00a0: <a href=\"http:\/\/heliosmakerspace.ca\/\">http:\/\/heliosmakerspace.ca\/<\/a><\/p>\n<p><strong>Les formations propos\u00e9es par Helios<\/strong> :<a href=\"http:\/\/heliosmakerspace.eventbrite.com\"> http:\/\/heliosmakerspace.eventbrite.com<\/a><\/p>\n<p>&nbsp;<\/p>","protected":false},"excerpt":{"rendered":"<p>publi\u00e9 dans Mr. Mondialisation Rue St Ferdinand, \u00e0 St Henri. L\u2019une des derni\u00e8res rues de Montr\u00e9al o\u00f9 les maisons ont conserv\u00e9 leur architecture du temps o\u00f9 tout le quartier \u00e9tait habit\u00e9 par des ouvriers. Avec ses cours o\u00f9 les gamins couraient apr\u00e8s les poules, ses vieux portails en bois par o\u00f9 rentraient les chevaux, ses [&hellip;]<\/p>\n","protected":false},"author":2,"featured_media":364,"comment_status":"open","ping_status":"open","sticky":false,"template":"","format":"standard","meta":{"spay_email":""},"categories":[19],"tags":[136,27,141,137,143,144,139,142,145,140,138],"acf":[],"yoast_head":"<!-- This site is optimized with the Yoast SEO plugin v18.4.1 - https:\/\/yoast.com\/wordpress\/plugins\/seo\/ -->\n<title>Les ateliers coop\u00e9ratifs : la r\u00e9volution arrive sur Montr\u00e9al - Sarah Roubato<\/title>\n<meta name=\"robots\" content=\"index, follow, max-snippet:-1, max-image-preview:large, max-video-preview:-1\" \/>\n<link rel=\"canonical\" href=\"https:\/\/www.sarahroubato.com\/en\/analyses\/les-ateliers-cooperatifs-la-revolution-arrive-sur-montreal\/\" \/>\n<meta property=\"og:locale\" content=\"en_US\" \/>\n<meta property=\"og:type\" content=\"article\" \/>\n<meta property=\"og:title\" content=\"Les ateliers coop\u00e9ratifs : la r\u00e9volution arrive sur Montr\u00e9al - Sarah Roubato\" \/>\n<meta property=\"og:description\" content=\"publi\u00e9 dans Mr. Mondialisation Rue St Ferdinand, \u00e0 St Henri. L\u2019une des derni\u00e8res rues de Montr\u00e9al o\u00f9 les maisons ont conserv\u00e9 leur architecture du temps o\u00f9 tout le quartier \u00e9tait habit\u00e9 par des ouvriers. Avec ses cours o\u00f9 les gamins couraient apr\u00e8s les poules, ses vieux portails en bois par o\u00f9 rentraient les chevaux, ses [&hellip;]\" \/>\n<meta property=\"og:url\" content=\"https:\/\/www.sarahroubato.com\/en\/analyses\/les-ateliers-cooperatifs-la-revolution-arrive-sur-montreal\/\" \/>\n<meta property=\"og:site_name\" content=\"Sarah Roubato\" \/>\n<meta property=\"article:author\" content=\"https:\/\/www.facebook.com\/SarahRubato\" \/>\n<meta property=\"article:published_time\" content=\"2015-06-10T00:23:50+00:00\" \/>\n<meta property=\"article:modified_time\" content=\"2020-05-18T13:44:47+00:00\" \/>\n<meta property=\"og:image\" content=\"https:\/\/www.sarahroubato.com\/wp-content\/uploads\/2015\/06\/helios5.jpg\" \/>\n\t<meta property=\"og:image:width\" content=\"960\" \/>\n\t<meta property=\"og:image:height\" content=\"640\" \/>\n\t<meta property=\"og:image:type\" content=\"image\/jpeg\" \/>\n<meta name=\"twitter:card\" content=\"summary\" \/>\n<meta name=\"twitter:creator\" content=\"@SarahRubato\" \/>\n<meta name=\"twitter:label1\" content=\"Written by\" \/>\n\t<meta name=\"twitter:data1\" content=\"Sarah Roubato\" \/>\n\t<meta name=\"twitter:label2\" content=\"Est. reading time\" \/>\n\t<meta name=\"twitter:data2\" content=\"23 minutes\" \/>\n<script type=\"application\/ld+json\" class=\"yoast-schema-graph\">{\"@context\":\"https:\/\/schema.org\",\"@graph\":[{\"@type\":\"WebSite\",\"@id\":\"https:\/\/www.sarahroubato.com\/#website\",\"url\":\"https:\/\/www.sarahroubato.com\/\",\"name\":\"Sarah Roubato\",\"description\":\"Bring out the potential of people and society\",\"potentialAction\":[{\"@type\":\"SearchAction\",\"target\":{\"@type\":\"EntryPoint\",\"urlTemplate\":\"https:\/\/www.sarahroubato.com\/?s={search_term_string}\"},\"query-input\":\"required name=search_term_string\"}],\"inLanguage\":\"en-US\"},{\"@type\":\"ImageObject\",\"@id\":\"https:\/\/www.sarahroubato.com\/en\/analyses\/les-ateliers-cooperatifs-la-revolution-arrive-sur-montreal\/#primaryimage\",\"inLanguage\":\"en-US\",\"url\":\"https:\/\/www.sarahroubato.com\/wp-content\/uploads\/2015\/06\/helios5.jpg\",\"contentUrl\":\"https:\/\/www.sarahroubato.com\/wp-content\/uploads\/2015\/06\/helios5.jpg\",\"width\":960,\"height\":640,\"caption\":\"Les artisans de Helios \u00e0 la premi\u00e8re rencontre des artisans. En bas au centre, Le Lambert, le fondateur de Helios En haut \u00e0 gauche, Justyna Ausareny, codirectrice\"},{\"@type\":\"WebPage\",\"@id\":\"https:\/\/www.sarahroubato.com\/en\/analyses\/les-ateliers-cooperatifs-la-revolution-arrive-sur-montreal\/#webpage\",\"url\":\"https:\/\/www.sarahroubato.com\/en\/analyses\/les-ateliers-cooperatifs-la-revolution-arrive-sur-montreal\/\",\"name\":\"Les ateliers coop\u00e9ratifs : la r\u00e9volution arrive sur Montr\u00e9al - Sarah Roubato\",\"isPartOf\":{\"@id\":\"https:\/\/www.sarahroubato.com\/#website\"},\"primaryImageOfPage\":{\"@id\":\"https:\/\/www.sarahroubato.com\/en\/analyses\/les-ateliers-cooperatifs-la-revolution-arrive-sur-montreal\/#primaryimage\"},\"datePublished\":\"2015-06-10T00:23:50+00:00\",\"dateModified\":\"2020-05-18T13:44:47+00:00\",\"author\":{\"@id\":\"https:\/\/www.sarahroubato.com\/#\/schema\/person\/2685c6d7bef7b9e1a4080510ea89fc04\"},\"breadcrumb\":{\"@id\":\"https:\/\/www.sarahroubato.com\/en\/analyses\/les-ateliers-cooperatifs-la-revolution-arrive-sur-montreal\/#breadcrumb\"},\"inLanguage\":\"en-US\",\"potentialAction\":[{\"@type\":\"ReadAction\",\"target\":[\"https:\/\/www.sarahroubato.com\/en\/analyses\/les-ateliers-cooperatifs-la-revolution-arrive-sur-montreal\/\"]}]},{\"@type\":\"BreadcrumbList\",\"@id\":\"https:\/\/www.sarahroubato.com\/en\/analyses\/les-ateliers-cooperatifs-la-revolution-arrive-sur-montreal\/#breadcrumb\",\"itemListElement\":[{\"@type\":\"ListItem\",\"position\":1,\"name\":\"Accueil\",\"item\":\"https:\/\/www.sarahroubato.com\/\"},{\"@type\":\"ListItem\",\"position\":2,\"name\":\"Les ateliers coop\u00e9ratifs : la r\u00e9volution arrive sur Montr\u00e9al\"}]},{\"@type\":\"Person\",\"@id\":\"https:\/\/www.sarahroubato.com\/#\/schema\/person\/2685c6d7bef7b9e1a4080510ea89fc04\",\"name\":\"Sarah Roubato\",\"image\":{\"@type\":\"ImageObject\",\"@id\":\"https:\/\/www.sarahroubato.com\/#personlogo\",\"inLanguage\":\"en-US\",\"url\":\"https:\/\/secure.gravatar.com\/avatar\/f3b82a096236e32f3cb63cbce13ffb3d?s=96&d=mm&r=g\",\"contentUrl\":\"https:\/\/secure.gravatar.com\/avatar\/f3b82a096236e32f3cb63cbce13ffb3d?s=96&d=mm&r=g\",\"caption\":\"Sarah Roubato\"},\"sameAs\":[\"https:\/\/www.facebook.com\/SarahRubato\",\"https:\/\/twitter.com\/SarahRubato\"],\"url\":\"https:\/\/www.sarahroubato.com\/en\/author\/sarah\/\"}]}<\/script>\n<!-- \/ Yoast SEO plugin. -->","yoast_head_json":{"title":"Les ateliers coop\u00e9ratifs : la r\u00e9volution arrive sur Montr\u00e9al - Sarah Roubato","robots":{"index":"index","follow":"follow","max-snippet":"max-snippet:-1","max-image-preview":"max-image-preview:large","max-video-preview":"max-video-preview:-1"},"canonical":"https:\/\/www.sarahroubato.com\/en\/analyses\/les-ateliers-cooperatifs-la-revolution-arrive-sur-montreal\/","og_locale":"en_US","og_type":"article","og_title":"Les ateliers coop\u00e9ratifs : la r\u00e9volution arrive sur Montr\u00e9al - Sarah Roubato","og_description":"publi\u00e9 dans Mr. Mondialisation Rue St Ferdinand, \u00e0 St Henri. L\u2019une des derni\u00e8res rues de Montr\u00e9al o\u00f9 les maisons ont conserv\u00e9 leur architecture du temps o\u00f9 tout le quartier \u00e9tait habit\u00e9 par des ouvriers. Avec ses cours o\u00f9 les gamins couraient apr\u00e8s les poules, ses vieux portails en bois par o\u00f9 rentraient les chevaux, ses [&hellip;]","og_url":"https:\/\/www.sarahroubato.com\/en\/analyses\/les-ateliers-cooperatifs-la-revolution-arrive-sur-montreal\/","og_site_name":"Sarah Roubato","article_author":"https:\/\/www.facebook.com\/SarahRubato","article_published_time":"2015-06-10T00:23:50+00:00","article_modified_time":"2020-05-18T13:44:47+00:00","og_image":[{"width":960,"height":640,"url":"https:\/\/www.sarahroubato.com\/wp-content\/uploads\/2015\/06\/helios5.jpg","type":"image\/jpeg"}],"twitter_card":"summary","twitter_creator":"@SarahRubato","twitter_misc":{"Written by":"Sarah Roubato","Est. reading time":"23 minutes"},"schema":{"@context":"https:\/\/schema.org","@graph":[{"@type":"WebSite","@id":"https:\/\/www.sarahroubato.com\/#website","url":"https:\/\/www.sarahroubato.com\/","name":"Sarah Roubato","description":"Bring out the potential of people and society","potentialAction":[{"@type":"SearchAction","target":{"@type":"EntryPoint","urlTemplate":"https:\/\/www.sarahroubato.com\/?s={search_term_string}"},"query-input":"required name=search_term_string"}],"inLanguage":"en-US"},{"@type":"ImageObject","@id":"https:\/\/www.sarahroubato.com\/en\/analyses\/les-ateliers-cooperatifs-la-revolution-arrive-sur-montreal\/#primaryimage","inLanguage":"en-US","url":"https:\/\/www.sarahroubato.com\/wp-content\/uploads\/2015\/06\/helios5.jpg","contentUrl":"https:\/\/www.sarahroubato.com\/wp-content\/uploads\/2015\/06\/helios5.jpg","width":960,"height":640,"caption":"Les artisans de Helios \u00e0 la premi\u00e8re rencontre des artisans. En bas au centre, Le Lambert, le fondateur de Helios En haut \u00e0 gauche, Justyna Ausareny, codirectrice"},{"@type":"WebPage","@id":"https:\/\/www.sarahroubato.com\/en\/analyses\/les-ateliers-cooperatifs-la-revolution-arrive-sur-montreal\/#webpage","url":"https:\/\/www.sarahroubato.com\/en\/analyses\/les-ateliers-cooperatifs-la-revolution-arrive-sur-montreal\/","name":"Les ateliers coop\u00e9ratifs : la r\u00e9volution arrive sur Montr\u00e9al - Sarah Roubato","isPartOf":{"@id":"https:\/\/www.sarahroubato.com\/#website"},"primaryImageOfPage":{"@id":"https:\/\/www.sarahroubato.com\/en\/analyses\/les-ateliers-cooperatifs-la-revolution-arrive-sur-montreal\/#primaryimage"},"datePublished":"2015-06-10T00:23:50+00:00","dateModified":"2020-05-18T13:44:47+00:00","author":{"@id":"https:\/\/www.sarahroubato.com\/#\/schema\/person\/2685c6d7bef7b9e1a4080510ea89fc04"},"breadcrumb":{"@id":"https:\/\/www.sarahroubato.com\/en\/analyses\/les-ateliers-cooperatifs-la-revolution-arrive-sur-montreal\/#breadcrumb"},"inLanguage":"en-US","potentialAction":[{"@type":"ReadAction","target":["https:\/\/www.sarahroubato.com\/en\/analyses\/les-ateliers-cooperatifs-la-revolution-arrive-sur-montreal\/"]}]},{"@type":"BreadcrumbList","@id":"https:\/\/www.sarahroubato.com\/en\/analyses\/les-ateliers-cooperatifs-la-revolution-arrive-sur-montreal\/#breadcrumb","itemListElement":[{"@type":"ListItem","position":1,"name":"Accueil","item":"https:\/\/www.sarahroubato.com\/"},{"@type":"ListItem","position":2,"name":"Les ateliers coop\u00e9ratifs : la r\u00e9volution arrive sur Montr\u00e9al"}]},{"@type":"Person","@id":"https:\/\/www.sarahroubato.com\/#\/schema\/person\/2685c6d7bef7b9e1a4080510ea89fc04","name":"Sarah Roubato","image":{"@type":"ImageObject","@id":"https:\/\/www.sarahroubato.com\/#personlogo","inLanguage":"en-US","url":"https:\/\/secure.gravatar.com\/avatar\/f3b82a096236e32f3cb63cbce13ffb3d?s=96&d=mm&r=g","contentUrl":"https:\/\/secure.gravatar.com\/avatar\/f3b82a096236e32f3cb63cbce13ffb3d?s=96&d=mm&r=g","caption":"Sarah Roubato"},"sameAs":["https:\/\/www.facebook.com\/SarahRubato","https:\/\/twitter.com\/SarahRubato"],"url":"https:\/\/www.sarahroubato.com\/en\/author\/sarah\/"}]}},"jetpack_featured_media_url":"https:\/\/www.sarahroubato.com\/wp-content\/uploads\/2015\/06\/helios5.jpg","_links":{"self":[{"href":"https:\/\/www.sarahroubato.com\/en\/wp-json\/wp\/v2\/posts\/360"}],"collection":[{"href":"https:\/\/www.sarahroubato.com\/en\/wp-json\/wp\/v2\/posts"}],"about":[{"href":"https:\/\/www.sarahroubato.com\/en\/wp-json\/wp\/v2\/types\/post"}],"author":[{"embeddable":true,"href":"https:\/\/www.sarahroubato.com\/en\/wp-json\/wp\/v2\/users\/2"}],"replies":[{"embeddable":true,"href":"https:\/\/www.sarahroubato.com\/en\/wp-json\/wp\/v2\/comments?post=360"}],"version-history":[{"count":11,"href":"https:\/\/www.sarahroubato.com\/en\/wp-json\/wp\/v2\/posts\/360\/revisions"}],"predecessor-version":[{"id":4465,"href":"https:\/\/www.sarahroubato.com\/en\/wp-json\/wp\/v2\/posts\/360\/revisions\/4465"}],"wp:featuredmedia":[{"embeddable":true,"href":"https:\/\/www.sarahroubato.com\/en\/wp-json\/wp\/v2\/media\/364"}],"wp:attachment":[{"href":"https:\/\/www.sarahroubato.com\/en\/wp-json\/wp\/v2\/media?parent=360"}],"wp:term":[{"taxonomy":"category","embeddable":true,"href":"https:\/\/www.sarahroubato.com\/en\/wp-json\/wp\/v2\/categories?post=360"},{"taxonomy":"post_tag","embeddable":true,"href":"https:\/\/www.sarahroubato.com\/en\/wp-json\/wp\/v2\/tags?post=360"}],"curies":[{"name":"wp","href":"https:\/\/api.w.org\/{rel}","templated":true}]}}