
{"id":794,"date":"2015-09-07T10:52:15","date_gmt":"2015-09-07T16:52:15","guid":{"rendered":"https:\/\/www.sarahroubato.com\/?p=794"},"modified":"2015-10-09T10:04:06","modified_gmt":"2015-10-09T16:04:06","slug":"philippe-ducros","status":"publish","type":"post","link":"https:\/\/www.sarahroubato.com\/en\/logeartiste\/philippe-ducros\/","title":{"rendered":"Philippe Ducros : \u00e9crivain des blessures coloniales"},"content":{"rendered":"<p>Le 5 mai dernier, dans le cadre du festival Jamais Lu, Philippe Ducros a pr\u00e9sent\u00e9 son texte &#8221;La cartomancie du territoire&#8221;, premier volet du projet &#8221;R\u00e9serves&#8221;. Un texte n\u00e9 de mois qu&#8217;il a pass\u00e9 \u00e0 arpenter les r\u00e9serves autochtones au Qu\u00e9bec.<\/p>\n<p><strong> 1.La blessure et l&#8217;espoir<\/strong><\/p>\n<p>Derri\u00e8re le rideau d&#8217;arbres le long des routes canadiennes, il y a la coupe \u00e0 blanc. Derri\u00e8re les visages des autochtones, il y a une blessure profonde. C&#8217;est elle que Philippe Ducros est all\u00e9e chercher. \u00c0 ceux qui diront qu&#8217;il ne montre que le c\u00f4t\u00e9 obscur, il r\u00e9pond que c&#8217;est bien la r\u00e9alit\u00e9 pourtant, celle dont personne ne parle : les enl\u00e8vements des femmes autochtones, le taux de suicide, l&#8217;alcoolisme, le taux d&#8217;incarc\u00e9ration. Et que c&#8217;est dans le geste artistique de vouloir faire sortir tout \u00e7a que r\u00e9side l&#8217;espoir.<\/p>\n<p><iframe loading=\"lazy\" src=\"https:\/\/www.mixcloud.com\/widget\/iframe\/?embed_type=widget_standard&amp;embed_uuid=52ab9a46-a2e5-4ad3-a553-66fc399619b7&amp;feed=https%3A%2F%2Fwww.mixcloud.com%2FSarahRoubato%2Fphilippe-ducros-la-blessure-et-lespoir%2F&amp;hide_cover=1&amp;hide_tracklist=1&amp;replace=0\" width=\"660\" height=\"180\" frameborder=\"0\"><\/iframe><\/p>\n<div style=\"width: 652px; height: 3px; clear: both;\"><\/div>\n<p>&nbsp;<\/p>\n<p><strong> 2.Le passeur des voix des colonis\u00e9s<\/strong><\/p>\n<\/p>\n<p> Philippe Ducros ne se contente pas d&#8217;\u00eatre le t\u00e9moin de la r\u00e9alit\u00e9 autochtone ou des autres r\u00e9alit\u00e9s cach\u00e9es qu&#8217;il a \u00e9t\u00e9 chercher en R\u00e9publique D\u00e9mocratique du Congo, en Chine ou encore en Palestine. En \u00e9tant l&#8217;oreille puis le passeur de ces sans-voix, il tire une r\u00e9flexion globale sur le colonialisme et sur lui-m\u00eame, en tant que Qu\u00e9b\u00e9cois, c&#8217;est \u00e0 dire \u00e0 la fois colon et colonis\u00e9. <\/p>\n<p><iframe loading=\"lazy\" width=\"660\" height=\"180\" src=\"https:\/\/www.mixcloud.com\/widget\/iframe\/?embed_type=widget_standard&amp;embed_uuid=7d7cbe3e-fd42-43b0-9367-ce945cf59447&amp;feed=https%3A%2F%2Fwww.mixcloud.com%2FSarahRoubato%2Fphilippe-ducros-le-passeur-des-voix-des-colonis%25C3%25A9s%2F&amp;hide_cover=1&amp;hide_tracklist=1&amp;replace=0\" frameborder=\"0\"><\/iframe><\/p>\n<div style=\"width: 652px; height: 3px; clear: both;\"><\/div>\n<p style='margin: 0px; padding: 3px 4px; width: 652px; color: rgb(153, 153, 153); font-family: \"Open Sans\", Helvetica, Arial, sans-serif; font-size: 11px; display: block;'><a style=\"color: rgb(128, 128, 128); font-weight: bold;\" href=\"https:\/\/www.mixcloud.com\/SarahRoubato\/philippe-ducros-le-passeur-des-voix-des-colonis%C3%A9s\/?utm_source=widget&amp;utm_medium=web&amp;utm_campaign=base_links&amp;utm_term=resource_link\" target=\"_blank\">Philippe Ducros : Le passeur des voix des colonis\u00e9s<\/a><span> by <\/span><a style=\"color: rgb(128, 128, 128); font-weight: bold;\" href=\"https:\/\/www.mixcloud.com\/SarahRoubato\/?utm_source=widget&amp;utm_medium=web&amp;utm_campaign=base_links&amp;utm_term=profile_link\" target=\"_blank\">Sarahroubato<\/a><span> on <\/span><a style=\"color: rgb(128, 128, 128); font-weight: bold;\" href=\"https:\/\/www.mixcloud.com\/?utm_source=widget&amp;utm_medium=web&amp;utm_campaign=base_links&amp;utm_term=homepage_link\" target=\"_blank\"> Mixcloud<\/a><\/p>\n<div style=\"width: 652px; height: 3px; clear: both;\"><\/div>\n<\/p>\n<p><strong> 3. La col\u00e8re et le pouvoir des mots<\/strong><\/p>\n<\/p>\n<p> Mettre des mots sur ce qu&#8217;on ne veut plus nommer. Parce qu&#8217;il y a une blessure et qu&#8217;on a retir\u00e9 \u00e0 des gens les moyens de se penser et de s&#8217;exprimer. Parce que les outils traditionnels o\u00f9 se forgent la pens\u00e9e &#8211; l&#8217;\u00e9cole, les journaux, la culture &#8211; sont des marchandises. \u00c9crire, pour Philippe Ducros, c&#8217;est commencer \u00e0 se lib\u00e9rer des oppressions culturelles, politiques, territoriales qui p\u00e8sent sur les peuples et sur les individus. <\/p>\n<p> <iframe loading=\"lazy\" width=\"660\" height=\"180\" src=\"https:\/\/www.mixcloud.com\/widget\/iframe\/?embed_type=widget_standard&amp;embed_uuid=cf548431-8a58-4907-80fd-5d4b93f7b2d1&amp;feed=https%3A%2F%2Fwww.mixcloud.com%2FSarahRoubato%2Fphilippe-ducros-la-col%25C3%25A8re-et-le-pouvoir-des-mots%2F&amp;hide_cover=1&amp;hide_tracklist=1&amp;replace=0\" frameborder=\"0\"><\/iframe><\/p>\n<div style=\"width: 652px; height: 3px; clear: both;\"><\/div>\n<p style='margin: 0px; padding: 3px 4px; width: 652px; color: rgb(153, 153, 153); font-family: \"Open Sans\", Helvetica, Arial, sans-serif; font-size: 11px; display: block;'><a style=\"color: rgb(128, 128, 128); font-weight: bold;\" href=\"https:\/\/www.mixcloud.com\/SarahRoubato\/philippe-ducros-la-col%C3%A8re-et-le-pouvoir-des-mots\/?utm_source=widget&amp;utm_medium=web&amp;utm_campaign=base_links&amp;utm_term=resource_link\" target=\"_blank\">Philippe Ducros : La col\u00e8re et le pouvoir des mots<\/a><span> by <\/span><a style=\"color: rgb(128, 128, 128); font-weight: bold;\" href=\"https:\/\/www.mixcloud.com\/SarahRoubato\/?utm_source=widget&amp;utm_medium=web&amp;utm_campaign=base_links&amp;utm_term=profile_link\" target=\"_blank\">Sarahroubato<\/a><span> on <\/span><a style=\"color: rgb(128, 128, 128); font-weight: bold;\" href=\"https:\/\/www.mixcloud.com\/?utm_source=widget&amp;utm_medium=web&amp;utm_campaign=base_links&amp;utm_term=homepage_link\" target=\"_blank\"> Mixcloud<\/a><\/p>\n<div style=\"width: 652px; height: 3px; clear: both;\"><\/div>\n<\/p>\n<p><strong> 4. Le th\u00e9\u00e2tre comme laboratoire<\/strong><\/p>\n<\/p>\n<p> Conscient d&#8217;utiliser un m\u00e9dium qui touche un public cibl\u00e9, Philippe Ducros trouve dans le th\u00e9\u00e2tre et en particulier au festival Famais Lu un laboratoire d&#8217;id\u00e9es, encore pr\u00e9serv\u00e9 de la dictature du rire et du divertissement. C&#8217;est aussi un m\u00e9dium qui n\u00e9cessite moins de moyens que le cin\u00e9ma. Voyageur qui a construit son identit\u00e9 sur les routes, Philippe Ducros propose un th\u00e9\u00e2tre qu\u00e9b\u00e9cois qui sort de la th\u00e9matique identitaire en parlant de sujets habituellement couverts par les reporters de guerre. <\/p>\n<p><iframe loading=\"lazy\" width=\"660\" height=\"180\" src=\"https:\/\/www.mixcloud.com\/widget\/iframe\/?embed_type=widget_standard&amp;embed_uuid=6f9723d1-dc10-4933-aa9d-628a609989dd&amp;feed=https%3A%2F%2Fwww.mixcloud.com%2FSarahRoubato%2Fphilippe-ducros-le-th%25C3%25A9%25C3%25A2tre-comme-laboratoire%2F&amp;hide_cover=1&amp;hide_tracklist=1&amp;replace=0\" frameborder=\"0\"><\/iframe><\/p>\n<div style=\"width: 652px; height: 3px; clear: both;\"><\/div>\n<p style='margin: 0px; padding: 3px 4px; width: 652px; color: rgb(153, 153, 153); font-family: \"Open Sans\", Helvetica, Arial, sans-serif; font-size: 11px; display: block;'><a style=\"color: rgb(128, 128, 128); font-weight: bold;\" href=\"https:\/\/www.mixcloud.com\/SarahRoubato\/philippe-ducros-le-th%C3%A9%C3%A2tre-comme-laboratoire\/?utm_source=widget&amp;utm_medium=web&amp;utm_campaign=base_links&amp;utm_term=resource_link\" target=\"_blank\">Philippe Ducros : le th\u00e9\u00e2tre comme laboratoire<\/a><span> by <\/span><a style=\"color: rgb(128, 128, 128); font-weight: bold;\" href=\"https:\/\/www.mixcloud.com\/SarahRoubato\/?utm_source=widget&amp;utm_medium=web&amp;utm_campaign=base_links&amp;utm_term=profile_link\" target=\"_blank\">Sarahroubato<\/a><span> on <\/span><a style=\"color: rgb(128, 128, 128); font-weight: bold;\" href=\"https:\/\/www.mixcloud.com\/?utm_source=widget&amp;utm_medium=web&amp;utm_campaign=base_links&amp;utm_term=homepage_link\" target=\"_blank\"> Mixcloud<\/a><\/p>\n<div style=\"width: 652px; height: 3px; clear: both;\"><\/div>\n","protected":false},"excerpt":{"rendered":"<p>Le 5 mai dernier, dans le cadre du festival Jamais Lu, Philippe Ducros a pr\u00e9sent\u00e9 son texte &#8221;La cartomancie du territoire&#8221;, premier volet du projet &#8221;R\u00e9serves&#8221;. Un texte n\u00e9 de mois qu&#8217;il a pass\u00e9 \u00e0 arpenter les r\u00e9serves autochtones au Qu\u00e9bec. 1.La blessure et l&#8217;espoir Derri\u00e8re le rideau d&#8217;arbres le long des routes canadiennes, il [&hellip;]<\/p>\n","protected":false},"author":2,"featured_media":797,"comment_status":"open","ping_status":"open","sticky":false,"template":"","format":"standard","meta":{"spay_email":""},"categories":[20],"tags":[53,208,210,207,191,190,124],"acf":[],"yoast_head":"<!-- This site is optimized with the Yoast SEO plugin v18.4.1 - https:\/\/yoast.com\/wordpress\/plugins\/seo\/ -->\n<title>Philippe Ducros : \u00e9crivain des blessures coloniales - Sarah Roubato<\/title>\n<meta name=\"robots\" content=\"index, follow, max-snippet:-1, max-image-preview:large, max-video-preview:-1\" \/>\n<link rel=\"canonical\" href=\"https:\/\/www.sarahroubato.com\/en\/logeartiste\/philippe-ducros\/\" \/>\n<meta property=\"og:locale\" content=\"en_US\" \/>\n<meta property=\"og:type\" content=\"article\" \/>\n<meta property=\"og:title\" content=\"Philippe Ducros : \u00e9crivain des blessures coloniales - Sarah Roubato\" \/>\n<meta property=\"og:description\" content=\"Le 5 mai dernier, dans le cadre du festival Jamais Lu, Philippe Ducros a pr\u00e9sent\u00e9 son texte &#8221;La cartomancie du territoire&#8221;, premier volet du projet &#8221;R\u00e9serves&#8221;. Un texte n\u00e9 de mois qu&#8217;il a pass\u00e9 \u00e0 arpenter les r\u00e9serves autochtones au Qu\u00e9bec. 1.La blessure et l&#8217;espoir Derri\u00e8re le rideau d&#8217;arbres le long des routes canadiennes, il [&hellip;]\" \/>\n<meta property=\"og:url\" content=\"https:\/\/www.sarahroubato.com\/en\/logeartiste\/philippe-ducros\/\" \/>\n<meta property=\"og:site_name\" content=\"Sarah Roubato\" \/>\n<meta property=\"article:author\" content=\"https:\/\/www.facebook.com\/SarahRubato\" \/>\n<meta property=\"article:published_time\" content=\"2015-09-07T16:52:15+00:00\" \/>\n<meta property=\"article:modified_time\" content=\"2015-10-09T16:04:06+00:00\" \/>\n<meta property=\"og:image\" content=\"https:\/\/www.sarahroubato.com\/wp-content\/uploads\/2015\/09\/p-ducros.jpg\" \/>\n\t<meta property=\"og:image:width\" content=\"2000\" \/>\n\t<meta property=\"og:image:height\" content=\"1000\" \/>\n\t<meta property=\"og:image:type\" content=\"image\/jpeg\" \/>\n<meta name=\"twitter:card\" content=\"summary\" \/>\n<meta name=\"twitter:creator\" content=\"@SarahRubato\" \/>\n<meta name=\"twitter:label1\" content=\"Written by\" \/>\n\t<meta name=\"twitter:data1\" content=\"Sarah Roubato\" \/>\n\t<meta name=\"twitter:label2\" content=\"Est. reading time\" \/>\n\t<meta name=\"twitter:data2\" content=\"2 minutes\" \/>\n<script type=\"application\/ld+json\" class=\"yoast-schema-graph\">{\"@context\":\"https:\/\/schema.org\",\"@graph\":[{\"@type\":\"WebSite\",\"@id\":\"https:\/\/www.sarahroubato.com\/#website\",\"url\":\"https:\/\/www.sarahroubato.com\/\",\"name\":\"Sarah Roubato\",\"description\":\"Bring out the potential of people and society\",\"potentialAction\":[{\"@type\":\"SearchAction\",\"target\":{\"@type\":\"EntryPoint\",\"urlTemplate\":\"https:\/\/www.sarahroubato.com\/?s={search_term_string}\"},\"query-input\":\"required name=search_term_string\"}],\"inLanguage\":\"en-US\"},{\"@type\":\"ImageObject\",\"@id\":\"https:\/\/www.sarahroubato.com\/en\/logeartiste\/philippe-ducros\/#primaryimage\",\"inLanguage\":\"en-US\",\"url\":\"https:\/\/www.sarahroubato.com\/wp-content\/uploads\/2015\/09\/p-ducros.jpg\",\"contentUrl\":\"https:\/\/www.sarahroubato.com\/wp-content\/uploads\/2015\/09\/p-ducros.jpg\",\"width\":2000,\"height\":1000},{\"@type\":\"WebPage\",\"@id\":\"https:\/\/www.sarahroubato.com\/en\/logeartiste\/philippe-ducros\/#webpage\",\"url\":\"https:\/\/www.sarahroubato.com\/en\/logeartiste\/philippe-ducros\/\",\"name\":\"Philippe Ducros : \u00e9crivain des blessures coloniales - Sarah Roubato\",\"isPartOf\":{\"@id\":\"https:\/\/www.sarahroubato.com\/#website\"},\"primaryImageOfPage\":{\"@id\":\"https:\/\/www.sarahroubato.com\/en\/logeartiste\/philippe-ducros\/#primaryimage\"},\"datePublished\":\"2015-09-07T16:52:15+00:00\",\"dateModified\":\"2015-10-09T16:04:06+00:00\",\"author\":{\"@id\":\"https:\/\/www.sarahroubato.com\/#\/schema\/person\/2685c6d7bef7b9e1a4080510ea89fc04\"},\"breadcrumb\":{\"@id\":\"https:\/\/www.sarahroubato.com\/en\/logeartiste\/philippe-ducros\/#breadcrumb\"},\"inLanguage\":\"en-US\",\"potentialAction\":[{\"@type\":\"ReadAction\",\"target\":[\"https:\/\/www.sarahroubato.com\/en\/logeartiste\/philippe-ducros\/\"]}]},{\"@type\":\"BreadcrumbList\",\"@id\":\"https:\/\/www.sarahroubato.com\/en\/logeartiste\/philippe-ducros\/#breadcrumb\",\"itemListElement\":[{\"@type\":\"ListItem\",\"position\":1,\"name\":\"Accueil\",\"item\":\"https:\/\/www.sarahroubato.com\/\"},{\"@type\":\"ListItem\",\"position\":2,\"name\":\"Philippe Ducros : \u00e9crivain des blessures coloniales\"}]},{\"@type\":\"Person\",\"@id\":\"https:\/\/www.sarahroubato.com\/#\/schema\/person\/2685c6d7bef7b9e1a4080510ea89fc04\",\"name\":\"Sarah Roubato\",\"image\":{\"@type\":\"ImageObject\",\"@id\":\"https:\/\/www.sarahroubato.com\/#personlogo\",\"inLanguage\":\"en-US\",\"url\":\"https:\/\/secure.gravatar.com\/avatar\/f3b82a096236e32f3cb63cbce13ffb3d?s=96&d=mm&r=g\",\"contentUrl\":\"https:\/\/secure.gravatar.com\/avatar\/f3b82a096236e32f3cb63cbce13ffb3d?s=96&d=mm&r=g\",\"caption\":\"Sarah Roubato\"},\"sameAs\":[\"https:\/\/www.facebook.com\/SarahRubato\",\"https:\/\/twitter.com\/SarahRubato\"],\"url\":\"https:\/\/www.sarahroubato.com\/en\/author\/sarah\/\"}]}<\/script>\n<!-- \/ Yoast SEO plugin. -->","yoast_head_json":{"title":"Philippe Ducros : \u00e9crivain des blessures coloniales - Sarah Roubato","robots":{"index":"index","follow":"follow","max-snippet":"max-snippet:-1","max-image-preview":"max-image-preview:large","max-video-preview":"max-video-preview:-1"},"canonical":"https:\/\/www.sarahroubato.com\/en\/logeartiste\/philippe-ducros\/","og_locale":"en_US","og_type":"article","og_title":"Philippe Ducros : \u00e9crivain des blessures coloniales - Sarah Roubato","og_description":"Le 5 mai dernier, dans le cadre du festival Jamais Lu, Philippe Ducros a pr\u00e9sent\u00e9 son texte &#8221;La cartomancie du territoire&#8221;, premier volet du projet &#8221;R\u00e9serves&#8221;. Un texte n\u00e9 de mois qu&#8217;il a pass\u00e9 \u00e0 arpenter les r\u00e9serves autochtones au Qu\u00e9bec. 1.La blessure et l&#8217;espoir Derri\u00e8re le rideau d&#8217;arbres le long des routes canadiennes, il [&hellip;]","og_url":"https:\/\/www.sarahroubato.com\/en\/logeartiste\/philippe-ducros\/","og_site_name":"Sarah Roubato","article_author":"https:\/\/www.facebook.com\/SarahRubato","article_published_time":"2015-09-07T16:52:15+00:00","article_modified_time":"2015-10-09T16:04:06+00:00","og_image":[{"width":2000,"height":1000,"url":"https:\/\/www.sarahroubato.com\/wp-content\/uploads\/2015\/09\/p-ducros.jpg","type":"image\/jpeg"}],"twitter_card":"summary","twitter_creator":"@SarahRubato","twitter_misc":{"Written by":"Sarah Roubato","Est. reading time":"2 minutes"},"schema":{"@context":"https:\/\/schema.org","@graph":[{"@type":"WebSite","@id":"https:\/\/www.sarahroubato.com\/#website","url":"https:\/\/www.sarahroubato.com\/","name":"Sarah Roubato","description":"Bring out the potential of people and society","potentialAction":[{"@type":"SearchAction","target":{"@type":"EntryPoint","urlTemplate":"https:\/\/www.sarahroubato.com\/?s={search_term_string}"},"query-input":"required name=search_term_string"}],"inLanguage":"en-US"},{"@type":"ImageObject","@id":"https:\/\/www.sarahroubato.com\/en\/logeartiste\/philippe-ducros\/#primaryimage","inLanguage":"en-US","url":"https:\/\/www.sarahroubato.com\/wp-content\/uploads\/2015\/09\/p-ducros.jpg","contentUrl":"https:\/\/www.sarahroubato.com\/wp-content\/uploads\/2015\/09\/p-ducros.jpg","width":2000,"height":1000},{"@type":"WebPage","@id":"https:\/\/www.sarahroubato.com\/en\/logeartiste\/philippe-ducros\/#webpage","url":"https:\/\/www.sarahroubato.com\/en\/logeartiste\/philippe-ducros\/","name":"Philippe Ducros : \u00e9crivain des blessures coloniales - Sarah Roubato","isPartOf":{"@id":"https:\/\/www.sarahroubato.com\/#website"},"primaryImageOfPage":{"@id":"https:\/\/www.sarahroubato.com\/en\/logeartiste\/philippe-ducros\/#primaryimage"},"datePublished":"2015-09-07T16:52:15+00:00","dateModified":"2015-10-09T16:04:06+00:00","author":{"@id":"https:\/\/www.sarahroubato.com\/#\/schema\/person\/2685c6d7bef7b9e1a4080510ea89fc04"},"breadcrumb":{"@id":"https:\/\/www.sarahroubato.com\/en\/logeartiste\/philippe-ducros\/#breadcrumb"},"inLanguage":"en-US","potentialAction":[{"@type":"ReadAction","target":["https:\/\/www.sarahroubato.com\/en\/logeartiste\/philippe-ducros\/"]}]},{"@type":"BreadcrumbList","@id":"https:\/\/www.sarahroubato.com\/en\/logeartiste\/philippe-ducros\/#breadcrumb","itemListElement":[{"@type":"ListItem","position":1,"name":"Accueil","item":"https:\/\/www.sarahroubato.com\/"},{"@type":"ListItem","position":2,"name":"Philippe Ducros : \u00e9crivain des blessures coloniales"}]},{"@type":"Person","@id":"https:\/\/www.sarahroubato.com\/#\/schema\/person\/2685c6d7bef7b9e1a4080510ea89fc04","name":"Sarah Roubato","image":{"@type":"ImageObject","@id":"https:\/\/www.sarahroubato.com\/#personlogo","inLanguage":"en-US","url":"https:\/\/secure.gravatar.com\/avatar\/f3b82a096236e32f3cb63cbce13ffb3d?s=96&d=mm&r=g","contentUrl":"https:\/\/secure.gravatar.com\/avatar\/f3b82a096236e32f3cb63cbce13ffb3d?s=96&d=mm&r=g","caption":"Sarah Roubato"},"sameAs":["https:\/\/www.facebook.com\/SarahRubato","https:\/\/twitter.com\/SarahRubato"],"url":"https:\/\/www.sarahroubato.com\/en\/author\/sarah\/"}]}},"jetpack_featured_media_url":"https:\/\/www.sarahroubato.com\/wp-content\/uploads\/2015\/09\/p-ducros.jpg","_links":{"self":[{"href":"https:\/\/www.sarahroubato.com\/en\/wp-json\/wp\/v2\/posts\/794"}],"collection":[{"href":"https:\/\/www.sarahroubato.com\/en\/wp-json\/wp\/v2\/posts"}],"about":[{"href":"https:\/\/www.sarahroubato.com\/en\/wp-json\/wp\/v2\/types\/post"}],"author":[{"embeddable":true,"href":"https:\/\/www.sarahroubato.com\/en\/wp-json\/wp\/v2\/users\/2"}],"replies":[{"embeddable":true,"href":"https:\/\/www.sarahroubato.com\/en\/wp-json\/wp\/v2\/comments?post=794"}],"version-history":[{"count":13,"href":"https:\/\/www.sarahroubato.com\/en\/wp-json\/wp\/v2\/posts\/794\/revisions"}],"predecessor-version":[{"id":873,"href":"https:\/\/www.sarahroubato.com\/en\/wp-json\/wp\/v2\/posts\/794\/revisions\/873"}],"wp:featuredmedia":[{"embeddable":true,"href":"https:\/\/www.sarahroubato.com\/en\/wp-json\/wp\/v2\/media\/797"}],"wp:attachment":[{"href":"https:\/\/www.sarahroubato.com\/en\/wp-json\/wp\/v2\/media?parent=794"}],"wp:term":[{"taxonomy":"category","embeddable":true,"href":"https:\/\/www.sarahroubato.com\/en\/wp-json\/wp\/v2\/categories?post=794"},{"taxonomy":"post_tag","embeddable":true,"href":"https:\/\/www.sarahroubato.com\/en\/wp-json\/wp\/v2\/tags?post=794"}],"curies":[{"name":"wp","href":"https:\/\/api.w.org\/{rel}","templated":true}]}}