
{"id":942,"date":"2015-11-07T22:58:09","date_gmt":"2015-11-08T04:58:09","guid":{"rendered":"https:\/\/www.sarahroubato.com\/?p=942"},"modified":"2020-05-16T20:26:04","modified_gmt":"2020-05-16T18:26:04","slug":"pierrot5","status":"publish","type":"post","link":"https:\/\/www.sarahroubato.com\/en\/lettres\/pierrot5\/","title":{"rendered":"Lettre \u00e0 Pierrot 5 : S&#8217;occuper de la beaut\u00e9 du monde"},"content":{"rendered":"<p><a href=\"https:\/\/www.paypal.me\/sarahroubatofr\"><img loading=\"lazy\" class=\" size-medium wp-image-1026 aligncenter\" src=\"https:\/\/www.sarahroubato.com\/wp-content\/uploads\/2015\/12\/mafalda9-300x214.jpg\" alt=\"mafalda9\" width=\"300\" height=\"214\" srcset=\"https:\/\/www.sarahroubato.com\/wp-content\/uploads\/2015\/12\/mafalda9-300x214.jpg 300w, https:\/\/www.sarahroubato.com\/wp-content\/uploads\/2015\/12\/mafalda9-150x107.jpg 150w, https:\/\/www.sarahroubato.com\/wp-content\/uploads\/2015\/12\/mafalda9.jpg 378w\" sizes=\"(max-width: 300px) 100vw, 300px\" \/><\/a><\/p>\n<p>Quelques temps apr\u00e8s le quatri\u00e8me morceau<\/p>\n<p>Allo Pierrot<\/p>\n<p>\u00ab Est-ce que l\u2019univers va s\u2019occuper de moi comme je m\u2019appr\u00eate \u00e0 m\u2019occuper des autres ? \u00bb Quand le vagabond c\u00e9leste jette cette question \u00e0 l\u2019assaut du ciel, j\u2019ai ouvert grand les yeux et je me suis avanc\u00e9e comme pour bien entendre la r\u00e9ponse qu\u2019allait lui faire l\u2019univers. Mais rien. Il n\u2019y eut pas de r\u00e9ponse.<\/p>\n<p>Vois-tu, Pierrot, moi aussi je l\u2019ai pouss\u00e9, ce cri o\u00f9 on met l\u2019univers au d\u00e9fi. Et dans cette question, c\u2019est toute la question de la justice. Le monde est-il juste et \u00e9quilibr\u00e9 ? Je sais que depuis que tu as chauss\u00e9 tes bottes, tu as trouv\u00e9 que oui, l\u2019univers s\u2019occupe de nous quand on l\u00e2che tout et qu\u2019on poursuit seulement son r\u00eave. Que vous recevez quand vous donnez. Parce que vous r\u00e9veillez chez les gens l\u2019envie de donner et de partager. Quelqu\u2019un finit toujours par s\u2019arr\u00eater pour vous prendre dans son char.<br \/>\nEt pourtant, Pierrot, on ne va pas dire au gamin des banlieues de Kiev irradi\u00e9 par Tchernobyl ou celui des campagnes d\u2019Argentine empoisonn\u00e9 par Monsanto, que ce qu\u2019ils vivent est le juste retour de l\u2019univers \u00e0 ce qu\u2019ils ont fait, n\u2019est-ce pas ? On ne va pas dire aux ouvriers, paysans et artisans qui aiment leur travail et ont trim\u00e9 toute leur vie, et qui ont tout perdu parce que des businessmen se sont amus\u00e9s avec la valeur de tout, que \u00e7a leur est arriv\u00e9 parce qu\u2019ils ont trich\u00e9 avec leurs r\u00eaves ? Et les businessmen repus et enfl\u00e9s de pouvoir et heureux \u00e0 leur mani\u00e8re, va-t-on leur dire qu\u2019ils ont la vie qu\u2019ils m\u00e9ritent ?<br \/>\nJ\u2019ai beaucoup voyag\u00e9 et j\u2019ai c\u00f4toy\u00e9 des milieux tr\u00e8s diff\u00e9rents. Et partout je n\u2019ai vu que le r\u00e8gne du chaos. J\u2019ai vu des gens m\u00e9ritants talentueux et travailleurs trouver leur r\u00eave, et d\u2019autres tout aussi talentueux, travaillants, g\u00e9n\u00e9reux, finir mis\u00e9rables et seuls. Je vois chaque jour la b\u00eatise, la facilit\u00e9 et le conformisme \u00eatre r\u00e9compens\u00e9. Entendons-nous bien, Pierrot. Je ne parle pas de succ\u00e8s et de gloire d\u00e9cadente \u00e0 la Whitney Houston. Je parle bien d\u2019\u00e9panouissement personnel, de paix int\u00e9rieure et de r\u00eave accompli.<\/p>\n<p>Les gens peuvent \u00eatre aussi m\u00e9prisants et indiff\u00e9rents qu\u2019ils savent \u00eatre attentifs et g\u00e9n\u00e9reux. Et je maintiens que l\u2019univers ne s\u2019occupe pas toujours de ceux qui s\u2019occupent des autres. Ne pensez-vous pas que le monde aurait une autre t\u00eate, si c\u2019\u00e9tait le cas ?<\/p>\n<p>Je crois que chacun p\u00e9trit moule et taille son r\u00eave, mais qu\u2019aucun r\u00eave ne peut marcher tout seul. Il lui faut un sol avec du sable ou des graviers, de la terre ou du bois, il lui faut aussi un air, un soleil, un horizon. Je crois que sans sa femme, Nelson Mandela aurait \u00e9t\u00e9 oubli\u00e9 au fond de sa prison. Je crois que sans Jacques Canetti, les Brel, les Barbara, les Brassens, les Piaf, seraient rest\u00e9s \u2013 comme d\u2019autres \u2013 des amuseurs de cabaret. Parce qu\u2019il a cru en eux au moment o\u00f9 personne n\u2019y croyait.<\/p>\n<p>Je crois que la meilleure des graines peut ne pas pousser si le sol, la lumi\u00e8re et l\u2019eau ne sont pas cl\u00e9ments. Je crois qu\u2019il existe beaucoup de puissances endormies en nous, qui resteront toujours inactiv\u00e9es. Je crois que des vies pleines de ces puissances sont arr\u00eat\u00e9es chaque jour, pour rien. Je crois que toute personne qui a connu un champ de bataille, et l\u2019obus qui tombe ici et pas un m\u00e8tre plus loin, le sait.<\/p>\n<p>Je crois aux rencontres avort\u00e9es qui auraient pu construire bien des r\u00eaves, mais qui ne se sont pas faites. Parce que \u00e7a n\u2019\u00e9tait pas le bon moment. Je crois qu\u2019on fait ce qu\u2019on peut et qu\u2019il manque quelque chose \u00e0 l\u2019\u00e9quation : si tu ne triches pas avec ton r\u00eave, l\u2019univers te r\u00e9pondra. L\u2019univers est capricieux, Pierrot.<\/p>\n<p>Je ne crois pas que les choses sont comme elles devraient \u00eatre. Et que c\u2019est bien pour \u00e7a qu\u2019il faut avoir un r\u00eave. Un r\u00eave qui s\u2019occupe de la beaut\u00e9 du monde, puisque le monde est parfois bien n\u00e9gligent de sa beaut\u00e9.<\/p>\n<p>Voil\u00e0 Pierrot, je ne sais pas si dans tes vagabondages sur la sph\u00e8re virtuelle tu trouveras cette lettre, ces morceaux que je d\u00e9pose au bord de la route en attendant que quelqu&#8217;un s&#8217;arr\u00eate.<\/p>\n<p>Je te laisse avec deux chansons entre lesquelles je tangue :<\/p>\n<p><a href=\"https:\/\/www.youtube.com\/watch?v=_xlDCWrKMsI\" target=\"_blank\" rel=\"noopener noreferrer\"><strong><em>C&#8217;est peut-\u00eatre <\/em>de Allain Leprest<\/strong><\/a><\/p>\n<p><a href=\"https:\/\/www.youtube.com\/watch?v=ZthGP004YIA\" target=\"_blank\" rel=\"noopener noreferrer\"><strong><em>La pri\u00e8re<\/em> de Brassens<\/strong><\/a><br \/>\n<a href=\"https:\/\/www.sarahroubato.com\/wp-content\/uploads\/2015\/07\/signature-Sarah-NB.png\"><img loading=\"lazy\" class=\"alignleft size-medium wp-image-696\" src=\"https:\/\/www.sarahroubato.com\/wp-content\/uploads\/2015\/07\/signature-Sarah-NB-300x145.png\" alt=\"signature Sarah NB\" width=\"300\" height=\"145\" \/><\/a><\/p>","protected":false},"excerpt":{"rendered":"<p>Quelques temps apr\u00e8s le quatri\u00e8me morceau Allo Pierrot \u00ab Est-ce que l\u2019univers va s\u2019occuper de moi comme je m\u2019appr\u00eate \u00e0 m\u2019occuper des autres ? \u00bb Quand le vagabond c\u00e9leste jette cette question \u00e0 l\u2019assaut du ciel, j\u2019ai ouvert grand les yeux et je me suis avanc\u00e9e comme pour bien entendre la r\u00e9ponse qu\u2019allait lui faire [&hellip;]<\/p>\n","protected":false},"author":2,"featured_media":926,"comment_status":"open","ping_status":"open","sticky":false,"template":"","format":"standard","meta":{"spay_email":""},"categories":[174],"tags":[263,270,269,160,190,256,272],"acf":[],"yoast_head":"<!-- This site is optimized with the Yoast SEO plugin v18.4.1 - https:\/\/yoast.com\/wordpress\/plugins\/seo\/ -->\n<title>Lettre \u00e0 Pierrot 5 : S&#039;occuper de la beaut\u00e9 du monde - Sarah Roubato<\/title>\n<meta name=\"robots\" content=\"index, follow, max-snippet:-1, max-image-preview:large, max-video-preview:-1\" \/>\n<link rel=\"canonical\" href=\"https:\/\/www.sarahroubato.com\/en\/lettres\/pierrot5\/\" \/>\n<meta property=\"og:locale\" content=\"en_US\" \/>\n<meta property=\"og:type\" content=\"article\" \/>\n<meta property=\"og:title\" content=\"Lettre \u00e0 Pierrot 5 : S&#039;occuper de la beaut\u00e9 du monde - Sarah Roubato\" \/>\n<meta property=\"og:description\" content=\"Quelques temps apr\u00e8s le quatri\u00e8me morceau Allo Pierrot \u00ab Est-ce que l\u2019univers va s\u2019occuper de moi comme je m\u2019appr\u00eate \u00e0 m\u2019occuper des autres ? \u00bb Quand le vagabond c\u00e9leste jette cette question \u00e0 l\u2019assaut du ciel, j\u2019ai ouvert grand les yeux et je me suis avanc\u00e9e comme pour bien entendre la r\u00e9ponse qu\u2019allait lui faire [&hellip;]\" \/>\n<meta property=\"og:url\" content=\"https:\/\/www.sarahroubato.com\/en\/lettres\/pierrot5\/\" \/>\n<meta property=\"og:site_name\" content=\"Sarah Roubato\" \/>\n<meta property=\"article:author\" content=\"https:\/\/www.facebook.com\/SarahRubato\" \/>\n<meta property=\"article:published_time\" content=\"2015-11-08T04:58:09+00:00\" \/>\n<meta property=\"article:modified_time\" content=\"2020-05-16T18:26:04+00:00\" \/>\n<meta property=\"og:image\" content=\"https:\/\/www.sarahroubato.com\/wp-content\/uploads\/2015\/11\/pierrot5.jpg\" \/>\n\t<meta property=\"og:image:width\" content=\"400\" \/>\n\t<meta property=\"og:image:height\" content=\"310\" \/>\n\t<meta property=\"og:image:type\" content=\"image\/jpeg\" \/>\n<meta name=\"twitter:card\" content=\"summary\" \/>\n<meta name=\"twitter:creator\" content=\"@SarahRubato\" \/>\n<meta name=\"twitter:label1\" content=\"Written by\" \/>\n\t<meta name=\"twitter:data1\" content=\"Sarah Roubato\" \/>\n\t<meta name=\"twitter:label2\" content=\"Est. reading time\" \/>\n\t<meta name=\"twitter:data2\" content=\"12 minutes\" \/>\n<script type=\"application\/ld+json\" class=\"yoast-schema-graph\">{\"@context\":\"https:\/\/schema.org\",\"@graph\":[{\"@type\":\"WebSite\",\"@id\":\"https:\/\/www.sarahroubato.com\/#website\",\"url\":\"https:\/\/www.sarahroubato.com\/\",\"name\":\"Sarah Roubato\",\"description\":\"Bring out the potential of people and society\",\"potentialAction\":[{\"@type\":\"SearchAction\",\"target\":{\"@type\":\"EntryPoint\",\"urlTemplate\":\"https:\/\/www.sarahroubato.com\/?s={search_term_string}\"},\"query-input\":\"required name=search_term_string\"}],\"inLanguage\":\"en-US\"},{\"@type\":\"ImageObject\",\"@id\":\"https:\/\/www.sarahroubato.com\/en\/lettres\/pierrot5\/#primaryimage\",\"inLanguage\":\"en-US\",\"url\":\"https:\/\/www.sarahroubato.com\/wp-content\/uploads\/2015\/11\/pierrot5.jpg\",\"contentUrl\":\"https:\/\/www.sarahroubato.com\/wp-content\/uploads\/2015\/11\/pierrot5.jpg\",\"width\":400,\"height\":310},{\"@type\":\"WebPage\",\"@id\":\"https:\/\/www.sarahroubato.com\/en\/lettres\/pierrot5\/#webpage\",\"url\":\"https:\/\/www.sarahroubato.com\/en\/lettres\/pierrot5\/\",\"name\":\"Lettre \u00e0 Pierrot 5 : S'occuper de la beaut\u00e9 du monde - Sarah Roubato\",\"isPartOf\":{\"@id\":\"https:\/\/www.sarahroubato.com\/#website\"},\"primaryImageOfPage\":{\"@id\":\"https:\/\/www.sarahroubato.com\/en\/lettres\/pierrot5\/#primaryimage\"},\"datePublished\":\"2015-11-08T04:58:09+00:00\",\"dateModified\":\"2020-05-16T18:26:04+00:00\",\"author\":{\"@id\":\"https:\/\/www.sarahroubato.com\/#\/schema\/person\/2685c6d7bef7b9e1a4080510ea89fc04\"},\"breadcrumb\":{\"@id\":\"https:\/\/www.sarahroubato.com\/en\/lettres\/pierrot5\/#breadcrumb\"},\"inLanguage\":\"en-US\",\"potentialAction\":[{\"@type\":\"ReadAction\",\"target\":[\"https:\/\/www.sarahroubato.com\/en\/lettres\/pierrot5\/\"]}]},{\"@type\":\"BreadcrumbList\",\"@id\":\"https:\/\/www.sarahroubato.com\/en\/lettres\/pierrot5\/#breadcrumb\",\"itemListElement\":[{\"@type\":\"ListItem\",\"position\":1,\"name\":\"Accueil\",\"item\":\"https:\/\/www.sarahroubato.com\/\"},{\"@type\":\"ListItem\",\"position\":2,\"name\":\"Lettre \u00e0 Pierrot 5 : S&rsquo;occuper de la beaut\u00e9 du monde\"}]},{\"@type\":\"Person\",\"@id\":\"https:\/\/www.sarahroubato.com\/#\/schema\/person\/2685c6d7bef7b9e1a4080510ea89fc04\",\"name\":\"Sarah Roubato\",\"image\":{\"@type\":\"ImageObject\",\"@id\":\"https:\/\/www.sarahroubato.com\/#personlogo\",\"inLanguage\":\"en-US\",\"url\":\"https:\/\/secure.gravatar.com\/avatar\/f3b82a096236e32f3cb63cbce13ffb3d?s=96&d=mm&r=g\",\"contentUrl\":\"https:\/\/secure.gravatar.com\/avatar\/f3b82a096236e32f3cb63cbce13ffb3d?s=96&d=mm&r=g\",\"caption\":\"Sarah Roubato\"},\"sameAs\":[\"https:\/\/www.facebook.com\/SarahRubato\",\"https:\/\/twitter.com\/SarahRubato\"],\"url\":\"https:\/\/www.sarahroubato.com\/en\/author\/sarah\/\"}]}<\/script>\n<!-- \/ Yoast SEO plugin. -->","yoast_head_json":{"title":"Lettre \u00e0 Pierrot 5 : S'occuper de la beaut\u00e9 du monde - Sarah Roubato","robots":{"index":"index","follow":"follow","max-snippet":"max-snippet:-1","max-image-preview":"max-image-preview:large","max-video-preview":"max-video-preview:-1"},"canonical":"https:\/\/www.sarahroubato.com\/en\/lettres\/pierrot5\/","og_locale":"en_US","og_type":"article","og_title":"Lettre \u00e0 Pierrot 5 : S'occuper de la beaut\u00e9 du monde - Sarah Roubato","og_description":"Quelques temps apr\u00e8s le quatri\u00e8me morceau Allo Pierrot \u00ab Est-ce que l\u2019univers va s\u2019occuper de moi comme je m\u2019appr\u00eate \u00e0 m\u2019occuper des autres ? \u00bb Quand le vagabond c\u00e9leste jette cette question \u00e0 l\u2019assaut du ciel, j\u2019ai ouvert grand les yeux et je me suis avanc\u00e9e comme pour bien entendre la r\u00e9ponse qu\u2019allait lui faire [&hellip;]","og_url":"https:\/\/www.sarahroubato.com\/en\/lettres\/pierrot5\/","og_site_name":"Sarah Roubato","article_author":"https:\/\/www.facebook.com\/SarahRubato","article_published_time":"2015-11-08T04:58:09+00:00","article_modified_time":"2020-05-16T18:26:04+00:00","og_image":[{"width":400,"height":310,"url":"https:\/\/www.sarahroubato.com\/wp-content\/uploads\/2015\/11\/pierrot5.jpg","type":"image\/jpeg"}],"twitter_card":"summary","twitter_creator":"@SarahRubato","twitter_misc":{"Written by":"Sarah Roubato","Est. reading time":"12 minutes"},"schema":{"@context":"https:\/\/schema.org","@graph":[{"@type":"WebSite","@id":"https:\/\/www.sarahroubato.com\/#website","url":"https:\/\/www.sarahroubato.com\/","name":"Sarah Roubato","description":"Bring out the potential of people and society","potentialAction":[{"@type":"SearchAction","target":{"@type":"EntryPoint","urlTemplate":"https:\/\/www.sarahroubato.com\/?s={search_term_string}"},"query-input":"required name=search_term_string"}],"inLanguage":"en-US"},{"@type":"ImageObject","@id":"https:\/\/www.sarahroubato.com\/en\/lettres\/pierrot5\/#primaryimage","inLanguage":"en-US","url":"https:\/\/www.sarahroubato.com\/wp-content\/uploads\/2015\/11\/pierrot5.jpg","contentUrl":"https:\/\/www.sarahroubato.com\/wp-content\/uploads\/2015\/11\/pierrot5.jpg","width":400,"height":310},{"@type":"WebPage","@id":"https:\/\/www.sarahroubato.com\/en\/lettres\/pierrot5\/#webpage","url":"https:\/\/www.sarahroubato.com\/en\/lettres\/pierrot5\/","name":"Lettre \u00e0 Pierrot 5 : S'occuper de la beaut\u00e9 du monde - Sarah Roubato","isPartOf":{"@id":"https:\/\/www.sarahroubato.com\/#website"},"primaryImageOfPage":{"@id":"https:\/\/www.sarahroubato.com\/en\/lettres\/pierrot5\/#primaryimage"},"datePublished":"2015-11-08T04:58:09+00:00","dateModified":"2020-05-16T18:26:04+00:00","author":{"@id":"https:\/\/www.sarahroubato.com\/#\/schema\/person\/2685c6d7bef7b9e1a4080510ea89fc04"},"breadcrumb":{"@id":"https:\/\/www.sarahroubato.com\/en\/lettres\/pierrot5\/#breadcrumb"},"inLanguage":"en-US","potentialAction":[{"@type":"ReadAction","target":["https:\/\/www.sarahroubato.com\/en\/lettres\/pierrot5\/"]}]},{"@type":"BreadcrumbList","@id":"https:\/\/www.sarahroubato.com\/en\/lettres\/pierrot5\/#breadcrumb","itemListElement":[{"@type":"ListItem","position":1,"name":"Accueil","item":"https:\/\/www.sarahroubato.com\/"},{"@type":"ListItem","position":2,"name":"Lettre \u00e0 Pierrot 5 : S&rsquo;occuper de la beaut\u00e9 du monde"}]},{"@type":"Person","@id":"https:\/\/www.sarahroubato.com\/#\/schema\/person\/2685c6d7bef7b9e1a4080510ea89fc04","name":"Sarah Roubato","image":{"@type":"ImageObject","@id":"https:\/\/www.sarahroubato.com\/#personlogo","inLanguage":"en-US","url":"https:\/\/secure.gravatar.com\/avatar\/f3b82a096236e32f3cb63cbce13ffb3d?s=96&d=mm&r=g","contentUrl":"https:\/\/secure.gravatar.com\/avatar\/f3b82a096236e32f3cb63cbce13ffb3d?s=96&d=mm&r=g","caption":"Sarah Roubato"},"sameAs":["https:\/\/www.facebook.com\/SarahRubato","https:\/\/twitter.com\/SarahRubato"],"url":"https:\/\/www.sarahroubato.com\/en\/author\/sarah\/"}]}},"jetpack_featured_media_url":"https:\/\/www.sarahroubato.com\/wp-content\/uploads\/2015\/11\/pierrot5.jpg","_links":{"self":[{"href":"https:\/\/www.sarahroubato.com\/en\/wp-json\/wp\/v2\/posts\/942"}],"collection":[{"href":"https:\/\/www.sarahroubato.com\/en\/wp-json\/wp\/v2\/posts"}],"about":[{"href":"https:\/\/www.sarahroubato.com\/en\/wp-json\/wp\/v2\/types\/post"}],"author":[{"embeddable":true,"href":"https:\/\/www.sarahroubato.com\/en\/wp-json\/wp\/v2\/users\/2"}],"replies":[{"embeddable":true,"href":"https:\/\/www.sarahroubato.com\/en\/wp-json\/wp\/v2\/comments?post=942"}],"version-history":[{"count":7,"href":"https:\/\/www.sarahroubato.com\/en\/wp-json\/wp\/v2\/posts\/942\/revisions"}],"predecessor-version":[{"id":4408,"href":"https:\/\/www.sarahroubato.com\/en\/wp-json\/wp\/v2\/posts\/942\/revisions\/4408"}],"wp:featuredmedia":[{"embeddable":true,"href":"https:\/\/www.sarahroubato.com\/en\/wp-json\/wp\/v2\/media\/926"}],"wp:attachment":[{"href":"https:\/\/www.sarahroubato.com\/en\/wp-json\/wp\/v2\/media?parent=942"}],"wp:term":[{"taxonomy":"category","embeddable":true,"href":"https:\/\/www.sarahroubato.com\/en\/wp-json\/wp\/v2\/categories?post=942"},{"taxonomy":"post_tag","embeddable":true,"href":"https:\/\/www.sarahroubato.com\/en\/wp-json\/wp\/v2\/tags?post=942"}],"curies":[{"name":"wp","href":"https:\/\/api.w.org\/{rel}","templated":true}]}}