
{"id":955,"date":"2015-11-20T13:29:36","date_gmt":"2015-11-20T12:29:36","guid":{"rendered":"https:\/\/www.sarahroubato.com\/?p=955"},"modified":"2025-11-13T13:41:51","modified_gmt":"2025-11-13T12:41:51","slug":"lettre-a-ma-generation","status":"publish","type":"post","link":"https:\/\/www.sarahroubato.com\/en\/analyses\/lettre-a-ma-generation\/","title":{"rendered":"Lettre \u00e0 ma g\u00e9n\u00e9ration : moi je n&#8217;irai pas qu&#8217;en terrasse"},"content":{"rendered":"<p>&nbsp;<\/p>\n<p><a href=\"http:\/\/www.michel-lafon.fr\/livre\/1687-Lettres_a_ma_generation.html\"><img loading=\"lazy\" class=\"alignleft size-thumbnail wp-image-1091\" src=\"https:\/\/www.sarahroubato.com\/wp-content\/uploads\/2016\/02\/livre-sarah-103x150.jpg\" alt=\"livre sarah\" width=\"103\" height=\"150\" srcset=\"https:\/\/www.sarahroubato.com\/wp-content\/uploads\/2016\/02\/livre-sarah-103x150.jpg 103w, https:\/\/www.sarahroubato.com\/wp-content\/uploads\/2016\/02\/livre-sarah-205x300.jpg 205w, https:\/\/www.sarahroubato.com\/wp-content\/uploads\/2016\/02\/livre-sarah.jpg 341w\" sizes=\"(max-width: 103px) 100vw, 103px\" \/><\/a><\/p>\n<p>Cette lettre a donn\u00e9 naissance au livre\u00a0<strong><em>Lettres \u00e0 ma g\u00e9n\u00e9ration\u00a0<\/em><\/strong>publi\u00e9 chez Michel Lafon. Pour commander le livre, cliquez sur le livre. Pour lire des extraits, cliquez <a href=\"https:\/\/mrmondialisation.org\/sarah-roubato-lettres-a-ma-generation\/\"><strong>ici<\/strong>.<br \/>\n<\/a><\/p>\n<p><em><img loading=\"lazy\" class=\" size-medium wp-image-1026 aligncenter\" src=\"https:\/\/www.sarahroubato.com\/wp-content\/uploads\/2015\/12\/mafalda9-300x214.jpg\" alt=\"mafalda9\" width=\"300\" height=\"214\" srcset=\"https:\/\/www.sarahroubato.com\/wp-content\/uploads\/2015\/12\/mafalda9-300x214.jpg 300w, https:\/\/www.sarahroubato.com\/wp-content\/uploads\/2015\/12\/mafalda9-150x107.jpg 150w, https:\/\/www.sarahroubato.com\/wp-content\/uploads\/2015\/12\/mafalda9.jpg 378w\" sizes=\"(max-width: 300px) 100vw, 300px\" \/>Lettre publi\u00e9e dans<\/em><\/p>\n<p><em> <a href=\"http:\/\/blogs.mediapart.fr\/blog\/sarah-roubato\/201115\/lettre-ma-generation-moi-je-nirai-pas-quen-terrasse\"><img loading=\"lazy\" class=\" size-medium wp-image-958 alignleft\" src=\"https:\/\/www.sarahroubato.com\/wp-content\/uploads\/2015\/11\/mediapart-300x168.jpg\" alt=\"mediapart\" width=\"300\" height=\"168\" srcset=\"https:\/\/www.sarahroubato.com\/wp-content\/uploads\/2015\/11\/mediapart-300x168.jpg 300w, https:\/\/www.sarahroubato.com\/wp-content\/uploads\/2015\/11\/mediapart-150x84.jpg 150w, https:\/\/www.sarahroubato.com\/wp-content\/uploads\/2015\/11\/mediapart-1024x575.jpg 1024w, https:\/\/www.sarahroubato.com\/wp-content\/uploads\/2015\/11\/mediapart.jpg 1277w\" sizes=\"(max-width: 300px) 100vw, 300px\" \/> <\/a><\/em><i>Je ne suis qu&#8217;une lettre d&#8217;opinion, pas un essai. Je suis juste une petite lampe de poche qui a essay\u00e9 d&#8217;\u00e9clairer ce qui \u00e9tait trop souvent laiss\u00e9 dans l&#8217;ombre. Alors oui, mon \u00e9troit faisceau lumineux laissera bien d&#8217;autres choses dans l&#8217;ombre. Cela ne veut pas dire qu&#8217;elles ne sont pas importantes. Simplement que parfois pour ramener la corde \u00e0 un juste milieu, il faut tirer tr\u00e8s fort d&#8217;un c\u00f4t\u00e9.<\/i><\/p>\n<p>Salut,<\/p>\n<p>On se conna\u00eet pas mais je voulais quand m\u00eame t\u2019\u00e9crire.\u00a0Je suis fran\u00e7aise, je n\u2019ai pas trente ans. Paris, c\u2019est ma ville.<\/p>\n<p>J\u2019ai grandi au milieu de gens de beaucoup de nationalit\u00e9s, cultures et religions diff\u00e9rentes. \u00a0Je suis autant r\u00e9publicaine et transculturelle. J\u2019ai \u00ab\u00a0des origines\u00a0\u00bb comme on dit maghr\u00e9bines. Surtout, je\u00a0suis pisteuse de paroles et d&#8217;histoires. J&#8217;essaye de raconter un petit bout du monde, de mettre en mots les puissances endormies que tant de gens portent en eux.<\/p>\n<p>J\u2019ai toujours ador\u00e9 les terrasses. La derni\u00e8re fois que j\u2019\u00e9tais \u00e0 Paris j\u2019y ai pass\u00e9 des heures, dans les caf\u00e9s des 10e\u00a011e\u00a0et 18earrondissements. \u00a0\u00c0\u00a0\u00a0la terrasse, je m\u2019offre le luxe d\u2019aller nulle part. Je prends de mes nouvelles au c\u0153ur d\u2019une ville qui ne sait pas que j\u2019existe. Ni dehors ni dedans, je cultive l\u2019attente au milieu du passage. Ni vraiment dans la rue, ni tout \u00e0 fait quelque part, j\u2019ai rendez-vous avec la ville enti\u00e8re. J&#8217;y ai \u00e9crit un\u00a0livre qui s\u2019appelle\u00a0<i>Chroniques de terrasse<\/i>. \u00a0Il est maintenant quelque part dans la pile de manuscrits de plusieurs maisons d\u2019\u00e9dition. Aujourd&#8217;hui j&#8217;aurais envie d&#8217;y ajouter quelques pages.<\/p>\n<p>Pourtant aujourd\u2019hui, ce n\u2019est pas en terrasse que j\u2019ai envie d\u2019aller.<\/p>\n<p>Depuis plusieurs jours, on m\u2019explique que c\u2019est la libert\u00e9, la mixit\u00e9 et la l\u00e9g\u00e8ret\u00e9 de cette jeunesse qui a \u00e9t\u00e9 attaqu\u00e9e, et que pour r\u00e9sister, il faut tous aller se boire des bi\u00e8res en terrasse. Je ne suis pas s\u00fbre que si les attentats pr\u00e9vus \u00e0 la D\u00e9fense avaient eu lieu, on aurait lanc\u00e9 des groupes facebook \u00ab\u00a0TOUS EN COSTAR AU PIED DES GRATTE-CIELS !\u00a0\u00bb ni qu&#8217;on aurait cri\u00e9 notre fiert\u00e9 d\u2019\u00eatre un peuple d\u2019employ\u00e9s et de patrons fiers de participer au capitalisme mondial, pas toi ?<\/p>\n<p>On nous raconte qu\u2019on a \u00e9t\u00e9 attaqu\u00e9s parce qu\u2019on est le grand mod\u00e8le de la libert\u00e9 et de la tol\u00e9rance. De quoi se gargariser et mettre un pansement avec des coeurs sur la blessure de notre crise identitaire. Sauf qu&#8217;il existe beaucoup d\u2019autres pays et de villes o\u00f9 la jeunesse est mixte, libre et festive. Vas donc voir les terrasses des caf\u00e9s de Berlin, d\u2019Amsterdam,\u00a0 de Barcelone, de Toronto,\u00a0 de Shanghai, d\u2019Istanbul, de New York\u00a0!<\/p>\n<p>\u00c0 \u00e9couter et lire les nombreux sp\u00e9cialistes, il me semble qu&#8217;on a plut\u00f4t \u00e9t\u00e9 attaqu\u00e9s parce que la France a bombard\u00e9 certains pays en plongeant une main g\u00e9n\u00e9reuse dans leurs ressources, parce que la France est accessible g\u00e9ographiquement, parce que la France est proche de la Belgique et qu\u2019il est facile aux djihadistes belges et fran\u00e7ais de communiquer gr\u00e2ce \u00e0 la langue, parce que la France est un terreau fertile pour recruter des djihadistes.<\/p>\n<p>Oui je sais, la r\u00e9alit\u00e9 est moins sexy que notre fantasme. Mais quand on y pense, c\u2019est tant mieux, car si on a \u00e9t\u00e9 attaqu\u00e9 pour ce qu\u2019on est, alors on ne peut pas changer grand chose. Mais si on a \u00e9t\u00e9 attaqu\u00e9 pour ce qu&#8217;on fait, alors on a des leviers d\u2019action :<\/p>\n<p>&#8211; S&#8217;engager dans la recherche pour trouver des \u00e9nergies renouvelables, car quand le p\u00e9trole ne sera plus le barom\u00e8tre de toute la g\u00e9opolitique, le Moyen-Orient ne sera plus au centre de nos attentions. Et d&#8217;un coup le sort des Tib\u00e9tains et des Congolais de RDC nous importera autant que celui des Palestiniens et des Syriens.<\/p>\n<p>&#8211; S&#8217;engager pour trouver de nouveaux mod\u00e8les politiques afin de ne plus d\u00e9l\u00e9guer les actions de nos pays \u00e0 des hommes et des femmes form\u00e9s en \u00e9cole d&#8217;administration qui d\u00e9cident que larguer des bombes (car parfois les bombes c&#8217;est bien il para\u00eet), ou qu&#8217;on peut commercer avec un pays qui n&#8217;est finalement qu&#8217;un Daesh qui a r\u00e9ussi.<\/p>\n<p>&#8211;\u00a0Les journalistes ont montr\u00e9 que les attentats ont \u00e9veill\u00e9 des vocations de policiers chez beaucoup de jeunes. Tant mieux. Mais o\u00f9 sont les vocations d\u2019\u00e9ducateurs, d\u2019enseignants, d\u2019intervenants sociaux, de ceux qui emp\u00eachent de planter la graine djihadiste dans le terreau fertile qu\u2019est la France\u00a0? Si elles sont aussi nombreuses que les vocations polici\u00e8res, alorson peut se demander pourquoi les journalistes ont choisi de se focaliser dessus. Si les jeune se tournent plut\u00f4t vers les vocations polici\u00e8res qu&#8217;\u00e9ducatrices, on peut se demander ce que cela traduit.<\/p>\n<p>Si la\u00a0<i>seule\u00a0<\/i>r\u00e9ponse de la jeunesse fran\u00e7aise \u00e0 ce qui deviendra une menace permanente est d\u2019aller se boire des verres en terrasse et d&#8217;aller \u00e9couter des concerts, je ne suis pas s\u00fbre qu\u2019on soit \u00e0 la hauteur du symbole qu\u2019on pr\u00e9tend \u00eatre. L&#8217;attention que le monde nous porte en ce moment m\u00e9riterait qu&#8217;on aille bien plus loin.<\/p>\n<p>Je ne suis pas en train de te dire qu&#8217;il ne faut pas y aller, en terrasse ! Bien s\u00fbr qu&#8217;il faut y aller, comme il faut aller \u00e0 la boulangerie, \u00e0 la biblioth\u00e8que, au cin\u00e9ma. Il faut tout simplement vivre. Parce qu&#8217;on n&#8217;a pas le choix. C&#8217;est une r\u00e9sistance symbolique. Mais dans toute situation de &#8220;guerre&#8221; ou en tous cas, exceptionnelle, il faut faire des choix pour \u00eatre le plus efficace possible. Et dans l&#8217;imaginaire m\u00e9diatique, je n&#8217;ai pas vu de mouvement &#8220;parlons-nous !&#8221; ou &#8220;aidons-nous !&#8221;. Si un jour nos enfants se penchent sur cet \u00e9pisode, je ne me sentirais pas fi\u00e8re que le symbole de cette r\u00e9sistance ait \u00e9t\u00e9 l&#8217;image de moi en train de boire un verre. J&#8217;aurais pr\u00e9f\u00e9r\u00e9 une main tendue, surtout une oreille qui s&#8217;ouvre.<\/p>\n<p>Alors c&#8217;est peut-\u00eatre un peu t\u00f4t, mais il n&#8217;est jamais trop t\u00f4t pour s&#8217;interroger. Je me demande si on ne peut pas profiter de ce besoin d&#8217;\u00eatre ensemble pour red\u00e9finir l&#8217;image que les m\u00e9dias projettent de ce que nous sommes, nous les jeunes.\u00a0Je ne me suis pas reconnue dans le symbole m\u00e9diatique de mixit\u00e9, de libert\u00e9 et de f\u00eate qui a \u00e9t\u00e9 affich\u00e9 dans les m\u00e9dias de masse. Peut-\u00eatre que toi aussi, d&#8217;ailleurs. Parce que je sais bien\u00a0que tu as mille visages. Que certains agissent d\u00e9j\u00e0, chaque jour au quotidien, en cherchant un autre mod\u00e8le de soci\u00e9t\u00e9. Ceux-l\u00e0 souvent n&#8217;ont pas le temps de brandir des symboles. Je sais que d&#8217;autres voudraient bien agir mais ne savent pas comment faire. Et que d&#8217;autres ne se sont pas pos\u00e9s la question. Ce sont bien s\u00fbr \u00e0 ces deux derniers que j&#8217;\u00e9cris.<\/p>\n<p>&nbsp;<\/p>\n<p><strong>Ma mixit\u00e9<\/strong><\/p>\n<p>Qu\u2019on soit maghr\u00e9bin, fran\u00e7ais, malien, chinois, kurde, musulman, juif, ath\u00e9e, bi homo ou h\u00e9t\u00e9ro, nous sommes tous les m\u00eames d\u00e8s lors qu&#8217;on devient de bons petits soldats du n\u00e9o-lib\u00e9ralisme et de la surconsommation. On aime le Nutella qui d\u00e9truit des milliers d\u2019hectares de for\u00eat et d\u00e9cime les populations amazoniennes, on ach\u00e8te le dernier iphone et on grandit un peu plus les d\u00e9chets avec les carcasses de nos anciens t\u00e9l\u00e9phones, on pr\u00e9f\u00e8re les fringues pas ch\u00e8res teintes par des enfants du Bengladesh et de Chine, on d\u00e9pense des centaines d&#8217;euros en maquillage test\u00e9 sur les animaux et d\u00e9truisant ce qu&#8217;il reste de ressources naturelles.<\/p>\n<p>Ma mixit\u00e9, ce sera d\u2019aller \u00e0 la rencontre de gens vraiment diff\u00e9rents de moi. Des gens qui vivent \u00e0 huit dans un deux pi\u00e8ces, peu importe leur origine et leur religion. Des enfants dans les h\u00f4pitaux, des d\u00e9tenus dans les prisons. Des vieilles femmes qui vivent seules. De ce gamin de douze ans \u00e0 l&#8217;\u00e9cart d&#8217;un groupe d&#8217;amis, toujours rejet\u00e9 parce qu&#8217;il joue mal au foot, qui se renferme d\u00e9j\u00e0 sur lui-m\u00eame. Des ados dans les banlieues qui ne sont jamais all\u00e9s voir une pi\u00e8ce de th\u00e9\u00e2tre. Ceux qui vivent dans des petits villages recul\u00e9s o\u00f9 il n&#8217;y a plus aucun travail. Les petits ca\u00efds de carton qui s&#8217;insultent et en viennent aux mains parce que l&#8217;un n&#8217;a pas pay\u00e9 son cornet de frites au McDo. D&#8217;habitude quand \u00e7a arrive, qu&#8217;est-ce que tu fais ? Tu tournes la t\u00eate, tu ris, tu te rassures avec un petit &#8220;Et ben \u00e7a chauffe !&#8221; et tu retournes \u00e0 ta conversation. Si tous ceux qui ont r\u00e9pondu \u00e0 l&#8217;appel Tous en terrasse ! d\u00e9cidaient de consacrer quelques heures par semaine \u00e0 ce type d&#8217;\u00e9change&#8230; il me semble que \u00e7a irait d\u00e9j\u00e0 mieux. \u00c7a apportera \u00e0 l&#8217;humanit\u00e9 sans doute un peu plus que la bi\u00e8re que tu bois en terrasse.<\/p>\n<p><strong>Ma libert\u00e9<\/strong><\/p>\n<p>Je ne vois pas en quoi faire partie du troupeau qui se rend chaque semaine aux messes festives du weekend est une marque de libert\u00e9. Ma libert\u00e9 sera de prendre un autre chemin que celui qui passe par l\u2019hyperconsommation. D\u2019avoir un autre horizon que celui de la maison, de la voiture, des grands \u00e9crans, des vacances au soleil et du shopping.<\/p>\n<p>Ma libert\u00e9 sera celle de prendre le temps quand j&#8217;en ai envie, de ne pas m&#8217;affaler devant la t\u00e9l\u00e9 en rentrant du boulot, d&#8217;avoir un travail qui ne me permet pas de savoir \u00e0 quoi ressemblera ma journ\u00e9e.<\/p>\n<p>Ma libert\u00e9, c&#8217;est de savoir que lorsque je voyage dans un pays \u00e9tranger je ne suis pas en train de le d\u00e9figurer un peu plus. C&#8217;est vivre quelque part o\u00f9 le ciel a encore ses \u00e9toiles la nuit. C&#8217;est fl\u00e2ner dans ma ville au hasard des rues. C&#8217;est avoir pu approcher une autre esp\u00e8ce que la mienne dans son environnement naturel.<\/p>\n<p>Ma libert\u00e9, ce sera de savoir jouir et d&#8217;\u00eatre plein, tout le contraire des plaisirs de la consommation qui cr\u00e9ent un manque et le besoin de toujours plus. Ma libert\u00e9, ce sera d&#8217;avoir essay\u00e9 de m&#8217;occuper de la beaut\u00e9 du monde. &#8220;Pour que l&#8217;on puisse \u00e9crire \u00e0 la fin de la f\u00eate que quelque chose a chang\u00e9 pendant que nous passions&#8221; (Claude Lemesle).<\/p>\n<p><strong>Ma f\u00eate<\/strong><\/p>\n<p>Ma f\u00eate ne se trouve pas dans l\u2019industrie du spectacle. Ma f\u00eate c&#8217;est quand j&#8217;encourage les petites salles de concert, les bars o\u00f9 le musicien joue pour rien, les petits th\u00e9\u00e2tres de campagne construits dans une grange, les associations culturelles. Passer une journ\u00e9e avec un vieux qui vit tout seul, c\u2019est une f\u00eate. Offrir un samedi de babysitting gratuit \u00e0 une m\u00e8re qui gal\u00e8re toute seule avec ses enfants, c\u2019est une f\u00eate. Organiser des rencontres entre familles des quartiers d\u00e9favoris\u00e9s et familles plus ais\u00e9es, et \u00e9couter l&#8217;histoire de chacun, c&#8217;est une f\u00eate.<\/p>\n<p>La f\u00eate c\u2019est ce qui sort du quotidien. Et si mon quotidien est de la consommation bruyante et lumineuse, chaque fois que je cultiverai une parole sans \u00e9cran et une activit\u00e9 dont le but n\u2019est pas de consommer, je serai dans la f\u00eate. Pr\u00e9parer un bon gueuleton, jouer de la gratte, aller marcher en for\u00eat, lire des nouvelles et des contes \u00e0 des jeunes qui sentent qu\u2019ils ne font pas partie de notre soci\u00e9t\u00e9, quelle belle teuf !<\/p>\n<p>N\u2019allez pas me dire que je fais le jeu des djihadistes qui disent que nous sommes des d\u00e9cadents capitalistes\u2026 s\u2019il vous pla\u00eet ! Ils n\u2019ont pas le monopole de la critique de l\u2019hyper-consommation, et de toute fa\u00e7on, ils boivent aux m\u00eames sources que les pays les plus capitalistes : le p\u00e9trole et le trafic d\u2019armes.<\/p>\n<p>Voil\u00e0. Je ne sais pas si on se croisera sur les m\u00eames terrasses ni dans les m\u00eames f\u00eates. Mais je voulais juste te dire que tu as le droit de te construire autrement que l&#8217;image que les m\u00e9dias te renvoient. Bien s\u00fbr qu&#8217;il faut continuer \u00e0 aller en terrasse, mais qu&#8217;on ne prenne pas ce geste pour autre chose qu&#8217;une r\u00e9sistance symbolique qui n&#8217;aura que l&#8217;effet de nous rassurer, et s\u00fbrement pas d&#8217;impressionner les djihadistes (apparemment ils n&#8217;ont pas \u00e9t\u00e9 tr\u00e8s impressionn\u00e9s par la marche du 11 janvier), et encore moins d&#8217;arr\u00eater ceux qui sont en train de na\u00eetre.<\/p>\n<p>Ce qu\u2019on est en train de vivre m\u00e9rite que chacun se pose un instant \u00e0 la terrasse de lui-m\u00eame, et l\u00e8ve la t\u00eate pour regarder la soci\u00e9t\u00e9 o\u00f9 il vit. Et qu isait&#8230; peut-\u00eatre qu&#8217;un peu plus loin, dans un lambeau de ciel blanc accroch\u00e9 aux immeubles, il apercevra la soci\u00e9t\u00e9 qu\u2019il esp\u00e8re.<\/p>\n<p><\/p>","protected":false},"excerpt":{"rendered":"<p>&nbsp; Cette lettre a donn\u00e9 naissance au livre\u00a0Lettres \u00e0 ma g\u00e9n\u00e9ration\u00a0publi\u00e9 chez Michel Lafon. Pour commander le livre, cliquez sur le livre. Pour lire des extraits, cliquez ici. Lettre publi\u00e9e dans Je ne suis qu&#8217;une lettre d&#8217;opinion, pas un essai. Je suis juste une petite lampe de poche qui a essay\u00e9 d&#8217;\u00e9clairer ce qui \u00e9tait [&hellip;]<\/p>\n","protected":false},"author":2,"featured_media":956,"comment_status":"open","ping_status":"open","sticky":false,"template":"","format":"standard","meta":{"spay_email":""},"categories":[19],"tags":[273,281,275,274,153,28,279,135,278,190,276,277],"acf":[],"yoast_head":"<!-- This site is optimized with the Yoast SEO plugin v18.4.1 - https:\/\/yoast.com\/wordpress\/plugins\/seo\/ -->\n<title>Lettre \u00e0 ma g\u00e9n\u00e9ration : moi je n&#039;irai pas qu&#039;en terrasse - Sarah Roubato<\/title>\n<meta name=\"robots\" content=\"index, follow, max-snippet:-1, max-image-preview:large, max-video-preview:-1\" \/>\n<link rel=\"canonical\" href=\"https:\/\/www.sarahroubato.com\/analyses\/lettre-a-ma-generation\/\" \/>\n<meta property=\"og:locale\" content=\"en_US\" \/>\n<meta property=\"og:type\" content=\"article\" \/>\n<meta property=\"og:title\" content=\"Lettre \u00e0 ma g\u00e9n\u00e9ration : moi je n&#039;irai pas qu&#039;en terrasse - Sarah Roubato\" \/>\n<meta property=\"og:description\" content=\"&nbsp; Cette lettre a donn\u00e9 naissance au livre\u00a0Lettres \u00e0 ma g\u00e9n\u00e9ration\u00a0publi\u00e9 chez Michel Lafon. Pour commander le livre, cliquez sur le livre. Pour lire des extraits, cliquez ici. Lettre publi\u00e9e dans Je ne suis qu&#8217;une lettre d&#8217;opinion, pas un essai. Je suis juste une petite lampe de poche qui a essay\u00e9 d&#8217;\u00e9clairer ce qui \u00e9tait [&hellip;]\" \/>\n<meta property=\"og:url\" content=\"https:\/\/www.sarahroubato.com\/analyses\/lettre-a-ma-generation\/\" \/>\n<meta property=\"og:site_name\" content=\"Sarah Roubato\" \/>\n<meta property=\"article:author\" content=\"https:\/\/www.facebook.com\/SarahRubato\" \/>\n<meta property=\"article:published_time\" content=\"2015-11-20T12:29:36+00:00\" \/>\n<meta property=\"article:modified_time\" content=\"2025-11-13T12:41:51+00:00\" \/>\n<meta property=\"og:image\" content=\"https:\/\/www.sarahroubato.com\/wp-content\/uploads\/2015\/11\/Capture-d\u2019\u00e9cran-2015-11-19-\u00e0-21.26.17.png\" \/>\n\t<meta property=\"og:image:width\" content=\"296\" \/>\n\t<meta property=\"og:image:height\" content=\"204\" \/>\n\t<meta property=\"og:image:type\" content=\"image\/png\" \/>\n<meta name=\"twitter:card\" content=\"summary\" \/>\n<meta name=\"twitter:creator\" content=\"@SarahRubato\" \/>\n<meta name=\"twitter:label1\" content=\"Written by\" \/>\n\t<meta name=\"twitter:data1\" content=\"Sarah Roubato\" \/>\n\t<meta name=\"twitter:label2\" content=\"Est. reading time\" \/>\n\t<meta name=\"twitter:data2\" content=\"28 minutes\" \/>\n<script type=\"application\/ld+json\" class=\"yoast-schema-graph\">{\"@context\":\"https:\/\/schema.org\",\"@graph\":[{\"@type\":\"WebSite\",\"@id\":\"https:\/\/www.sarahroubato.com\/#website\",\"url\":\"https:\/\/www.sarahroubato.com\/\",\"name\":\"Sarah Roubato\",\"description\":\"Bring out the potential of people and society\",\"potentialAction\":[{\"@type\":\"SearchAction\",\"target\":{\"@type\":\"EntryPoint\",\"urlTemplate\":\"https:\/\/www.sarahroubato.com\/?s={search_term_string}\"},\"query-input\":\"required name=search_term_string\"}],\"inLanguage\":\"en-US\"},{\"@type\":\"ImageObject\",\"@id\":\"https:\/\/www.sarahroubato.com\/analyses\/lettre-a-ma-generation\/#primaryimage\",\"inLanguage\":\"en-US\",\"url\":\"https:\/\/www.sarahroubato.com\/wp-content\/uploads\/2015\/11\/Capture-d\u2019\u00e9cran-2015-11-19-\u00e0-21.26.17.png\",\"contentUrl\":\"https:\/\/www.sarahroubato.com\/wp-content\/uploads\/2015\/11\/Capture-d\u2019\u00e9cran-2015-11-19-\u00e0-21.26.17.png\",\"width\":296,\"height\":204},{\"@type\":\"WebPage\",\"@id\":\"https:\/\/www.sarahroubato.com\/analyses\/lettre-a-ma-generation\/#webpage\",\"url\":\"https:\/\/www.sarahroubato.com\/analyses\/lettre-a-ma-generation\/\",\"name\":\"Lettre \u00e0 ma g\u00e9n\u00e9ration : moi je n'irai pas qu'en terrasse - Sarah Roubato\",\"isPartOf\":{\"@id\":\"https:\/\/www.sarahroubato.com\/#website\"},\"primaryImageOfPage\":{\"@id\":\"https:\/\/www.sarahroubato.com\/analyses\/lettre-a-ma-generation\/#primaryimage\"},\"datePublished\":\"2015-11-20T12:29:36+00:00\",\"dateModified\":\"2025-11-13T12:41:51+00:00\",\"author\":{\"@id\":\"https:\/\/www.sarahroubato.com\/#\/schema\/person\/2685c6d7bef7b9e1a4080510ea89fc04\"},\"breadcrumb\":{\"@id\":\"https:\/\/www.sarahroubato.com\/analyses\/lettre-a-ma-generation\/#breadcrumb\"},\"inLanguage\":\"en-US\",\"potentialAction\":[{\"@type\":\"ReadAction\",\"target\":[\"https:\/\/www.sarahroubato.com\/analyses\/lettre-a-ma-generation\/\"]}]},{\"@type\":\"BreadcrumbList\",\"@id\":\"https:\/\/www.sarahroubato.com\/analyses\/lettre-a-ma-generation\/#breadcrumb\",\"itemListElement\":[{\"@type\":\"ListItem\",\"position\":1,\"name\":\"Accueil\",\"item\":\"https:\/\/www.sarahroubato.com\/\"},{\"@type\":\"ListItem\",\"position\":2,\"name\":\"Lettre \u00e0 ma g\u00e9n\u00e9ration : moi je n&rsquo;irai pas qu&rsquo;en terrasse\"}]},{\"@type\":\"Person\",\"@id\":\"https:\/\/www.sarahroubato.com\/#\/schema\/person\/2685c6d7bef7b9e1a4080510ea89fc04\",\"name\":\"Sarah Roubato\",\"image\":{\"@type\":\"ImageObject\",\"@id\":\"https:\/\/www.sarahroubato.com\/#personlogo\",\"inLanguage\":\"en-US\",\"url\":\"https:\/\/secure.gravatar.com\/avatar\/f3b82a096236e32f3cb63cbce13ffb3d?s=96&d=mm&r=g\",\"contentUrl\":\"https:\/\/secure.gravatar.com\/avatar\/f3b82a096236e32f3cb63cbce13ffb3d?s=96&d=mm&r=g\",\"caption\":\"Sarah Roubato\"},\"sameAs\":[\"https:\/\/www.facebook.com\/SarahRubato\",\"https:\/\/twitter.com\/SarahRubato\"],\"url\":\"https:\/\/www.sarahroubato.com\/en\/author\/sarah\/\"}]}<\/script>\n<!-- \/ Yoast SEO plugin. -->","yoast_head_json":{"title":"Lettre \u00e0 ma g\u00e9n\u00e9ration : moi je n'irai pas qu'en terrasse - Sarah Roubato","robots":{"index":"index","follow":"follow","max-snippet":"max-snippet:-1","max-image-preview":"max-image-preview:large","max-video-preview":"max-video-preview:-1"},"canonical":"https:\/\/www.sarahroubato.com\/analyses\/lettre-a-ma-generation\/","og_locale":"en_US","og_type":"article","og_title":"Lettre \u00e0 ma g\u00e9n\u00e9ration : moi je n'irai pas qu'en terrasse - Sarah Roubato","og_description":"&nbsp; Cette lettre a donn\u00e9 naissance au livre\u00a0Lettres \u00e0 ma g\u00e9n\u00e9ration\u00a0publi\u00e9 chez Michel Lafon. Pour commander le livre, cliquez sur le livre. Pour lire des extraits, cliquez ici. Lettre publi\u00e9e dans Je ne suis qu&#8217;une lettre d&#8217;opinion, pas un essai. Je suis juste une petite lampe de poche qui a essay\u00e9 d&#8217;\u00e9clairer ce qui \u00e9tait [&hellip;]","og_url":"https:\/\/www.sarahroubato.com\/analyses\/lettre-a-ma-generation\/","og_site_name":"Sarah Roubato","article_author":"https:\/\/www.facebook.com\/SarahRubato","article_published_time":"2015-11-20T12:29:36+00:00","article_modified_time":"2025-11-13T12:41:51+00:00","og_image":[{"width":296,"height":204,"url":"https:\/\/www.sarahroubato.com\/wp-content\/uploads\/2015\/11\/Capture-d\u2019\u00e9cran-2015-11-19-\u00e0-21.26.17.png","type":"image\/png"}],"twitter_card":"summary","twitter_creator":"@SarahRubato","twitter_misc":{"Written by":"Sarah Roubato","Est. reading time":"28 minutes"},"schema":{"@context":"https:\/\/schema.org","@graph":[{"@type":"WebSite","@id":"https:\/\/www.sarahroubato.com\/#website","url":"https:\/\/www.sarahroubato.com\/","name":"Sarah Roubato","description":"Bring out the potential of people and society","potentialAction":[{"@type":"SearchAction","target":{"@type":"EntryPoint","urlTemplate":"https:\/\/www.sarahroubato.com\/?s={search_term_string}"},"query-input":"required name=search_term_string"}],"inLanguage":"en-US"},{"@type":"ImageObject","@id":"https:\/\/www.sarahroubato.com\/analyses\/lettre-a-ma-generation\/#primaryimage","inLanguage":"en-US","url":"https:\/\/www.sarahroubato.com\/wp-content\/uploads\/2015\/11\/Capture-d\u2019\u00e9cran-2015-11-19-\u00e0-21.26.17.png","contentUrl":"https:\/\/www.sarahroubato.com\/wp-content\/uploads\/2015\/11\/Capture-d\u2019\u00e9cran-2015-11-19-\u00e0-21.26.17.png","width":296,"height":204},{"@type":"WebPage","@id":"https:\/\/www.sarahroubato.com\/analyses\/lettre-a-ma-generation\/#webpage","url":"https:\/\/www.sarahroubato.com\/analyses\/lettre-a-ma-generation\/","name":"Lettre \u00e0 ma g\u00e9n\u00e9ration : moi je n'irai pas qu'en terrasse - Sarah Roubato","isPartOf":{"@id":"https:\/\/www.sarahroubato.com\/#website"},"primaryImageOfPage":{"@id":"https:\/\/www.sarahroubato.com\/analyses\/lettre-a-ma-generation\/#primaryimage"},"datePublished":"2015-11-20T12:29:36+00:00","dateModified":"2025-11-13T12:41:51+00:00","author":{"@id":"https:\/\/www.sarahroubato.com\/#\/schema\/person\/2685c6d7bef7b9e1a4080510ea89fc04"},"breadcrumb":{"@id":"https:\/\/www.sarahroubato.com\/analyses\/lettre-a-ma-generation\/#breadcrumb"},"inLanguage":"en-US","potentialAction":[{"@type":"ReadAction","target":["https:\/\/www.sarahroubato.com\/analyses\/lettre-a-ma-generation\/"]}]},{"@type":"BreadcrumbList","@id":"https:\/\/www.sarahroubato.com\/analyses\/lettre-a-ma-generation\/#breadcrumb","itemListElement":[{"@type":"ListItem","position":1,"name":"Accueil","item":"https:\/\/www.sarahroubato.com\/"},{"@type":"ListItem","position":2,"name":"Lettre \u00e0 ma g\u00e9n\u00e9ration : moi je n&rsquo;irai pas qu&rsquo;en terrasse"}]},{"@type":"Person","@id":"https:\/\/www.sarahroubato.com\/#\/schema\/person\/2685c6d7bef7b9e1a4080510ea89fc04","name":"Sarah Roubato","image":{"@type":"ImageObject","@id":"https:\/\/www.sarahroubato.com\/#personlogo","inLanguage":"en-US","url":"https:\/\/secure.gravatar.com\/avatar\/f3b82a096236e32f3cb63cbce13ffb3d?s=96&d=mm&r=g","contentUrl":"https:\/\/secure.gravatar.com\/avatar\/f3b82a096236e32f3cb63cbce13ffb3d?s=96&d=mm&r=g","caption":"Sarah Roubato"},"sameAs":["https:\/\/www.facebook.com\/SarahRubato","https:\/\/twitter.com\/SarahRubato"],"url":"https:\/\/www.sarahroubato.com\/en\/author\/sarah\/"}]}},"jetpack_featured_media_url":"https:\/\/www.sarahroubato.com\/wp-content\/uploads\/2015\/11\/Capture-d\u2019\u00e9cran-2015-11-19-\u00e0-21.26.17.png","_links":{"self":[{"href":"https:\/\/www.sarahroubato.com\/en\/wp-json\/wp\/v2\/posts\/955"}],"collection":[{"href":"https:\/\/www.sarahroubato.com\/en\/wp-json\/wp\/v2\/posts"}],"about":[{"href":"https:\/\/www.sarahroubato.com\/en\/wp-json\/wp\/v2\/types\/post"}],"author":[{"embeddable":true,"href":"https:\/\/www.sarahroubato.com\/en\/wp-json\/wp\/v2\/users\/2"}],"replies":[{"embeddable":true,"href":"https:\/\/www.sarahroubato.com\/en\/wp-json\/wp\/v2\/comments?post=955"}],"version-history":[{"count":12,"href":"https:\/\/www.sarahroubato.com\/en\/wp-json\/wp\/v2\/posts\/955\/revisions"}],"predecessor-version":[{"id":6685,"href":"https:\/\/www.sarahroubato.com\/en\/wp-json\/wp\/v2\/posts\/955\/revisions\/6685"}],"wp:featuredmedia":[{"embeddable":true,"href":"https:\/\/www.sarahroubato.com\/en\/wp-json\/wp\/v2\/media\/956"}],"wp:attachment":[{"href":"https:\/\/www.sarahroubato.com\/en\/wp-json\/wp\/v2\/media?parent=955"}],"wp:term":[{"taxonomy":"category","embeddable":true,"href":"https:\/\/www.sarahroubato.com\/en\/wp-json\/wp\/v2\/categories?post=955"},{"taxonomy":"post_tag","embeddable":true,"href":"https:\/\/www.sarahroubato.com\/en\/wp-json\/wp\/v2\/tags?post=955"}],"curies":[{"name":"wp","href":"https:\/\/api.w.org\/{rel}","templated":true}]}}