
{"id":1462,"date":"2020-11-01T04:04:18","date_gmt":"2020-11-01T03:04:18","guid":{"rendered":"https:\/\/www.sarahroubato.com\/?p=1462"},"modified":"2022-10-11T23:59:07","modified_gmt":"2022-10-11T21:59:07","slug":"espoirboite","status":"publish","type":"post","link":"https:\/\/www.sarahroubato.com\/es\/analyses\/espoirboite\/","title":{"rendered":"J&#8217;ai l&#8217;espoir qui boite"},"content":{"rendered":"<p><\/p>\n<div style=\"position: relative; height: 0; padding-bottom: 56.25%;\"><iframe loading=\"lazy\" style=\"position: absolute; width: 100%; height: 100%; left: 0;\" src=\"https:\/\/www.youtube.com\/embed\/GBNUuJXFE5k?ecver=2\" width=\"640\" height=\"360\" frameborder=\"0\" allowfullscreen=\"allowfullscreen\"><\/iframe><\/div>\n<p>Dans ce pays, le r\u00eave est difficile. Je ne parle pas du r\u00eave qui chante derri\u00e8re un slogan et s\u2019\u00e9teint une fois rentr\u00e9 chez soi, une fois l\u2019euphorie pass\u00e9e, ni de la vague envie qui dort dans un lieu qu\u2019on appelle <em>un jour, quand j\u2019aurai le temps<\/em>. Je parle d\u2019un r\u00eave qui s\u2019implante dans le r\u00e9el. Un r\u00eave qui conna\u00eetra des jours maigres, qui tr\u00e9buchera, qui se reformulera. Un changement qui ne se d\u00e9clare pas, mais qui s\u2019essaye, les mains dans le cambouis du quotidien.<\/p>\n<p><a href=\"http:\/\/paypal.me\/sarahroubatofr\"><strong><em><img loading=\"lazy\" class=\"aligncenter wp-image-2908 size-full\" src=\"https:\/\/www.sarahroubato.com\/wp-content\/uploads\/2018\/11\/Capture-d\u2019e\u0301cran-2018-11-19-a\u0300-00.12.42.png\" alt=\"\" width=\"707\" height=\"343\" srcset=\"https:\/\/www.sarahroubato.com\/wp-content\/uploads\/2018\/11\/Capture-d\u2019e\u0301cran-2018-11-19-a\u0300-00.12.42.png 707w, https:\/\/www.sarahroubato.com\/wp-content\/uploads\/2018\/11\/Capture-d\u2019e\u0301cran-2018-11-19-a\u0300-00.12.42-150x73.png 150w, https:\/\/www.sarahroubato.com\/wp-content\/uploads\/2018\/11\/Capture-d\u2019e\u0301cran-2018-11-19-a\u0300-00.12.42-300x146.png 300w, https:\/\/www.sarahroubato.com\/wp-content\/uploads\/2018\/11\/Capture-d\u2019e\u0301cran-2018-11-19-a\u0300-00.12.42-600x291.png 600w\" sizes=\"(max-width: 707px) 100vw, 707px\" \/><\/em><\/strong><\/a><\/p>\n<p>C\u2019est un r\u00eave moins scintillant que celui des cris de guerre et des appels \u00e0 la r\u00e9volution. Il ne produit qu\u2019une rumeur qui gonfle, et vient s\u2019\u00e9chouer sur nos paillassons, \u00e0 l\u2019entr\u00e9e de nos vies. Elle s\u2019\u00e9touffera peut-\u00eatre, \u00e0 force de se faire marcher dessus par ceux qui ont plus urgent \u00e0 faire.<\/p>\n<p>C\u2019est un pays o\u00f9 les gens passent plus de temps \u00e0 fustiger ce qui ne va pas qu\u2019\u00e0 proposer des alternatives, o\u00f9 l\u2019on dit plus facilement <em>Le probl\u00e8me c\u2019est<\/em> plut\u00f4t que <em>La solution serait\u2026.<\/em> Et pourtant \u00e9coute, dans ce pays comme dans tant d\u2019autres, une rumeur se r\u00e9veille.<\/p>\n<figure id=\"attachment_1463\" aria-describedby=\"caption-attachment-1463\" style=\"width: 300px\" class=\"wp-caption alignleft\"><a href=\"https:\/\/www.sarahroubato.com\/wp-content\/uploads\/2017\/04\/nuit-debout5.jpg\"><img loading=\"lazy\" class=\"wp-image-1463 size-medium\" src=\"https:\/\/www.sarahroubato.com\/wp-content\/uploads\/2017\/04\/nuit-debout5-300x200.jpg\" alt=\"\" width=\"300\" height=\"200\" srcset=\"https:\/\/www.sarahroubato.com\/wp-content\/uploads\/2017\/04\/nuit-debout5-300x200.jpg 300w, https:\/\/www.sarahroubato.com\/wp-content\/uploads\/2017\/04\/nuit-debout5-150x100.jpg 150w, https:\/\/www.sarahroubato.com\/wp-content\/uploads\/2017\/04\/nuit-debout5-600x400.jpg 600w, https:\/\/www.sarahroubato.com\/wp-content\/uploads\/2017\/04\/nuit-debout5-440x293.jpg 440w, https:\/\/www.sarahroubato.com\/wp-content\/uploads\/2017\/04\/nuit-debout5-650x433.jpg 650w, https:\/\/www.sarahroubato.com\/wp-content\/uploads\/2017\/04\/nuit-debout5-886x590.jpg 886w, https:\/\/www.sarahroubato.com\/wp-content\/uploads\/2017\/04\/nuit-debout5.jpg 960w\" sizes=\"(max-width: 300px) 100vw, 300px\" \/><\/a><figcaption id=\"caption-attachment-1463\" class=\"wp-caption-text\">Francis Azevedo<\/figcaption><\/figure>\n<p>Partout dans le monde, et ici aussi, des semeurs cultivent le changement. Manger autrement, se chauffer autrement, \u00e9duquer autrement, vivre ensemble autrement, s\u2019informer autrement.\u00a0Ils voient leurs a\u00een\u00e9s, leurs voisins de m\u00e9tro ou de bureau, n\u2019\u00eatre que les rouages d\u2019un syst\u00e8me auquel ils ne croient plus. Les miroirs sont bris\u00e9s : les citoyens ne se reconnaissent plus dans leurs \u00e9lus, dans leurs m\u00e9dias, dans leurs \u00e9coles. Pourtant ils votent encore sans conviction, regardent la messe du 20 heures et disent \u00e0 leurs enfants de bien faire leurs devoirs. Il sera toujours plus facile de changer une loi que de changer une habitude, une indiff\u00e9rence ou une peur.<\/p>\n<figure id=\"attachment_1471\" aria-describedby=\"caption-attachment-1471\" style=\"width: 201px\" class=\"wp-caption alignright\"><a href=\"https:\/\/www.sarahroubato.com\/wp-content\/uploads\/2017\/04\/new29.jpg\"><img loading=\"lazy\" class=\"wp-image-1471 size-medium\" src=\"https:\/\/www.sarahroubato.com\/wp-content\/uploads\/2017\/04\/new29-201x300.jpg\" alt=\" \" width=\"201\" height=\"300\" srcset=\"https:\/\/www.sarahroubato.com\/wp-content\/uploads\/2017\/04\/new29-201x300.jpg 201w, https:\/\/www.sarahroubato.com\/wp-content\/uploads\/2017\/04\/new29-100x150.jpg 100w, https:\/\/www.sarahroubato.com\/wp-content\/uploads\/2017\/04\/new29-600x897.jpg 600w, https:\/\/www.sarahroubato.com\/wp-content\/uploads\/2017\/04\/new29.jpg 642w\" sizes=\"(max-width: 201px) 100vw, 201px\" \/><\/a><figcaption id=\"caption-attachment-1471\" class=\"wp-caption-text\">Francis Azevedo<\/figcaption><\/figure>\n<p>Et moi dans tout \u00e7a\u00a0? Moi la jeunesse, moi l\u2019avenir, moi Demain\u00a0? On m\u2019a coll\u00e9 sur le front bien des \u00e9tiquettes, mais elles sont tomb\u00e9es les unes apr\u00e8s les autres.<\/p>\n<p>On me parle d\u2019une <em>g\u00e9n\u00e9ration Y<\/em>, \u00e0 laquelle j\u2019appartiendrais de par mon ann\u00e9e de naissance et mon utilisation suppos\u00e9e des nouvelles technologies. On me parle aussi d\u2019une cat\u00e9gorie sociale bas\u00e9e sur mon statut \u00e9conomique\u00a0: <em>sans emploi, pr\u00e9caire, ch\u00f4meur<\/em>. On me parle aussi d\u2019une communaut\u00e9 culturelle, bas\u00e9e sur le pays d\u2019origine de mes parents, et on m\u2019appelle alors <em>Fran\u00e7ais d\u2019origine\u2026<\/em><\/p>\n<p>Pourtant c\u2019est loin de ces cat\u00e9gories que se retrouvent ceux qui font partie de ma g\u00e9n\u00e9ration, celle qui ne se d\u00e9finit ni par l\u2019\u00e2ge, ni par la profession ni par le statut socio-\u00e9conomique, ni par l\u2019origine ethno-culturelle. Ils ont 9 ans, 25 ans, 75 ans, vivent au coeur de Paris ou dans une bergerie au pied d\u2019une montagne. Ils sont ouvriers, paysans, professeurs, artistes, chercheurs, m\u00e9decins, croyants ou ath\u00e9es; leurs origines culturelles chatouillent tous les points cardinaux. Qu\u2019est-ce qui nous lie ? Qu\u2019est-ce qui forme notre <em>nous<\/em> ?<\/p>\n<p>C\u2019est une posture partag\u00e9e. Le geste que nous imprimons dans le monde, celui par lequel un sculpteur pourrait nous saisir. Notre g\u00e9n\u00e9ration sera peut-\u00eatre celle qui voit ses pieds s\u2019\u00e9carter \u00e0 mesure que grandit une faille qui va bient\u00f4t s\u00e9parer deux mondes. Celui du capitalisme consum\u00e9riste en train d\u2019agoniser, et <em>l\u2019autre<\/em>, celui qui ne conna\u00eet pas encore son nom. Un monde o\u00f9 nos activit\u00e9s \u2013 manger, se maquiller, se divertir, se d\u00e9placer \u2013 respectent le vivant, o\u00f9 chacun r\u00e9apprend \u00e0 travailler avec ses mains, s\u2019inscrit dans le local et l\u2019\u00e9conomie circulaire, habite le temps au lieu de lui courir apr\u00e8s. Un monde o\u00f9 les nouvelles technologies n\u2019effacent pas la pr\u00e9sence aux autres, et o\u00f9 la politique s\u2019exerce au quotidien par les citoyens.<\/p>\n<figure id=\"attachment_1467\" aria-describedby=\"caption-attachment-1467\" style=\"width: 300px\" class=\"wp-caption alignleft\"><a href=\"https:\/\/www.sarahroubato.com\/wp-content\/uploads\/2017\/04\/new9.jpg\"><img loading=\"lazy\" class=\"size-medium wp-image-1467\" src=\"https:\/\/www.sarahroubato.com\/wp-content\/uploads\/2017\/04\/new9-300x200.jpg\" alt=\"Francis Azevedo\" width=\"300\" height=\"200\" srcset=\"https:\/\/www.sarahroubato.com\/wp-content\/uploads\/2017\/04\/new9-300x200.jpg 300w, https:\/\/www.sarahroubato.com\/wp-content\/uploads\/2017\/04\/new9-150x100.jpg 150w, https:\/\/www.sarahroubato.com\/wp-content\/uploads\/2017\/04\/new9-600x400.jpg 600w, https:\/\/www.sarahroubato.com\/wp-content\/uploads\/2017\/04\/new9-440x293.jpg 440w, https:\/\/www.sarahroubato.com\/wp-content\/uploads\/2017\/04\/new9-650x433.jpg 650w, https:\/\/www.sarahroubato.com\/wp-content\/uploads\/2017\/04\/new9-886x590.jpg 886w, https:\/\/www.sarahroubato.com\/wp-content\/uploads\/2017\/04\/new9.jpg 960w\" sizes=\"(max-width: 300px) 100vw, 300px\" \/><\/a><figcaption id=\"caption-attachment-1467\" class=\"wp-caption-text\">Francis Azevedo<\/figcaption><\/figure>\n<p>C\u2019est un monde qui jaillit du minuscule et du grandiose ; du geste d\u00e9risoire d\u2019un inconnu qui se met \u00e0 nettoyer la berge d\u2019une rivi\u00e8re aux Pays-Bas, et du projet d\u00e9mentiel d\u2019un ing\u00e9nieur de dix-neuf ans pour nettoyer les oc\u00e9ans avec un immense filtre.<\/p>\n<p>Chacun choisit son geste pour r\u00e9pondre \u00e0 la crise : beaucoup attendent que \u00e7a passe, et ferment les yeux en esp\u00e9rant ne pas se retrouver sur la touche. D\u2019autres, inquiets de voir s\u2019amenuiser les aides et les indemnisations, s\u2019acharnent \u00e0 colmater les br\u00e8ches d\u2019un monde en train de se fissurer. Certains r\u00e9clament un changement, en parlent, le marchent, pendant que d&#8217;autres, loin des mouvements de foule et des micros des grands m\u00e9dias, l&#8217;entreprennent chaque jour. Quand les deux se rencontreront ce sera peut-\u00eatre le d\u00e9but de quelque chose.<\/p>\n<p>Chaque jour, des milliers de personnes dans ce pays oeuvrent \u00e0 construire l&#8217;horizon d\u2019un autre demain. Ils n\u2019ont ni porte-parole ni leader charismatique. Ils savent que le mythe de l\u2019homme providentiel est derri\u00e8re, et qu\u2019il faut trouver autre chose. Nous sommes les enfants de l\u2019individualisme\u00a0: tout part d\u2019un petit r\u00eave \u00e0 soi, pour soi. Et chacun dans son petit coin se met \u00e0 creuser. Un jour son petit tunnel en croise un autre, et \u00e0 deux ils arrivent dans une galerie. Alors le petit r\u00eave m\u00fbrit et entre en relation avec d\u2019autres. Et les individus reconstruisent du nous, du collectif, du vivre-ensemble, dans les galeries sous-terraines, sous l\u2019ar\u00e8ne politico-m\u00e9diatique.<\/p>\n<p>\u00c0 mesure que s\u2019amassent les ruines de notre syst\u00e8me \u00e9conomique, de nos mod\u00e8les de soci\u00e9t\u00e9, de<\/p>\n<figure id=\"attachment_1470\" aria-describedby=\"caption-attachment-1470\" style=\"width: 300px\" class=\"wp-caption alignright\"><a href=\"https:\/\/www.sarahroubato.com\/wp-content\/uploads\/2017\/04\/new24.jpg\"><img loading=\"lazy\" class=\"wp-image-1470 size-medium\" src=\"https:\/\/www.sarahroubato.com\/wp-content\/uploads\/2017\/04\/new24-300x200.jpg\" alt=\" \" width=\"300\" height=\"200\" srcset=\"https:\/\/www.sarahroubato.com\/wp-content\/uploads\/2017\/04\/new24-300x200.jpg 300w, https:\/\/www.sarahroubato.com\/wp-content\/uploads\/2017\/04\/new24-150x100.jpg 150w, https:\/\/www.sarahroubato.com\/wp-content\/uploads\/2017\/04\/new24-600x400.jpg 600w, https:\/\/www.sarahroubato.com\/wp-content\/uploads\/2017\/04\/new24-440x293.jpg 440w, https:\/\/www.sarahroubato.com\/wp-content\/uploads\/2017\/04\/new24-650x433.jpg 650w, https:\/\/www.sarahroubato.com\/wp-content\/uploads\/2017\/04\/new24-886x590.jpg 886w, https:\/\/www.sarahroubato.com\/wp-content\/uploads\/2017\/04\/new24.jpg 960w\" sizes=\"(max-width: 300px) 100vw, 300px\" \/><\/a><figcaption id=\"caption-attachment-1470\" class=\"wp-caption-text\">Francis Azevedo<\/figcaption><\/figure>\n<p>l\u2019\u00e9quilibre de la plan\u00e8te, quelque chose fait encore bouger le balancier. Des contre-forces \u00e9mergent. Mais elles sont si disparates encore, et si nouvelles, que leur puissance est dilu\u00e9e. De fines perc\u00e9es de lumi\u00e8re dans une temp\u00eate qui ne cesse de grandir. Pourtant chaque jour elles deviennent plus intenses. Elles dessinent le squelette d\u2019un autre demain. Mais j\u2019ai peur que ce monde-ci n\u2019attende pas. La destruction est une vieille fille, elle a de l\u2019exp\u00e9rience, elle travaille bien plus vite que la cr\u00e9ation.<\/p>\n<p>\u00c0 la fin de chaque journ\u00e9e, je ressens toujours la m\u00eame courbature. Je fais le grand \u00e9cart, entre enthousiasme et d\u00e9sesp\u00e9rance. J\u2019ai l\u2019espoir qui boite.<\/p>\n<p>&nbsp;<\/p>\n<p>Sarah Roubato\u00a0a publi\u00e9<\/p>\n<p><img loading=\"lazy\" class=\" wp-image-2563 alignleft\" src=\"https:\/\/www.sarahroubato.com\/wp-content\/uploads\/2018\/06\/9782371775497_COV-1e-sd-617x1024.jpg\" alt=\"\" width=\"178\" height=\"296\" \/><\/p>\n<p>&nbsp;<\/p>\n<p>&nbsp;<\/p>\n<p><em>Trente ans dans une heure\u00a0<\/em>ed Publie.net. Cliquez\u00a0<a href=\"http:\/\/publie.net\/livre\/30-ans-heure-sarah-roubato\/\"><strong>ici\u00a0<\/strong><\/a>pour le commander chez l&#8217;\u00e9diteur.<\/p>\n<p>&nbsp;<\/p>\n<p>&nbsp;<\/p>\n<p>&nbsp;<\/p>\n<p>&nbsp;<\/p>\n<p>&nbsp;<\/p>\n<p><a href=\"https:\/\/lanagedelourse.fr\/Sarah_Roubato01.html\"><img loading=\"lazy\" class=\" wp-image-2348 alignleft\" src=\"https:\/\/www.sarahroubato.com\/wp-content\/uploads\/2017\/12\/couv-Nage-de-lourse-662x1024.jpg\" alt=\"couv Nage de l'ourse\" width=\"201\" height=\"310\" srcset=\"https:\/\/www.sarahroubato.com\/wp-content\/uploads\/2017\/12\/couv-Nage-de-lourse-662x1024.jpg 662w, https:\/\/www.sarahroubato.com\/wp-content\/uploads\/2017\/12\/couv-Nage-de-lourse-97x150.jpg 97w, https:\/\/www.sarahroubato.com\/wp-content\/uploads\/2017\/12\/couv-Nage-de-lourse-194x300.jpg 194w, https:\/\/www.sarahroubato.com\/wp-content\/uploads\/2017\/12\/couv-Nage-de-lourse-600x928.jpg 600w, https:\/\/www.sarahroubato.com\/wp-content\/uploads\/2017\/12\/couv-Nage-de-lourse.jpg 779w\" sizes=\"(max-width: 201px) 100vw, 201px\" \/><\/a><\/p>\n<p><em>Trouve le verbe de ta vie\u00a0<\/em>ed La Nage de l&#8217;Ourse. Cliquez\u00a0<strong>ici\u00a0<\/strong>pour en savoir plus. Cliquez sur le livre pour le commander chez l&#8217;\u00e9diteur.<\/p>\n<p>&nbsp;<\/p>\n<p>&nbsp;<\/p>\n<p>&nbsp;<\/p>\n<p>&nbsp;<\/p>\n<p>&nbsp;<\/p>\n<p>&nbsp;<\/p>\n<p>&nbsp;<\/p>\n<p><em><a href=\"http:\/\/www.michel-lafon.fr\/livre\/1687-Lettres_a_ma_generation.html\"><img loading=\"lazy\" class=\" wp-image-1091 alignleft\" src=\"https:\/\/www.sarahroubato.com\/wp-content\/uploads\/2016\/02\/livre-sarah-205x300.jpg\" alt=\"livre sarah\" width=\"158\" height=\"230\" srcset=\"https:\/\/www.sarahroubato.com\/wp-content\/uploads\/2016\/02\/livre-sarah-205x300.jpg 205w, https:\/\/www.sarahroubato.com\/wp-content\/uploads\/2016\/02\/livre-sarah-103x150.jpg 103w, https:\/\/www.sarahroubato.com\/wp-content\/uploads\/2016\/02\/livre-sarah.jpg 341w\" sizes=\"(max-width: 158px) 100vw, 158px\" \/><\/a>\u00a0 \u00a0Lettres \u00e0 ma g\u00e9n\u00e9ration\u00a0<\/em>ed Michel Lafon.\u00a0Cliquez\u00a0<strong><a href=\"https:\/\/mrmondialisation.org\/sarah-roubato-lettres-a-ma-generation\/\" target=\"_blank\" rel=\"noopener noreferrer\">ici\u00a0<\/a><\/strong>pour en savoir plus et lire des extraits. Cliquez sur le livre pour le commander chez l&#8217;\u00e9diteur.<\/p>\n<p>&nbsp;<\/p>\n<p>&nbsp;<\/p>\n<p>&nbsp;<\/p>\n<p>&nbsp;<\/p>\n<p>&nbsp;<\/p>\n<p>Tous ces ouvrages peuvent \u00eatre command\u00e9s en librairie.<\/p>","protected":false},"excerpt":{"rendered":"<p>Dans ce pays, le r\u00eave est difficile. Je ne parle pas du r\u00eave qui chante derri\u00e8re un slogan et s\u2019\u00e9teint une fois rentr\u00e9 chez soi, une fois l\u2019euphorie pass\u00e9e, ni de la vague envie qui dort dans un lieu qu\u2019on appelle un jour, quand j\u2019aurai le temps. Je parle d\u2019un r\u00eave qui s\u2019implante dans le [&hellip;]<\/p>\n","protected":false},"author":2,"featured_media":1466,"comment_status":"open","ping_status":"open","sticky":true,"template":"","format":"standard","meta":{"spay_email":""},"categories":[19],"tags":[416,415,153,414,190],"acf":[],"yoast_head":"<!-- This site is optimized with the Yoast SEO plugin v18.4.1 - https:\/\/yoast.com\/wordpress\/plugins\/seo\/ -->\n<title>J&#039;ai l&#039;espoir qui boite - Sarah Roubato<\/title>\n<meta name=\"robots\" content=\"index, follow, max-snippet:-1, max-image-preview:large, max-video-preview:-1\" \/>\n<link rel=\"canonical\" href=\"https:\/\/www.sarahroubato.com\/analyses\/espoirboite\/\" \/>\n<meta property=\"og:locale\" content=\"es_ES\" \/>\n<meta property=\"og:type\" content=\"article\" \/>\n<meta property=\"og:title\" content=\"J&#039;ai l&#039;espoir qui boite - Sarah Roubato\" \/>\n<meta property=\"og:description\" content=\"Dans ce pays, le r\u00eave est difficile. Je ne parle pas du r\u00eave qui chante derri\u00e8re un slogan et s\u2019\u00e9teint une fois rentr\u00e9 chez soi, une fois l\u2019euphorie pass\u00e9e, ni de la vague envie qui dort dans un lieu qu\u2019on appelle un jour, quand j\u2019aurai le temps. Je parle d\u2019un r\u00eave qui s\u2019implante dans le [&hellip;]\" \/>\n<meta property=\"og:url\" content=\"https:\/\/www.sarahroubato.com\/analyses\/espoirboite\/\" \/>\n<meta property=\"og:site_name\" content=\"Sarah Roubato\" \/>\n<meta property=\"article:author\" content=\"https:\/\/www.facebook.com\/SarahRubato\" \/>\n<meta property=\"article:published_time\" content=\"2020-11-01T03:04:18+00:00\" \/>\n<meta property=\"article:modified_time\" content=\"2022-10-11T21:59:07+00:00\" \/>\n<meta property=\"og:image\" content=\"https:\/\/www.sarahroubato.com\/wp-content\/uploads\/2017\/04\/new6.jpg\" \/>\n\t<meta property=\"og:image:width\" content=\"960\" \/>\n\t<meta property=\"og:image:height\" content=\"640\" \/>\n\t<meta property=\"og:image:type\" content=\"image\/jpeg\" \/>\n<meta name=\"twitter:card\" content=\"summary\" \/>\n<meta name=\"twitter:creator\" content=\"@SarahRubato\" \/>\n<meta name=\"twitter:label1\" content=\"Escrito por\" \/>\n\t<meta name=\"twitter:data1\" content=\"Sarah Roubato\" \/>\n\t<meta name=\"twitter:label2\" content=\"Tiempo de lectura\" \/>\n\t<meta name=\"twitter:data2\" content=\"18 minutos\" \/>\n<script type=\"application\/ld+json\" class=\"yoast-schema-graph\">{\"@context\":\"https:\/\/schema.org\",\"@graph\":[{\"@type\":\"WebSite\",\"@id\":\"https:\/\/www.sarahroubato.com\/#website\",\"url\":\"https:\/\/www.sarahroubato.com\/\",\"name\":\"Sarah Roubato\",\"description\":\"Desarrollar el potencial de las personas y de la sociedad\",\"potentialAction\":[{\"@type\":\"SearchAction\",\"target\":{\"@type\":\"EntryPoint\",\"urlTemplate\":\"https:\/\/www.sarahroubato.com\/?s={search_term_string}\"},\"query-input\":\"required name=search_term_string\"}],\"inLanguage\":\"es\"},{\"@type\":\"ImageObject\",\"@id\":\"https:\/\/www.sarahroubato.com\/analyses\/espoirboite\/#primaryimage\",\"inLanguage\":\"es\",\"url\":\"https:\/\/www.sarahroubato.com\/wp-content\/uploads\/2017\/04\/new6.jpg\",\"contentUrl\":\"https:\/\/www.sarahroubato.com\/wp-content\/uploads\/2017\/04\/new6.jpg\",\"width\":960,\"height\":640,\"caption\":\"Francis Azevedo\"},{\"@type\":\"WebPage\",\"@id\":\"https:\/\/www.sarahroubato.com\/analyses\/espoirboite\/#webpage\",\"url\":\"https:\/\/www.sarahroubato.com\/analyses\/espoirboite\/\",\"name\":\"J'ai l'espoir qui boite - Sarah Roubato\",\"isPartOf\":{\"@id\":\"https:\/\/www.sarahroubato.com\/#website\"},\"primaryImageOfPage\":{\"@id\":\"https:\/\/www.sarahroubato.com\/analyses\/espoirboite\/#primaryimage\"},\"datePublished\":\"2020-11-01T03:04:18+00:00\",\"dateModified\":\"2022-10-11T21:59:07+00:00\",\"author\":{\"@id\":\"https:\/\/www.sarahroubato.com\/#\/schema\/person\/2685c6d7bef7b9e1a4080510ea89fc04\"},\"breadcrumb\":{\"@id\":\"https:\/\/www.sarahroubato.com\/analyses\/espoirboite\/#breadcrumb\"},\"inLanguage\":\"es\",\"potentialAction\":[{\"@type\":\"ReadAction\",\"target\":[\"https:\/\/www.sarahroubato.com\/analyses\/espoirboite\/\"]}]},{\"@type\":\"BreadcrumbList\",\"@id\":\"https:\/\/www.sarahroubato.com\/analyses\/espoirboite\/#breadcrumb\",\"itemListElement\":[{\"@type\":\"ListItem\",\"position\":1,\"name\":\"Accueil\",\"item\":\"https:\/\/www.sarahroubato.com\/\"},{\"@type\":\"ListItem\",\"position\":2,\"name\":\"J&rsquo;ai l&rsquo;espoir qui boite\"}]},{\"@type\":\"Person\",\"@id\":\"https:\/\/www.sarahroubato.com\/#\/schema\/person\/2685c6d7bef7b9e1a4080510ea89fc04\",\"name\":\"Sarah Roubato\",\"image\":{\"@type\":\"ImageObject\",\"@id\":\"https:\/\/www.sarahroubato.com\/#personlogo\",\"inLanguage\":\"es\",\"url\":\"https:\/\/secure.gravatar.com\/avatar\/f3b82a096236e32f3cb63cbce13ffb3d?s=96&d=mm&r=g\",\"contentUrl\":\"https:\/\/secure.gravatar.com\/avatar\/f3b82a096236e32f3cb63cbce13ffb3d?s=96&d=mm&r=g\",\"caption\":\"Sarah Roubato\"},\"sameAs\":[\"https:\/\/www.facebook.com\/SarahRubato\",\"https:\/\/twitter.com\/SarahRubato\"],\"url\":\"https:\/\/www.sarahroubato.com\/es\/author\/sarah\/\"}]}<\/script>\n<!-- \/ Yoast SEO plugin. -->","yoast_head_json":{"title":"J'ai l'espoir qui boite - Sarah Roubato","robots":{"index":"index","follow":"follow","max-snippet":"max-snippet:-1","max-image-preview":"max-image-preview:large","max-video-preview":"max-video-preview:-1"},"canonical":"https:\/\/www.sarahroubato.com\/analyses\/espoirboite\/","og_locale":"es_ES","og_type":"article","og_title":"J'ai l'espoir qui boite - Sarah Roubato","og_description":"Dans ce pays, le r\u00eave est difficile. Je ne parle pas du r\u00eave qui chante derri\u00e8re un slogan et s\u2019\u00e9teint une fois rentr\u00e9 chez soi, une fois l\u2019euphorie pass\u00e9e, ni de la vague envie qui dort dans un lieu qu\u2019on appelle un jour, quand j\u2019aurai le temps. Je parle d\u2019un r\u00eave qui s\u2019implante dans le [&hellip;]","og_url":"https:\/\/www.sarahroubato.com\/analyses\/espoirboite\/","og_site_name":"Sarah Roubato","article_author":"https:\/\/www.facebook.com\/SarahRubato","article_published_time":"2020-11-01T03:04:18+00:00","article_modified_time":"2022-10-11T21:59:07+00:00","og_image":[{"width":960,"height":640,"url":"https:\/\/www.sarahroubato.com\/wp-content\/uploads\/2017\/04\/new6.jpg","type":"image\/jpeg"}],"twitter_card":"summary","twitter_creator":"@SarahRubato","twitter_misc":{"Escrito por":"Sarah Roubato","Tiempo de lectura":"18 minutos"},"schema":{"@context":"https:\/\/schema.org","@graph":[{"@type":"WebSite","@id":"https:\/\/www.sarahroubato.com\/#website","url":"https:\/\/www.sarahroubato.com\/","name":"Sarah Roubato","description":"Desarrollar el potencial de las personas y de la sociedad","potentialAction":[{"@type":"SearchAction","target":{"@type":"EntryPoint","urlTemplate":"https:\/\/www.sarahroubato.com\/?s={search_term_string}"},"query-input":"required name=search_term_string"}],"inLanguage":"es"},{"@type":"ImageObject","@id":"https:\/\/www.sarahroubato.com\/analyses\/espoirboite\/#primaryimage","inLanguage":"es","url":"https:\/\/www.sarahroubato.com\/wp-content\/uploads\/2017\/04\/new6.jpg","contentUrl":"https:\/\/www.sarahroubato.com\/wp-content\/uploads\/2017\/04\/new6.jpg","width":960,"height":640,"caption":"Francis Azevedo"},{"@type":"WebPage","@id":"https:\/\/www.sarahroubato.com\/analyses\/espoirboite\/#webpage","url":"https:\/\/www.sarahroubato.com\/analyses\/espoirboite\/","name":"J'ai l'espoir qui boite - Sarah Roubato","isPartOf":{"@id":"https:\/\/www.sarahroubato.com\/#website"},"primaryImageOfPage":{"@id":"https:\/\/www.sarahroubato.com\/analyses\/espoirboite\/#primaryimage"},"datePublished":"2020-11-01T03:04:18+00:00","dateModified":"2022-10-11T21:59:07+00:00","author":{"@id":"https:\/\/www.sarahroubato.com\/#\/schema\/person\/2685c6d7bef7b9e1a4080510ea89fc04"},"breadcrumb":{"@id":"https:\/\/www.sarahroubato.com\/analyses\/espoirboite\/#breadcrumb"},"inLanguage":"es","potentialAction":[{"@type":"ReadAction","target":["https:\/\/www.sarahroubato.com\/analyses\/espoirboite\/"]}]},{"@type":"BreadcrumbList","@id":"https:\/\/www.sarahroubato.com\/analyses\/espoirboite\/#breadcrumb","itemListElement":[{"@type":"ListItem","position":1,"name":"Accueil","item":"https:\/\/www.sarahroubato.com\/"},{"@type":"ListItem","position":2,"name":"J&rsquo;ai l&rsquo;espoir qui boite"}]},{"@type":"Person","@id":"https:\/\/www.sarahroubato.com\/#\/schema\/person\/2685c6d7bef7b9e1a4080510ea89fc04","name":"Sarah Roubato","image":{"@type":"ImageObject","@id":"https:\/\/www.sarahroubato.com\/#personlogo","inLanguage":"es","url":"https:\/\/secure.gravatar.com\/avatar\/f3b82a096236e32f3cb63cbce13ffb3d?s=96&d=mm&r=g","contentUrl":"https:\/\/secure.gravatar.com\/avatar\/f3b82a096236e32f3cb63cbce13ffb3d?s=96&d=mm&r=g","caption":"Sarah Roubato"},"sameAs":["https:\/\/www.facebook.com\/SarahRubato","https:\/\/twitter.com\/SarahRubato"],"url":"https:\/\/www.sarahroubato.com\/es\/author\/sarah\/"}]}},"jetpack_featured_media_url":"https:\/\/www.sarahroubato.com\/wp-content\/uploads\/2017\/04\/new6.jpg","_links":{"self":[{"href":"https:\/\/www.sarahroubato.com\/es\/wp-json\/wp\/v2\/posts\/1462"}],"collection":[{"href":"https:\/\/www.sarahroubato.com\/es\/wp-json\/wp\/v2\/posts"}],"about":[{"href":"https:\/\/www.sarahroubato.com\/es\/wp-json\/wp\/v2\/types\/post"}],"author":[{"embeddable":true,"href":"https:\/\/www.sarahroubato.com\/es\/wp-json\/wp\/v2\/users\/2"}],"replies":[{"embeddable":true,"href":"https:\/\/www.sarahroubato.com\/es\/wp-json\/wp\/v2\/comments?post=1462"}],"version-history":[{"count":18,"href":"https:\/\/www.sarahroubato.com\/es\/wp-json\/wp\/v2\/posts\/1462\/revisions"}],"predecessor-version":[{"id":5820,"href":"https:\/\/www.sarahroubato.com\/es\/wp-json\/wp\/v2\/posts\/1462\/revisions\/5820"}],"wp:featuredmedia":[{"embeddable":true,"href":"https:\/\/www.sarahroubato.com\/es\/wp-json\/wp\/v2\/media\/1466"}],"wp:attachment":[{"href":"https:\/\/www.sarahroubato.com\/es\/wp-json\/wp\/v2\/media?parent=1462"}],"wp:term":[{"taxonomy":"category","embeddable":true,"href":"https:\/\/www.sarahroubato.com\/es\/wp-json\/wp\/v2\/categories?post=1462"},{"taxonomy":"post_tag","embeddable":true,"href":"https:\/\/www.sarahroubato.com\/es\/wp-json\/wp\/v2\/tags?post=1462"}],"curies":[{"name":"wp","href":"https:\/\/api.w.org\/{rel}","templated":true}]}}