
{"id":1655,"date":"2017-08-10T19:31:44","date_gmt":"2017-08-11T01:31:44","guid":{"rendered":"https:\/\/www.sarahroubato.com\/?p=1655"},"modified":"2020-05-14T18:15:10","modified_gmt":"2020-05-14T16:15:10","slug":"disparition","status":"publish","type":"post","link":"https:\/\/www.sarahroubato.com\/es\/cequinousarrive\/disparition\/","title":{"rendered":"La femme de la Nuit : Ce que la disparition d&#8217;une sculpture nous raconte"},"content":{"rendered":"<p><strong><em>Montr\u00e9al, 9 ao\u00fbt 2016<\/em><\/strong><\/p>\n<p><strong><em>La disparition d\u2019une sculpture en l\u2019honneur des femmes autochtones disparues et violent\u00e9es vou\u00e9e \u00e0 \u00eatre br\u00fbl\u00e9e lors d\u2019une c\u00e9r\u00e9monie, suscite des interrogations bruyantes et des cris silencieux. Mais au-del\u00e0 des circonstances, que nous dit cette disparition sur nos soci\u00e9t\u00e9s ? Que faisons-nous de ceux qui tentent d\u2019y exister et qui disparaissent, sur ces interminables routes du Canada, dans les fermes o\u00f9 nos paysans qui se suicident, dans les eaux chaudes de la M\u00e9diterran\u00e9e o\u00f9 des migrants anonymes sombrent ? Pour tous en tous cas, dans l\u2019indiff\u00e9rence.<\/em><\/strong><\/p>\n<p><strong><em><a href=\"http:\/\/paypal.me\/sarahroubatofr\"><img loading=\"lazy\" class=\"aligncenter wp-image-1605 size-large\" src=\"https:\/\/www.sarahroubato.com\/wp-content\/uploads\/2017\/06\/Capture-d\u2019e\u0301cran-2017-06-04-a\u0300-11.54.49-1024x205.png\" alt=\"Capture d\u2019e\u0301cran 2017-06-04 a\u0300 11.54.49\" width=\"1024\" height=\"205\" srcset=\"https:\/\/www.sarahroubato.com\/wp-content\/uploads\/2017\/06\/Capture-d\u2019e\u0301cran-2017-06-04-a\u0300-11.54.49-1024x205.png 1024w, https:\/\/www.sarahroubato.com\/wp-content\/uploads\/2017\/06\/Capture-d\u2019e\u0301cran-2017-06-04-a\u0300-11.54.49-150x30.png 150w, https:\/\/www.sarahroubato.com\/wp-content\/uploads\/2017\/06\/Capture-d\u2019e\u0301cran-2017-06-04-a\u0300-11.54.49-300x60.png 300w, https:\/\/www.sarahroubato.com\/wp-content\/uploads\/2017\/06\/Capture-d\u2019e\u0301cran-2017-06-04-a\u0300-11.54.49-600x120.png 600w, https:\/\/www.sarahroubato.com\/wp-content\/uploads\/2017\/06\/Capture-d\u2019e\u0301cran-2017-06-04-a\u0300-11.54.49.png 1168w\" sizes=\"(max-width: 1024px) 100vw, 1024px\" \/><\/a><\/em><\/strong>Ce devait \u00eatre hier. \u00c0 Montr\u00e9al, au festival Pr\u00e9sence Autochtone. Un totem devait \u00eatre en partie br\u00fbl\u00e9 aux yeux de tous. Une sculpture cr\u00e9\u00e9e sur place en trois jours \u00e0 la scie et \u00e0 la hache, par l\u2019artiste en art visuel et acteur atikamekw Jacques Newashish. Par ce geste purificateur, la <em>Femme de la nuit <\/em>devait participer \u00e0 une c\u00e9r\u00e9monie en l\u2019honneur des femmes autochtones disparues et assassin\u00e9es, c\u00e9l\u00e9brant par la m\u00eame occasion le dixi\u00e8me anniversaire de la d\u00e9claration de l\u2019ONU sur les droits autochtones. Dans la nuit de l\u2019avant-veille, l\u2019\u0153uvre a disparu.<a href=\"https:\/\/www.sarahroubato.com\/wp-content\/uploads\/2017\/08\/jacques2.jpg\"><img loading=\"lazy\" class=\" size-medium wp-image-1661 alignright\" src=\"https:\/\/www.sarahroubato.com\/wp-content\/uploads\/2017\/08\/jacques2-225x300.jpg\" alt=\"jacques2\" width=\"225\" height=\"300\" srcset=\"https:\/\/www.sarahroubato.com\/wp-content\/uploads\/2017\/08\/jacques2-225x300.jpg 225w, https:\/\/www.sarahroubato.com\/wp-content\/uploads\/2017\/08\/jacques2-113x150.jpg 113w, https:\/\/www.sarahroubato.com\/wp-content\/uploads\/2017\/08\/jacques2-600x800.jpg 600w, https:\/\/www.sarahroubato.com\/wp-content\/uploads\/2017\/08\/jacques2.jpg 720w\" sizes=\"(max-width: 225px) 100vw, 225px\" \/><\/a><\/p>\n<p>Depuis, on commente sur les r\u00e9seaux sociaux : acte volontaire, manque de vigilance, preuve du m\u00e9pris auquel sont sujets les autochtones, reproduction du geste m\u00eame de la disparition des femmes. Selon Pr\u00e9sence Autochtone, ce serait vraisemblablement des employ\u00e9s de la ville de Montr\u00e9al qui auraient \u00ab\u00a0cru qu\u2019il s\u2019agissait d\u2019une \u0153uvre \u00e9ph\u00e9m\u00e8re ayant termin\u00e9 sa vie utile\u00a0\u00bb, ce que Radio Canada vite transform\u00e9 en \u00ab\u00a0auraient pris la sculpture pensant que c\u2019\u00e9tait un d\u00e9chet\u00a0\u00bb. Expression qui fait rire \u00e0 plusieurs reprises le journaliste Maxence Bilodeau, pr\u00e9sentant cette \u00ab\u00a0m\u00e9saventure\u00a0\u00bb au t\u00e9l\u00e9journal de Radio Canada. Un rire qui r\u00e9sonne bien mal avec la voix tremblante de Jacques Newashish qui tente d\u2019exprimer son sentiment d\u2019injustice, la gorge serr\u00e9e d\u2019un cri d\u2019impuissance qu\u2019il ne peut pas pousser.<\/p>\n<p>Un \u00e9v\u00e9nement n\u2019a d\u2019importance que par le sens qu\u2019on lui trouve et les r\u00e9actions qu\u2019il suscite. L\u2019indignation et les rires que cette disparition engendre en disent plus long que le geste m\u00eame, sur la place des autochtones dans la soci\u00e9t\u00e9 qu\u00e9b\u00e9coise.<\/p>\n<p>Il traduit d\u2019ab<a href=\"https:\/\/www.sarahroubato.com\/wp-content\/uploads\/2017\/08\/de\u0301claration-officielle.jpg\"><img loading=\"lazy\" class=\"alignleft size-medium wp-image-1664\" src=\"https:\/\/www.sarahroubato.com\/wp-content\/uploads\/2017\/08\/de\u0301claration-officielle-300x300.jpg\" alt=\"de\u0301claration officielle\" width=\"300\" height=\"300\" srcset=\"https:\/\/www.sarahroubato.com\/wp-content\/uploads\/2017\/08\/de\u0301claration-officielle-300x300.jpg 300w, https:\/\/www.sarahroubato.com\/wp-content\/uploads\/2017\/08\/de\u0301claration-officielle-150x150.jpg 150w, https:\/\/www.sarahroubato.com\/wp-content\/uploads\/2017\/08\/de\u0301claration-officielle-600x600.jpg 600w, https:\/\/www.sarahroubato.com\/wp-content\/uploads\/2017\/08\/de\u0301claration-officielle-60x60.jpg 60w, https:\/\/www.sarahroubato.com\/wp-content\/uploads\/2017\/08\/de\u0301claration-officielle.jpg 960w\" sizes=\"(max-width: 300px) 100vw, 300px\" \/><\/a>ord le fait que les uns et les autres ne parlent d\u00e9cid\u00e9ment pas le m\u00eame langage. Ce qui est un \u00ab\u00a0malheureux accident\u00a0\u00bb, une \u00ab malencontreuse erreur\u00a0\u00bb pour les uns, est \u00ab\u00a0pour la communaut\u00e9 atikamekw et pour la communaut\u00e9 artistique, beaucoup plus f\u00e2cheux, plus que d\u00e9solant, plus<em> que triste<\/em>\u00a0\u00bb, \u00e9crit Clode Jalette, la compagne de l\u2019artiste.\u00a0\u00a0 Prendre une \u0153uvre d\u2019art pour un d\u00e9chet, consid\u00e9rer qu\u2019une \u0153uvre d\u2019art sur l\u2019espace public rel\u00e8ve, au m\u00eame titre qu\u2019un vieux meuble d\u00e9pos\u00e9 sur le trottoir, d\u2019un encombrant que la municipalit\u00e9 doit retirer, ne pas prendre la peine de v\u00e9rifier, en relevant la valeur de l\u2019objet, quelque soit l\u2019erreur commise, elle r\u00e9v\u00e8le quelque chose de plus profond qu\u2019une simple n\u00e9gligence. L\u2019absence de mauvaise intention des employ\u00e9s n\u2019enl\u00e8ve en rien au poids de l\u2019acte, bien plus pesant que la centaine de kilos de la sculpture.<\/p>\n<p><strong>La c\u00e9r\u00e9monie du sacrifice tot\u00e9mique\u00a0: une autre conception de l\u2019art<\/strong><\/p>\n<p>Il se d\u00e9gage de Jacques Newashish la force tranquille d\u2019un homme qui a d\u00e9cid\u00e9 de regarder en face les blessures de son peuple et les siennes, et de les exprimer dans son art, pour pouvoir lib\u00e9rer les possibles d\u2019une gu\u00e9rison. Cette gu\u00e9rison passe par l\u2019expression et la transmission d\u2019une histoire, avec ses douleurs ses col\u00e8res et ses esp\u00e9rances. Pour comprendre le poids de cette sculpture et de sa disparition, il faut saisir ce que signifie l\u2019acte de destruction que Jacques avait envisag\u00e9e. Car plus qu\u2019\u00eatre d\u00e9poss\u00e9d\u00e9 de son \u0153uvre, l\u2019artiste est surtout d\u00e9poss\u00e9d\u00e9 de son geste.<\/p>\n<p><a href=\"https:\/\/www.sarahroubato.com\/wp-content\/uploads\/2017\/08\/jacques4.jpg\"><img loading=\"lazy\" class=\"alignleft size-medium wp-image-1659\" src=\"https:\/\/www.sarahroubato.com\/wp-content\/uploads\/2017\/08\/jacques4-300x225.jpg\" alt=\"jacques4\" width=\"300\" height=\"225\" srcset=\"https:\/\/www.sarahroubato.com\/wp-content\/uploads\/2017\/08\/jacques4-300x225.jpg 300w, https:\/\/www.sarahroubato.com\/wp-content\/uploads\/2017\/08\/jacques4-150x113.jpg 150w, https:\/\/www.sarahroubato.com\/wp-content\/uploads\/2017\/08\/jacques4-600x450.jpg 600w, https:\/\/www.sarahroubato.com\/wp-content\/uploads\/2017\/08\/jacques4.jpg 960w\" sizes=\"(max-width: 300px) 100vw, 300px\" \/><\/a>Dans beaucoup de cultures autochtones, des deux Am\u00e9riques mais aussi d\u2019Australie, les sculptures ou peintures sont d\u00e9truites. Les tatouages sont effac\u00e9s et refaits, les peintures sur \u00e9corce sont br\u00fbl\u00e9es, sur sable sont effac\u00e9es. La destruction n\u2019est pas une disparition, c\u2019est une transformation de la mati\u00e8re. Le sable, le bois, les pigments naturels, reviennent \u00e0 la terre. Souvent ces cr\u00e9ations transmettaient un savoir r\u00e9serv\u00e9 aux initi\u00e9s, qui devaient donc \u00eatre d\u00e9truits. C\u2019est que ces <em>\u0153uvres <\/em>\u2013 mot qui n\u2019existe pas, tout comme le mot<em> art<\/em>, dans les langues autochtones \u2013 sont un acte. Elles ne sont pas des objets d\u00e9pos\u00e9s pour que le monde les voit. Elles ne s\u2019imposent pas face au temps qui d\u00e9truit tout, elles ne cherchent pas \u00e0 imposer une beaut\u00e9 immortelle inscrite dans la mati\u00e8re face au temps, elles l\u2019accompagnent dans son cycle. Peindre, danser, chanter, sculpter, c\u2019est r\u00e9actualiser l \u00e9nergie cr\u00e9atrice, celle qui traverse tout le vivant. La cr\u00e9ation comme la destruction fait partie int\u00e9grante du processus.<\/p>\n<p>Nous voici bien loin du complexe de Blanche-Neige de nos cultures, dans lesquelles l\u2019hommage rendu \u00e0 la beaut\u00e9 est de la mettre en vitrine.<\/p>\n<p><em>\u00abIl semble que toutes les grandes civilisations aient construit leur m\u00e9moire sur la pr\u00e9servation de la mati\u00e8re. Mais pourquoi nier la loi naturelle\u00a0? Toute chose doit dispara\u00eetre. Dans les c\u00e9r\u00e9monies des Aborig\u00e8nes d\u2019Australie, les peintures sont syst\u00e9matiquement d\u00e9truites. Car la destruction n\u2019est pas une disparition, c\u2019est une transformation, qui permet de lib\u00e9rer la puissance de la peinture. Aujourd\u2019hui nous avons fig\u00e9 cet art sur des toiles expos\u00e9es dans les plus grandes galeries. <\/em><\/p>\n<p><em> Les choses comme les \u00eatres ont des cycles de vie. Elles sont faites pour \u00eatre salies, bris\u00e9es, amoch\u00e9es, r\u00e9par\u00e9es, modifi\u00e9es, et puis perdues \u2013 poussi\u00e8re, \u00e9clats, copeaux\u2026\u00a0\u00a0 C\u2019est peut-\u00eatre \u00e7a qu\u2019il nous faut accepter. Que la beaut\u00e9 passe. Et apprendre \u00e0 passer devant la beaut\u00e9 sans la pr\u00e9lever.\u00bb <a href=\"https:\/\/mrmondialisation.org\/sarah-roubato-lettres-a-ma-generation\/\" target=\"_blank\" rel=\"noopener noreferrer\"><strong>(Sarah Roubato, Lettre \u00e0 Blanche-Neige, Lettres \u00e0 ma g\u00e9n\u00e9ration, ed Michel Lafon)<\/strong><\/a><br \/>\n<\/em><\/p>\n<p><strong>Une disparition d\u00e9rob\u00e9e<a href=\"https:\/\/www.sarahroubato.com\/wp-content\/uploads\/2017\/08\/highway-tears.jpg\"><img loading=\"lazy\" class=\"alignleft size-medium wp-image-1657\" src=\"https:\/\/www.sarahroubato.com\/wp-content\/uploads\/2017\/08\/highway-tears-225x300.jpg\" alt=\"highway tears\" width=\"225\" height=\"300\" srcset=\"https:\/\/www.sarahroubato.com\/wp-content\/uploads\/2017\/08\/highway-tears-225x300.jpg 225w, https:\/\/www.sarahroubato.com\/wp-content\/uploads\/2017\/08\/highway-tears-113x150.jpg 113w, https:\/\/www.sarahroubato.com\/wp-content\/uploads\/2017\/08\/highway-tears.jpg 316w\" sizes=\"(max-width: 225px) 100vw, 225px\" \/><\/a><\/strong><\/p>\n<p>Sculpter dans le bois, ce bois des for\u00eats canadiennes coup\u00e9es \u00e0 blanc, et la br\u00fbler, c\u2019\u00e9tait une mani\u00e8re de faire ressentir la disparition de ces centaines, ce millier \u2013 m\u00eame la statistique est d\u00e9rob\u00e9e \u2013 de femmes autochtones qui disparaissent chaque ann\u00e9e au Canada. Maltrait\u00e9es, violent\u00e9es, n\u00e9glig\u00e9es, ou bien prises en stop sur les routes comme la Highway Sixteen, en Colombie Britannique, rebaptis\u00e9e <em>La route des larmes.<a href=\"https:\/\/www.sarahroubato.com\/wp-content\/uploads\/2017\/08\/jacques12.jpg\"><img loading=\"lazy\" class=\" size-medium wp-image-1665 alignright\" src=\"https:\/\/www.sarahroubato.com\/wp-content\/uploads\/2017\/08\/jacques12-225x300.jpg\" alt=\"jacques1\" width=\"225\" height=\"300\" srcset=\"https:\/\/www.sarahroubato.com\/wp-content\/uploads\/2017\/08\/jacques12-225x300.jpg 225w, https:\/\/www.sarahroubato.com\/wp-content\/uploads\/2017\/08\/jacques12-113x150.jpg 113w, https:\/\/www.sarahroubato.com\/wp-content\/uploads\/2017\/08\/jacques12-600x800.jpg 600w, https:\/\/www.sarahroubato.com\/wp-content\/uploads\/2017\/08\/jacques12.jpg 720w\" sizes=\"(max-width: 225px) 100vw, 225px\" \/><\/a><\/em><\/p>\n<p>Jacques Newashish s\u2019inscrit dans la d\u00e9marche de nombreux artistes et associations, pour rendre visible ces disparitions. Car les autochtones le savent, les blessures qui restent inexprim\u00e9es continueront de ronger les g\u00e9n\u00e9rations suivantes. Et elles sont nombreuses\u00a0: les chiens de tra\u00eeneau des Inuits massacr\u00e9s, les enfants envoy\u00e9s dans des pensionnats, l\u2019interdiction de parler sa langue, les ressources naturelles et les objets d\u2019arts pill\u00e9s, des familles exhib\u00e9es dans les expositions ou les soci\u00e9t\u00e9s scientifiques, jusqu\u2019\u00e0 l\u2019assistanat et la folklorisation.<\/p>\n<p>Faire br\u00fbler en plein Quartier des Spectacles de Montr\u00e9al une beaut\u00e9 sans visage, patiemment sculpt\u00e9e pendant trois jours, pour rendre visible la disparition de ces jeunes filles sculpt\u00e9es par les esp\u00e9rances et l\u2019amour de leurs m\u00e8res, \u00e9tait une proposition pour op\u00e9rer grande r\u00e9conciliation (voir article\u00a0<a href=\"https:\/\/www.sarahroubato.com\/hs\/autochtones\/\" target=\"_blank\" rel=\"noopener noreferrer\"><em><strong>Travailler avec les autochtones<\/strong> <\/em><strong>: <em>la r\u00e9conciliation pas \u00e0 pas<\/em>).<\/strong><\/a><\/p>\n<figure id=\"attachment_1658\" aria-describedby=\"caption-attachment-1658\" style=\"width: 300px\" class=\"wp-caption alignleft\"><a href=\"https:\/\/www.sarahroubato.com\/wp-content\/uploads\/2017\/08\/mocassins.jpg\"><img loading=\"lazy\" class=\"wp-image-1658 size-medium\" src=\"https:\/\/www.sarahroubato.com\/wp-content\/uploads\/2017\/08\/mocassins-300x169.jpg\" alt=\"mocassins\" width=\"300\" height=\"169\" srcset=\"https:\/\/www.sarahroubato.com\/wp-content\/uploads\/2017\/08\/mocassins-300x169.jpg 300w, https:\/\/www.sarahroubato.com\/wp-content\/uploads\/2017\/08\/mocassins-150x84.jpg 150w, https:\/\/www.sarahroubato.com\/wp-content\/uploads\/2017\/08\/mocassins-600x337.jpg 600w, https:\/\/www.sarahroubato.com\/wp-content\/uploads\/2017\/08\/mocassins.jpg 635w\" sizes=\"(max-width: 300px) 100vw, 300px\" \/><\/a><figcaption id=\"caption-attachment-1658\" class=\"wp-caption-text\">\u00ab Walking with our sisters \u00bb. Photo : PC\/HO\/Presse canadienne<\/figcaption><\/figure>\n<p>Finalement, c\u2019est la vie qui a arrach\u00e9 la Femme de la Nuit au geste artistique. La vie dans ce qu\u2019elle a parfois de plus banal, de plus commun\u00a0: le ramassage des d\u00e9chets, l\u2019inattention, l\u2019\u00e9tourderie. Elle ne dispara\u00eetra pas sous nos yeux, au moment annonc\u00e9, devant des t\u00e9l\u00e9phones pr\u00eats \u00e0 filmer la destruction. Sa disparition ne sera pas visible.<\/p>\n<p>Elle aura disparu sans qu\u2019on s\u2019y attende, une nuit. Elle nous laisse dans la m\u00eame stupeur que ceux \u00e0 qui on apprend que leur fille a disparu une nuit, on ne sait pas comment. Elle s\u2019est d\u00e9rob\u00e9e au sens que l\u2019artiste voulait lui donner. Mais c\u2019est peut-\u00eatre ainsi qu\u2019elle a choisi de nous raconter son histoire.<\/p>\n<p><em><a href=\"http:\/\/www.michel-lafon.fr\/livre\/1687-Lettres_a_ma_generation.html\" target=\"_blank\" rel=\"noopener noreferrer\"><img loading=\"lazy\" class=\"alignright wp-image-1091 size-thumbnail\" src=\"https:\/\/www.sarahroubato.com\/wp-content\/uploads\/2016\/02\/livre-sarah-103x150.jpg\" alt=\"livre sarah\" width=\"103\" height=\"150\" srcset=\"https:\/\/www.sarahroubato.com\/wp-content\/uploads\/2016\/02\/livre-sarah-103x150.jpg 103w, https:\/\/www.sarahroubato.com\/wp-content\/uploads\/2016\/02\/livre-sarah-205x300.jpg 205w, https:\/\/www.sarahroubato.com\/wp-content\/uploads\/2016\/02\/livre-sarah.jpg 341w\" sizes=\"(max-width: 103px) 100vw, 103px\" \/><\/a><\/em><\/p>\n<p>&nbsp;<\/p>\n<p>Sarah Roubato a publi\u00e9 <em>Lettres \u00e0 ma g\u00e9n\u00e9ration<\/em>\u00a0chez Michel Lafon.\u00a0Cliquez <strong><a href=\"https:\/\/mrmondialisation.org\/sarah-roubato-lettres-a-ma-generation\/\" target=\"_blank\" rel=\"noopener noreferrer\">ici\u00a0<\/a><\/strong>pour en savoir plus et lire des extraits. Cliquez sur le livre pour le commander chez l&#8217;\u00e9diteur.<\/p>\n<p>Sarah Roubato organise une tourn\u00e9e cet automne, pour y participer cliquez <strong><a href=\"https:\/\/www.sarahroubato.com\/hs\/tournee\/\">ici. <\/a><\/strong><\/p>\n<p><span style=\"border-radius: 2px; text-indent: 20px; width: auto; padding: 0px 4px 0px 0px; text-align: center; font: bold 11px\/20px 'Helvetica Neue',Helvetica,sans-serif; color: #ffffff; background: #bd081c  no-repeat scroll 3px 50% \/ 14px 14px; position: absolute; opacity: 1; z-index: 8675309; display: none; cursor: pointer; top: 1017px; left: 20px;\">Enregistrer<\/span><\/p>","protected":false},"excerpt":{"rendered":"<p>Montr\u00e9al, 9 ao\u00fbt 2016 La disparition d\u2019une sculpture en l\u2019honneur des femmes autochtones disparues et violent\u00e9es vou\u00e9e \u00e0 \u00eatre br\u00fbl\u00e9e lors d\u2019une c\u00e9r\u00e9monie, suscite des interrogations bruyantes et des cris silencieux. Mais au-del\u00e0 des circonstances, que nous dit cette disparition sur nos soci\u00e9t\u00e9s ? Que faisons-nous de ceux qui tentent d\u2019y exister et qui disparaissent, [&hellip;]<\/p>\n","protected":false},"author":2,"featured_media":1670,"comment_status":"open","ping_status":"open","sticky":false,"template":"","format":"standard","meta":{"spay_email":""},"categories":[17],"tags":[53],"acf":[],"yoast_head":"<!-- This site is optimized with the Yoast SEO plugin v18.4.1 - https:\/\/yoast.com\/wordpress\/plugins\/seo\/ -->\n<title>La femme de la Nuit : Ce que la disparition d&#039;une sculpture nous raconte - Sarah Roubato<\/title>\n<meta name=\"robots\" content=\"index, follow, max-snippet:-1, max-image-preview:large, max-video-preview:-1\" \/>\n<link rel=\"canonical\" href=\"https:\/\/www.sarahroubato.com\/es\/cequinousarrive\/disparition\/\" \/>\n<meta property=\"og:locale\" content=\"es_ES\" \/>\n<meta property=\"og:type\" content=\"article\" \/>\n<meta property=\"og:title\" content=\"La femme de la Nuit : Ce que la disparition d&#039;une sculpture nous raconte - Sarah Roubato\" \/>\n<meta property=\"og:description\" content=\"Montr\u00e9al, 9 ao\u00fbt 2016 La disparition d\u2019une sculpture en l\u2019honneur des femmes autochtones disparues et violent\u00e9es vou\u00e9e \u00e0 \u00eatre br\u00fbl\u00e9e lors d\u2019une c\u00e9r\u00e9monie, suscite des interrogations bruyantes et des cris silencieux. Mais au-del\u00e0 des circonstances, que nous dit cette disparition sur nos soci\u00e9t\u00e9s ? Que faisons-nous de ceux qui tentent d\u2019y exister et qui disparaissent, [&hellip;]\" \/>\n<meta property=\"og:url\" content=\"https:\/\/www.sarahroubato.com\/es\/cequinousarrive\/disparition\/\" \/>\n<meta property=\"og:site_name\" content=\"Sarah Roubato\" \/>\n<meta property=\"article:author\" content=\"https:\/\/www.facebook.com\/SarahRubato\" \/>\n<meta property=\"article:published_time\" content=\"2017-08-11T01:31:44+00:00\" \/>\n<meta property=\"article:modified_time\" content=\"2020-05-14T16:15:10+00:00\" \/>\n<meta property=\"og:image\" content=\"https:\/\/www.sarahroubato.com\/wp-content\/uploads\/2017\/08\/Capture-d\u2019e\u0301cran-2017-08-11-a\u0300-03.40.30.png\" \/>\n\t<meta property=\"og:image:width\" content=\"510\" \/>\n\t<meta property=\"og:image:height\" content=\"487\" \/>\n\t<meta property=\"og:image:type\" content=\"image\/png\" \/>\n<meta name=\"twitter:card\" content=\"summary\" \/>\n<meta name=\"twitter:creator\" content=\"@SarahRubato\" \/>\n<meta name=\"twitter:label1\" content=\"Escrito por\" \/>\n\t<meta name=\"twitter:data1\" content=\"Sarah Roubato\" \/>\n\t<meta name=\"twitter:label2\" content=\"Tiempo de lectura\" \/>\n\t<meta name=\"twitter:data2\" content=\"22 minutos\" \/>\n<script type=\"application\/ld+json\" class=\"yoast-schema-graph\">{\"@context\":\"https:\/\/schema.org\",\"@graph\":[{\"@type\":\"WebSite\",\"@id\":\"https:\/\/www.sarahroubato.com\/#website\",\"url\":\"https:\/\/www.sarahroubato.com\/\",\"name\":\"Sarah Roubato\",\"description\":\"Desarrollar el potencial de las personas y de la sociedad\",\"potentialAction\":[{\"@type\":\"SearchAction\",\"target\":{\"@type\":\"EntryPoint\",\"urlTemplate\":\"https:\/\/www.sarahroubato.com\/?s={search_term_string}\"},\"query-input\":\"required name=search_term_string\"}],\"inLanguage\":\"es\"},{\"@type\":\"ImageObject\",\"@id\":\"https:\/\/www.sarahroubato.com\/es\/cequinousarrive\/disparition\/#primaryimage\",\"inLanguage\":\"es\",\"url\":\"https:\/\/www.sarahroubato.com\/wp-content\/uploads\/2017\/08\/Capture-d\u2019e\u0301cran-2017-08-11-a\u0300-03.40.30.png\",\"contentUrl\":\"https:\/\/www.sarahroubato.com\/wp-content\/uploads\/2017\/08\/Capture-d\u2019e\u0301cran-2017-08-11-a\u0300-03.40.30.png\",\"width\":510,\"height\":487},{\"@type\":\"WebPage\",\"@id\":\"https:\/\/www.sarahroubato.com\/es\/cequinousarrive\/disparition\/#webpage\",\"url\":\"https:\/\/www.sarahroubato.com\/es\/cequinousarrive\/disparition\/\",\"name\":\"La femme de la Nuit : Ce que la disparition d'une sculpture nous raconte - Sarah Roubato\",\"isPartOf\":{\"@id\":\"https:\/\/www.sarahroubato.com\/#website\"},\"primaryImageOfPage\":{\"@id\":\"https:\/\/www.sarahroubato.com\/es\/cequinousarrive\/disparition\/#primaryimage\"},\"datePublished\":\"2017-08-11T01:31:44+00:00\",\"dateModified\":\"2020-05-14T16:15:10+00:00\",\"author\":{\"@id\":\"https:\/\/www.sarahroubato.com\/#\/schema\/person\/2685c6d7bef7b9e1a4080510ea89fc04\"},\"breadcrumb\":{\"@id\":\"https:\/\/www.sarahroubato.com\/es\/cequinousarrive\/disparition\/#breadcrumb\"},\"inLanguage\":\"es\",\"potentialAction\":[{\"@type\":\"ReadAction\",\"target\":[\"https:\/\/www.sarahroubato.com\/es\/cequinousarrive\/disparition\/\"]}]},{\"@type\":\"BreadcrumbList\",\"@id\":\"https:\/\/www.sarahroubato.com\/es\/cequinousarrive\/disparition\/#breadcrumb\",\"itemListElement\":[{\"@type\":\"ListItem\",\"position\":1,\"name\":\"Accueil\",\"item\":\"https:\/\/www.sarahroubato.com\/\"},{\"@type\":\"ListItem\",\"position\":2,\"name\":\"La femme de la Nuit : Ce que la disparition d&#8217;une sculpture nous raconte\"}]},{\"@type\":\"Person\",\"@id\":\"https:\/\/www.sarahroubato.com\/#\/schema\/person\/2685c6d7bef7b9e1a4080510ea89fc04\",\"name\":\"Sarah Roubato\",\"image\":{\"@type\":\"ImageObject\",\"@id\":\"https:\/\/www.sarahroubato.com\/#personlogo\",\"inLanguage\":\"es\",\"url\":\"https:\/\/secure.gravatar.com\/avatar\/f3b82a096236e32f3cb63cbce13ffb3d?s=96&d=mm&r=g\",\"contentUrl\":\"https:\/\/secure.gravatar.com\/avatar\/f3b82a096236e32f3cb63cbce13ffb3d?s=96&d=mm&r=g\",\"caption\":\"Sarah Roubato\"},\"sameAs\":[\"https:\/\/www.facebook.com\/SarahRubato\",\"https:\/\/twitter.com\/SarahRubato\"],\"url\":\"https:\/\/www.sarahroubato.com\/es\/author\/sarah\/\"}]}<\/script>\n<!-- \/ Yoast SEO plugin. -->","yoast_head_json":{"title":"La femme de la Nuit : Ce que la disparition d'une sculpture nous raconte - Sarah Roubato","robots":{"index":"index","follow":"follow","max-snippet":"max-snippet:-1","max-image-preview":"max-image-preview:large","max-video-preview":"max-video-preview:-1"},"canonical":"https:\/\/www.sarahroubato.com\/es\/cequinousarrive\/disparition\/","og_locale":"es_ES","og_type":"article","og_title":"La femme de la Nuit : Ce que la disparition d'une sculpture nous raconte - Sarah Roubato","og_description":"Montr\u00e9al, 9 ao\u00fbt 2016 La disparition d\u2019une sculpture en l\u2019honneur des femmes autochtones disparues et violent\u00e9es vou\u00e9e \u00e0 \u00eatre br\u00fbl\u00e9e lors d\u2019une c\u00e9r\u00e9monie, suscite des interrogations bruyantes et des cris silencieux. Mais au-del\u00e0 des circonstances, que nous dit cette disparition sur nos soci\u00e9t\u00e9s ? Que faisons-nous de ceux qui tentent d\u2019y exister et qui disparaissent, [&hellip;]","og_url":"https:\/\/www.sarahroubato.com\/es\/cequinousarrive\/disparition\/","og_site_name":"Sarah Roubato","article_author":"https:\/\/www.facebook.com\/SarahRubato","article_published_time":"2017-08-11T01:31:44+00:00","article_modified_time":"2020-05-14T16:15:10+00:00","og_image":[{"width":510,"height":487,"url":"https:\/\/www.sarahroubato.com\/wp-content\/uploads\/2017\/08\/Capture-d\u2019e\u0301cran-2017-08-11-a\u0300-03.40.30.png","type":"image\/png"}],"twitter_card":"summary","twitter_creator":"@SarahRubato","twitter_misc":{"Escrito por":"Sarah Roubato","Tiempo de lectura":"22 minutos"},"schema":{"@context":"https:\/\/schema.org","@graph":[{"@type":"WebSite","@id":"https:\/\/www.sarahroubato.com\/#website","url":"https:\/\/www.sarahroubato.com\/","name":"Sarah Roubato","description":"Desarrollar el potencial de las personas y de la sociedad","potentialAction":[{"@type":"SearchAction","target":{"@type":"EntryPoint","urlTemplate":"https:\/\/www.sarahroubato.com\/?s={search_term_string}"},"query-input":"required name=search_term_string"}],"inLanguage":"es"},{"@type":"ImageObject","@id":"https:\/\/www.sarahroubato.com\/es\/cequinousarrive\/disparition\/#primaryimage","inLanguage":"es","url":"https:\/\/www.sarahroubato.com\/wp-content\/uploads\/2017\/08\/Capture-d\u2019e\u0301cran-2017-08-11-a\u0300-03.40.30.png","contentUrl":"https:\/\/www.sarahroubato.com\/wp-content\/uploads\/2017\/08\/Capture-d\u2019e\u0301cran-2017-08-11-a\u0300-03.40.30.png","width":510,"height":487},{"@type":"WebPage","@id":"https:\/\/www.sarahroubato.com\/es\/cequinousarrive\/disparition\/#webpage","url":"https:\/\/www.sarahroubato.com\/es\/cequinousarrive\/disparition\/","name":"La femme de la Nuit : Ce que la disparition d'une sculpture nous raconte - Sarah Roubato","isPartOf":{"@id":"https:\/\/www.sarahroubato.com\/#website"},"primaryImageOfPage":{"@id":"https:\/\/www.sarahroubato.com\/es\/cequinousarrive\/disparition\/#primaryimage"},"datePublished":"2017-08-11T01:31:44+00:00","dateModified":"2020-05-14T16:15:10+00:00","author":{"@id":"https:\/\/www.sarahroubato.com\/#\/schema\/person\/2685c6d7bef7b9e1a4080510ea89fc04"},"breadcrumb":{"@id":"https:\/\/www.sarahroubato.com\/es\/cequinousarrive\/disparition\/#breadcrumb"},"inLanguage":"es","potentialAction":[{"@type":"ReadAction","target":["https:\/\/www.sarahroubato.com\/es\/cequinousarrive\/disparition\/"]}]},{"@type":"BreadcrumbList","@id":"https:\/\/www.sarahroubato.com\/es\/cequinousarrive\/disparition\/#breadcrumb","itemListElement":[{"@type":"ListItem","position":1,"name":"Accueil","item":"https:\/\/www.sarahroubato.com\/"},{"@type":"ListItem","position":2,"name":"La femme de la Nuit : Ce que la disparition d&#8217;une sculpture nous raconte"}]},{"@type":"Person","@id":"https:\/\/www.sarahroubato.com\/#\/schema\/person\/2685c6d7bef7b9e1a4080510ea89fc04","name":"Sarah Roubato","image":{"@type":"ImageObject","@id":"https:\/\/www.sarahroubato.com\/#personlogo","inLanguage":"es","url":"https:\/\/secure.gravatar.com\/avatar\/f3b82a096236e32f3cb63cbce13ffb3d?s=96&d=mm&r=g","contentUrl":"https:\/\/secure.gravatar.com\/avatar\/f3b82a096236e32f3cb63cbce13ffb3d?s=96&d=mm&r=g","caption":"Sarah Roubato"},"sameAs":["https:\/\/www.facebook.com\/SarahRubato","https:\/\/twitter.com\/SarahRubato"],"url":"https:\/\/www.sarahroubato.com\/es\/author\/sarah\/"}]}},"jetpack_featured_media_url":"https:\/\/www.sarahroubato.com\/wp-content\/uploads\/2017\/08\/Capture-d\u2019e\u0301cran-2017-08-11-a\u0300-03.40.30.png","_links":{"self":[{"href":"https:\/\/www.sarahroubato.com\/es\/wp-json\/wp\/v2\/posts\/1655"}],"collection":[{"href":"https:\/\/www.sarahroubato.com\/es\/wp-json\/wp\/v2\/posts"}],"about":[{"href":"https:\/\/www.sarahroubato.com\/es\/wp-json\/wp\/v2\/types\/post"}],"author":[{"embeddable":true,"href":"https:\/\/www.sarahroubato.com\/es\/wp-json\/wp\/v2\/users\/2"}],"replies":[{"embeddable":true,"href":"https:\/\/www.sarahroubato.com\/es\/wp-json\/wp\/v2\/comments?post=1655"}],"version-history":[{"count":7,"href":"https:\/\/www.sarahroubato.com\/es\/wp-json\/wp\/v2\/posts\/1655\/revisions"}],"predecessor-version":[{"id":4372,"href":"https:\/\/www.sarahroubato.com\/es\/wp-json\/wp\/v2\/posts\/1655\/revisions\/4372"}],"wp:featuredmedia":[{"embeddable":true,"href":"https:\/\/www.sarahroubato.com\/es\/wp-json\/wp\/v2\/media\/1670"}],"wp:attachment":[{"href":"https:\/\/www.sarahroubato.com\/es\/wp-json\/wp\/v2\/media?parent=1655"}],"wp:term":[{"taxonomy":"category","embeddable":true,"href":"https:\/\/www.sarahroubato.com\/es\/wp-json\/wp\/v2\/categories?post=1655"},{"taxonomy":"post_tag","embeddable":true,"href":"https:\/\/www.sarahroubato.com\/es\/wp-json\/wp\/v2\/tags?post=1655"}],"curies":[{"name":"wp","href":"https:\/\/api.w.org\/{rel}","templated":true}]}}