
{"id":1812,"date":"2017-11-03T04:00:59","date_gmt":"2017-11-03T03:00:59","guid":{"rendered":"https:\/\/www.sarahroubato.com\/?p=1812"},"modified":"2021-03-08T02:21:45","modified_gmt":"2021-03-08T01:21:45","slug":"automne2017","status":"publish","type":"post","link":"https:\/\/www.sarahroubato.com\/es\/agenda\/automne2017\/","title":{"rendered":"Retour sur la tourn\u00e9e d\u2019automne 2017 : des soir\u00e9es d\u2019\u00e9coute collective pour envisager une autre soci\u00e9t\u00e9"},"content":{"rendered":"<p><strong><em>Comment cr\u00e9er des soir\u00e9es d\u2019expression artistique qui ne soient pas le divertissement du soir\u00a0? Comment faire \u00e9merger une parole intime sans faire un cercle de d\u00e9veloppement personnel\u00a0? Comment envisager ensemble notre soci\u00e9t\u00e9 sans entrer dans les \u00e9changes d\u2019opinion des caf\u00e9s citoyens\u00a0? Pour pouvoir d\u00e9finir ce l\u2019on cherche \u00e0 accomplir il est souvent bon de commencer par d\u00e9finir ce que l\u2019on refuse. Retour sur ces vingt-sept soir\u00e9es qui, du 28 septembre au 28 octobre, ont reli\u00e9 des centaines de personnes des Pyr\u00e9n\u00e9es aux Alpes fran\u00e7aises et suisses, en passant par des coins de C\u00e9vennes, de Tarn, de Provence et de Bourgogne.<\/em><\/strong><\/p>\n<p><strong><em><a href=\"http:\/\/paypal.me\/sarahroubatofr\"><img loading=\"lazy\" class=\" wp-image-1778 alignleft\" src=\"https:\/\/www.sarahroubato.com\/wp-content\/uploads\/2017\/10\/Capture-d\u2019e\u0301cran-2017-10-28-a\u0300-01.23.41.png\" alt=\"Capture d\u2019e\u0301cran 2017-10-28 a\u0300 01.23.41\" width=\"588\" height=\"247\" srcset=\"https:\/\/www.sarahroubato.com\/wp-content\/uploads\/2017\/10\/Capture-d\u2019e\u0301cran-2017-10-28-a\u0300-01.23.41.png 726w, https:\/\/www.sarahroubato.com\/wp-content\/uploads\/2017\/10\/Capture-d\u2019e\u0301cran-2017-10-28-a\u0300-01.23.41-150x63.png 150w, https:\/\/www.sarahroubato.com\/wp-content\/uploads\/2017\/10\/Capture-d\u2019e\u0301cran-2017-10-28-a\u0300-01.23.41-300x126.png 300w, https:\/\/www.sarahroubato.com\/wp-content\/uploads\/2017\/10\/Capture-d\u2019e\u0301cran-2017-10-28-a\u0300-01.23.41-600x252.png 600w\" sizes=\"(max-width: 588px) 100vw, 588px\" \/><\/a><\/em><\/strong><\/p>\n<p>&nbsp;<\/p>\n<p>&nbsp;<\/p>\n<p>&nbsp;<\/p>\n<p>&nbsp;<\/p>\n<p>&nbsp;<\/p>\n<p>&nbsp;<\/p>\n<p><em>Qu\u2019est-ce que j\u2019ai fait pour mon r\u00eave aujourd\u2019hui et en quoi s\u2019occupe-t-il de la beaut\u00e9 du monde\u00a0? <\/em>C\u2019est avec l\u2019histoire de Pierrot, le vagabond parti marcher ses questions apr\u00e8s avoir quitt\u00e9 une vie qui ne lui ressemblait plus, que s\u2019ouvre chaque soir\u00e9e de Sarah Roubato. Pourtant aucune ne se ressemble. Il n\u2019y a pas de formule toute faite. Ce sont les gens, assis par terre sur un coussin dans une yourte ou bien sur des chaises bien serr\u00e9es dans une salle de r\u00e9union, dans le canap\u00e9 d\u2019un salon ou sur le si\u00e8ge tournant d\u2019un bar, qui tirent la discussion l\u00e0 o\u00f9 ils auront besoin d\u2019aller.<\/p>\n<p><a href=\"https:\/\/www.sarahroubato.com\/wp-content\/uploads\/2017\/11\/Capture-d\u2019e\u0301cran-2017-11-03-a\u0300-03.49.35.png\"><img loading=\"lazy\" class=\"alignleft wp-image-1842 size-full\" src=\"https:\/\/www.sarahroubato.com\/wp-content\/uploads\/2017\/11\/Capture-d\u2019e\u0301cran-2017-11-03-a\u0300-03.49.35.png\" alt=\"Capture d\u2019e\u0301cran 2017-11-03 a\u0300 03.49.35\" width=\"864\" height=\"111\" srcset=\"https:\/\/www.sarahroubato.com\/wp-content\/uploads\/2017\/11\/Capture-d\u2019e\u0301cran-2017-11-03-a\u0300-03.49.35.png 864w, https:\/\/www.sarahroubato.com\/wp-content\/uploads\/2017\/11\/Capture-d\u2019e\u0301cran-2017-11-03-a\u0300-03.49.35-150x19.png 150w, https:\/\/www.sarahroubato.com\/wp-content\/uploads\/2017\/11\/Capture-d\u2019e\u0301cran-2017-11-03-a\u0300-03.49.35-300x39.png 300w, https:\/\/www.sarahroubato.com\/wp-content\/uploads\/2017\/11\/Capture-d\u2019e\u0301cran-2017-11-03-a\u0300-03.49.35-600x77.png 600w\" sizes=\"(max-width: 864px) 100vw, 864px\" \/><\/a><\/p>\n<p>&nbsp;<\/p>\n<p>&nbsp;<\/p>\n<p>&nbsp;<\/p>\n<p>Tel est le principe de ces soir\u00e9es qui combinent lecture, performance musicale, \u00e9coute de portraits sonores et parole. Que le centre ne soit pas l\u2019auteur et son livre, mais le <em>nous <\/em>en train de se former. Que l\u2019artiste ne soit qu\u2019un passeur pour r\u00e9v\u00e9ler, au d\u00e9tour d\u2019une phrase, d\u2019un mot, quelque chose qui dort au seuil du r\u00e9el. Autour des lettres du livre <em>Lettres \u00e0 ma g\u00e9n\u00e9ration<\/em>, de la lettre \u00e0 un ado <em>Trouve le verbe de ta vie<\/em>, des portraits sonores <em>L\u2019extraordinaire au quotidien<\/em>, et de quelques chansons, chacun est invit\u00e9 \u00e0 exprimer des questionnements, des doutes, des espoirs, des coups de gueule, sur la soci\u00e9t\u00e9 dans laquelle nous vivons, pour pouvoir en envisager une autre.<\/p>\n<p><strong>Y a-t-il du politique par ici\u00a0? <a href=\"https:\/\/www.sarahroubato.com\/wp-content\/uploads\/2017\/10\/IMG_9895.jpg\"><img loading=\"lazy\" class=\" size-medium wp-image-1801 alignleft\" src=\"https:\/\/www.sarahroubato.com\/wp-content\/uploads\/2017\/10\/IMG_9895-300x300.jpg\" alt=\"IMG_9895\" width=\"300\" height=\"300\" srcset=\"https:\/\/www.sarahroubato.com\/wp-content\/uploads\/2017\/10\/IMG_9895-300x300.jpg 300w, https:\/\/www.sarahroubato.com\/wp-content\/uploads\/2017\/10\/IMG_9895-150x150.jpg 150w, https:\/\/www.sarahroubato.com\/wp-content\/uploads\/2017\/10\/IMG_9895-1024x1024.jpg 1024w, https:\/\/www.sarahroubato.com\/wp-content\/uploads\/2017\/10\/IMG_9895-600x600.jpg 600w, https:\/\/www.sarahroubato.com\/wp-content\/uploads\/2017\/10\/IMG_9895-60x60.jpg 60w\" sizes=\"(max-width: 300px) 100vw, 300px\" \/><\/a><\/strong><\/p>\n<p>La question est revenue plusieurs fois. Elle longeait discr\u00e8tement les conversations informelles autour du buffet ou du cendrier. N\u2019y aurait-il pas quelque chose de politique dans ces soir\u00e9es\u00a0? Mais au fait, que s\u2019est-il pass\u00e9 au juste ? Des enfants, des adolescents, des adultes de plusieurs g\u00e9n\u00e9rations, aux v\u00e9cus et accents diff\u00e9rents, se sont r\u00e9unis, pour \u00e9couter les paroles d\u2019autres gens qui pourraient \u00eatre leurs voisins, et pour faire le lien avec leur propre situation. Les uns ont constat\u00e9, les autres ont envisag\u00e9, d\u2019autres encore ont questionn\u00e9.<\/p>\n<p>Un r\u00eave, \u00e7a se construit d\u2019apr\u00e8s les repr\u00e9sentations que nous nous faisons de notre soci\u00e9t\u00e9. Voil\u00e0 pourquoi il faut d\u2019abord modifier le r\u00e9cit que nous faisons de notre soci\u00e9t\u00e9, pour permettre \u00e0 d\u2019autres d\u2019envisager d\u2019autres possibles.<\/p>\n<p>Tout commence par un silence g\u00ean\u00e9 lorsque l\u2019espace de parole s\u2019ouvre. Puis quelqu\u2019un ose\u00a0: tant\u00f4t par une confidence intime et \u00e9mue, tant\u00f4t par un avis d\u00e9j\u00e0 m\u00fbrement r\u00e9fl\u00e9chi qui a trouv\u00e9 de quoi rebondir, tant\u00f4t un questionnement qui s\u2019enfarge dans des mots encore trop jeunes.<\/p>\n<p><a href=\"https:\/\/www.sarahroubato.com\/wp-content\/uploads\/2017\/10\/IMG_9881.jpg\"><img loading=\"lazy\" class=\" size-medium wp-image-1799 alignright\" src=\"https:\/\/www.sarahroubato.com\/wp-content\/uploads\/2017\/10\/IMG_9881-300x300.jpg\" alt=\"IMG_9881\" width=\"300\" height=\"300\" srcset=\"https:\/\/www.sarahroubato.com\/wp-content\/uploads\/2017\/10\/IMG_9881-300x300.jpg 300w, https:\/\/www.sarahroubato.com\/wp-content\/uploads\/2017\/10\/IMG_9881-150x150.jpg 150w, https:\/\/www.sarahroubato.com\/wp-content\/uploads\/2017\/10\/IMG_9881-1024x1024.jpg 1024w, https:\/\/www.sarahroubato.com\/wp-content\/uploads\/2017\/10\/IMG_9881-600x600.jpg 600w, https:\/\/www.sarahroubato.com\/wp-content\/uploads\/2017\/10\/IMG_9881-60x60.jpg 60w\" sizes=\"(max-width: 300px) 100vw, 300px\" \/><\/a>Il y eut, d\u2019ouest en est\u2026<\/p>\n<p>\u00c0 Pau, une jeune femme qui a demand\u00e9\u00a0: \u00ab\u00a0Mais comment fait-on pour savoir ce qui nous manque\u00a0?\u00a0\u00bb. Elle avait atteint tous ses objectifs\u00a0: obtenir un CDI, acheter une voiture et un appartement. Et qui pourtant entendait des cordes grincer dans son ventre, comme Pierrot.<\/p>\n<p>\u00c0 c\u00f4t\u00e9 de Albi, une lyc\u00e9enne aux cheveux bleus qui apprend en autodidacte l\u2019\u00e9criture, le dessin, le japonais et le manga, et qui tente de pr\u00e9server sa soif d\u2019apprendre dans tous ces domaines, dans le couloir \u00e9troit de l\u2019orientation scolaire.<\/p>\n<p>Pas loin de Lunel, un homme qui n\u2019a pas pris la parole, mais qui confie apr\u00e8s \u00e0 quel point un portrait est entr\u00e9 en r\u00e9sonance avec lui, qui agit aussi \u00e0 son niveau, avec les jeunes \u00e0 travers le sport.<\/p>\n<p>\u00c0 Montpellier, un homme qui a ouvert la prise de parole en \u00e9voquant la qualit\u00e9 des silences et la n\u00e9cessit\u00e9 de les autoriser.<\/p>\n<p>\u00c0 Manosque, une adolescente qui ne veut pas se laisser ab\u00eemer sa passion par une m\u00e9thode d\u2019enseignement qui ne lui convient pas, car elle a appris \u00e0 regarder au-del\u00e0 et \u00e0 avoir une distance critique par rapport \u00e0 l\u2019enseignement.<\/p>\n<p>Et puis il y eut tous les silences de ceux qui hochaient la t\u00eate, qui h\u00e9sitaient, qui fron\u00e7aient les sourcils, qui souriaient. Il y a des gens dont la seule expression est l\u2019\u00e9coute. Ils ne sont pas moins actifs que ceux qui parlent. Et ils sont absolument n\u00e9cessaires, car leurs regards pr\u00e9sents et alertes servent de balises \u00e0 l\u2019auteur en performance.<\/p>\n<p>Des ressentis propres, des opinions singuli\u00e8res, des questionnements particuliers ont \u00e9merg\u00e9. Mais le questionnement de chacun renvoyait \u00e0 un questionnement plus profond, \u00e0 un choix de soci\u00e9t\u00e9 et de civilisation. \u00c0 travers la diversit\u00e9 des situations, des r\u00e9gions et des cheminements, quelque chose de la France, de l\u2019Occident, de notre \u00e9poque, s\u2019est exprim\u00e9. Et tout d\u2019abord, le constat partag\u00e9 que la plupart des individus vit dans un d\u00e9calage entre ses aspirations et la vie qu\u2019on m\u00e8ne. Parce que, convaincus que nous n\u2019avons pas le choix, nous consentons \u00e0 rester et \u00e0 entretenir un syst\u00e8me professionnel ou scolaire qui nous ali\u00e8ne. Alors, pourquoi rester\u00a0? La question a souvent \u00e9t\u00e9 pos\u00e9e. Parce qu\u2019on a peur. Peur de ce qu\u2019on ne conna\u00eet pas et qui pourrait nous lib\u00e9rer, plus que de ce qu\u2019on conna\u00eet et qui nous ali\u00e8ne. Or nos peurs les plus intimes nous disent quelque chose sur notre soci\u00e9t\u00e9. Nos peurs comme nos bonheurs sont d\u00e9finis culturellement par des normes sociales qui nous disent ce qui est bien et ce qui est mal, ce qui est acceptable et ce qui ne l\u2019est pas, ce qui est louable et ce qui est condamnable. Pouvoir discuter ensemble \u00e0 la mani\u00e8re dont se refl\u00e8te en nous ce qui fait notre soci\u00e9t\u00e9, ses maux, ses failles, ses forces, ses blessures et ses potentiels. Voil\u00e0 qui semble bien \u00eatre le d\u00e9but d\u2019un acte politique citoyen. Propre \u00e0 notre \u00e9poque o\u00f9 l\u2019\u00e9talon par lequel tout se mesure est l\u2019individu.<\/p>\n<p style=\"text-align: left;\"><strong>Le spectacle des gens qui \u00e9coutent<\/strong><\/p>\n<p style=\"text-align: left;\"><a href=\"https:\/\/www.sarahroubato.com\/wp-content\/uploads\/2017\/11\/Capture-d\u2019e\u0301cran-2017-11-03-a\u0300-03.57.11.png\"><img loading=\"lazy\" class=\"alignleft wp-image-1844 size-full\" src=\"https:\/\/www.sarahroubato.com\/wp-content\/uploads\/2017\/11\/Capture-d\u2019e\u0301cran-2017-11-03-a\u0300-03.57.11.png\" alt=\"Capture d\u2019e\u0301cran 2017-11-03 a\u0300 03.57.11\" width=\"977\" height=\"105\" srcset=\"https:\/\/www.sarahroubato.com\/wp-content\/uploads\/2017\/11\/Capture-d\u2019e\u0301cran-2017-11-03-a\u0300-03.57.11.png 977w, https:\/\/www.sarahroubato.com\/wp-content\/uploads\/2017\/11\/Capture-d\u2019e\u0301cran-2017-11-03-a\u0300-03.57.11-150x16.png 150w, https:\/\/www.sarahroubato.com\/wp-content\/uploads\/2017\/11\/Capture-d\u2019e\u0301cran-2017-11-03-a\u0300-03.57.11-300x32.png 300w, https:\/\/www.sarahroubato.com\/wp-content\/uploads\/2017\/11\/Capture-d\u2019e\u0301cran-2017-11-03-a\u0300-03.57.11-600x64.png 600w\" sizes=\"(max-width: 977px) 100vw, 977px\" \/><\/a><\/p>\n<p style=\"text-align: left;\"><strong><a href=\"https:\/\/www.sarahroubato.com\/wp-content\/uploads\/2017\/11\/IMG_2582.jpg\"><img loading=\"lazy\" class=\"alignleft size-medium wp-image-1817\" src=\"https:\/\/www.sarahroubato.com\/wp-content\/uploads\/2017\/11\/IMG_2582-300x200.jpg\" alt=\"IMG_2582\" width=\"300\" height=\"200\" srcset=\"https:\/\/www.sarahroubato.com\/wp-content\/uploads\/2017\/11\/IMG_2582-300x200.jpg 300w, https:\/\/www.sarahroubato.com\/wp-content\/uploads\/2017\/11\/IMG_2582-150x100.jpg 150w, https:\/\/www.sarahroubato.com\/wp-content\/uploads\/2017\/11\/IMG_2582-1024x683.jpg 1024w, https:\/\/www.sarahroubato.com\/wp-content\/uploads\/2017\/11\/IMG_2582-600x400.jpg 600w, https:\/\/www.sarahroubato.com\/wp-content\/uploads\/2017\/11\/IMG_2582-440x293.jpg 440w, https:\/\/www.sarahroubato.com\/wp-content\/uploads\/2017\/11\/IMG_2582-650x433.jpg 650w, https:\/\/www.sarahroubato.com\/wp-content\/uploads\/2017\/11\/IMG_2582-886x590.jpg 886w\" sizes=\"(max-width: 300px) 100vw, 300px\" \/><\/a><a href=\"https:\/\/www.sarahroubato.com\/wp-content\/uploads\/2017\/11\/IMG_1710.jpg\"><img loading=\"lazy\" class=\" size-medium wp-image-1815 alignright\" src=\"https:\/\/www.sarahroubato.com\/wp-content\/uploads\/2017\/11\/IMG_1710-225x300.jpg\" alt=\"IMG_1710\" width=\"225\" height=\"300\" srcset=\"https:\/\/www.sarahroubato.com\/wp-content\/uploads\/2017\/11\/IMG_1710-225x300.jpg 225w, https:\/\/www.sarahroubato.com\/wp-content\/uploads\/2017\/11\/IMG_1710-113x150.jpg 113w, https:\/\/www.sarahroubato.com\/wp-content\/uploads\/2017\/11\/IMG_1710-768x1024.jpg 768w, https:\/\/www.sarahroubato.com\/wp-content\/uploads\/2017\/11\/IMG_1710-600x800.jpg 600w\" sizes=\"(max-width: 225px) 100vw, 225px\" \/><\/a><\/strong><\/p>\n<p>\u00c0 chaque fois c\u2019est un spectacle que personne ne soup\u00e7onne\u00a0: un regard qui se perd dans son couloir \u00e9motif, qui en croise un autre le long d\u2019un souvenir partag\u00e9, des t\u00eates qui hochent, des rires qui se suivent, des silences qui s\u2019entrecroisent, des larmes qui s\u2019accueillent et se recueillent.<\/p>\n<p>En pleine conscience de la pr\u00e9sence des autres, les corps et les visages \u00e9taient visibles et non noy\u00e9s dans une obscurit\u00e9 o\u00f9 chacun est livr\u00e9 \u00e0 lui-m\u00eame. Dans un cercle tant\u00f4t timide, tant\u00f4t pleinement assum\u00e9, ce dispositif permet aux gens de s\u2019investir autrement dans la soir\u00e9e.<\/p>\n<p>&nbsp;<\/p>\n<p><strong>De l\u2019art sans divertissement<a href=\"https:\/\/www.sarahroubato.com\/wp-content\/uploads\/2017\/11\/IMG_9958.jpg\"><img loading=\"lazy\" class=\" size-medium wp-image-1814 alignleft\" src=\"https:\/\/www.sarahroubato.com\/wp-content\/uploads\/2017\/11\/IMG_9958-300x300.jpg\" alt=\"IMG_9958\" width=\"300\" height=\"300\" srcset=\"https:\/\/www.sarahroubato.com\/wp-content\/uploads\/2017\/11\/IMG_9958-300x300.jpg 300w, https:\/\/www.sarahroubato.com\/wp-content\/uploads\/2017\/11\/IMG_9958-150x150.jpg 150w, https:\/\/www.sarahroubato.com\/wp-content\/uploads\/2017\/11\/IMG_9958-1024x1024.jpg 1024w, https:\/\/www.sarahroubato.com\/wp-content\/uploads\/2017\/11\/IMG_9958-600x600.jpg 600w, https:\/\/www.sarahroubato.com\/wp-content\/uploads\/2017\/11\/IMG_9958-60x60.jpg 60w\" sizes=\"(max-width: 300px) 100vw, 300px\" \/><\/a><\/strong><\/p>\n<p>Quand nous allons voir un film, un concert, une lecture, que faisons-nous de la proposition qui nous est faite pour nos propres vies\u00a0? C\u2019est l\u00e0 que le geste d\u2019exprimer ce qui ne se dit pas prend tout son sens\u00a0: ce moment o\u00f9 une phrase, une image, une \u00e9motion, passe par-dessus les rang\u00e9es de fauteuils noy\u00e9s dans l\u2019obscurit\u00e9, et vient se loger en nous, pour qu\u2019on l\u2019emporte comme la terre \u00e0 ses souliers, qu\u2019elle r\u00e9investisse notre vie en nous la faisant visiter autrement. L\u2019autorise-t-on seulement \u00e0 nous suivre\u00a0? Se donne-t-on le temps de la ruminer\u00a0? Pass\u00e9e la porte du cin\u00e9ma, de la salle de concert, quand nous rallumons nos t\u00e9l\u00e9phones et que nous passons si vite \u00e0 autre chose, nous agissons en bons soldats de la soci\u00e9t\u00e9 de consommation\u00a0: se divertir, et oublier, pour avoir besoin \u00e0 nouveau le plus vite possible.<\/p>\n<p>L\u2019enjeu de ces soir\u00e9es, c\u2019\u00e9tait de ne pas \u00eatre un divertissement. D\u2019engager les gens, par le corps, par la parole, par leurs silences, dans une \u00e9coute active o\u00f9 la proposition artistique rejoint tout de suite le paillasson du quotidien.<\/p>\n<p><strong>Une autre \u00e9conomie <a href=\"https:\/\/www.sarahroubato.com\/wp-content\/uploads\/2017\/11\/IMG_1954.jpg\"><img loading=\"lazy\" class=\" size-medium wp-image-1819 alignright\" src=\"https:\/\/www.sarahroubato.com\/wp-content\/uploads\/2017\/11\/IMG_1954-300x225.jpg\" alt=\"IMG_1954\" width=\"300\" height=\"225\" srcset=\"https:\/\/www.sarahroubato.com\/wp-content\/uploads\/2017\/11\/IMG_1954-300x225.jpg 300w, https:\/\/www.sarahroubato.com\/wp-content\/uploads\/2017\/11\/IMG_1954-150x113.jpg 150w, https:\/\/www.sarahroubato.com\/wp-content\/uploads\/2017\/11\/IMG_1954-1024x768.jpg 1024w, https:\/\/www.sarahroubato.com\/wp-content\/uploads\/2017\/11\/IMG_1954-600x450.jpg 600w\" sizes=\"(max-width: 300px) 100vw, 300px\" \/><\/a><br \/>\n<\/strong><\/p>\n<p>Les lecteurs sont les agents de l\u2019artiste. Ils deviennent passeurs, en proposant une soir\u00e9e, en choisissant le lieu, en assumant la communication. Les soir\u00e9es leur ressemblent. Distingu\u00e9e, d\u00e9contract\u00e9e, chaleureuse, intime. Les uns offrent la soir\u00e9e \u00e0 leurs amis, les autres font participer. Les CD des portraits et des lettres sonores sont vendus sur place \u00e0 prix libre. Comme toujours en autoproduction, l\u2019enjeu est de se rembourser les frais. Puis de gagner de l\u2019argent. Faire reconna\u00eetre que ce qu\u2019on fait est un m\u00e9tier. Que si nous sommes dans une soci\u00e9t\u00e9 o\u00f9 un caf\u00e9 et une s\u00e9ance de cin\u00e9ma a une valeur monnay\u00e9e, un texte ou une chanson pourrait bien aussi en avoir. Si nous sommes dans un endroit qui le permet, alors on proc\u00e8de \u00e0 des \u00e9changes de service, ou du troc. C\u2019est ainsi que la voiture de la tourn\u00e9e s\u2019est charg\u00e9e d\u2019une quinzaine de pots de confiture maison, de cr\u00e8me de marron, de miel, d\u2019olives du jardin. Ils accompagneront l\u2019auteure, comme le souvenir de ces rencontres privil\u00e9gi\u00e9es avec les passeurs, qui se d\u00e9plient au-del\u00e0 de la soir\u00e9e.<\/p>\n<p><strong>Les passeurs des soir\u00e9es\u00a0: d\u00e9j\u00e0 des semeurs<\/strong><\/p>\n<p><a href=\"https:\/\/www.sarahroubato.com\/wp-content\/uploads\/2017\/11\/IMG_1891-e1509675091135.jpg\"><img loading=\"lazy\" class=\" size-medium wp-image-1820 alignleft\" src=\"https:\/\/www.sarahroubato.com\/wp-content\/uploads\/2017\/11\/IMG_1891-e1509675091135-225x300.jpg\" alt=\"IMG_1891\" width=\"225\" height=\"300\" srcset=\"https:\/\/www.sarahroubato.com\/wp-content\/uploads\/2017\/11\/IMG_1891-e1509675091135-225x300.jpg 225w, https:\/\/www.sarahroubato.com\/wp-content\/uploads\/2017\/11\/IMG_1891-e1509675091135-113x150.jpg 113w, https:\/\/www.sarahroubato.com\/wp-content\/uploads\/2017\/11\/IMG_1891-e1509675091135-768x1024.jpg 768w, https:\/\/www.sarahroubato.com\/wp-content\/uploads\/2017\/11\/IMG_1891-e1509675091135-600x800.jpg 600w\" sizes=\"(max-width: 225px) 100vw, 225px\" \/><\/a>Car cette tourn\u00e9e n\u2019est pas une succession de performances artistiques. Passer ne veut pas dire ne pas investir un lieu, une r\u00e9gion, un paysage. Entre deux points, la route peut bifurquer au gr\u00e9 des propositions\u00a0du paysage\u00a0: un champ embrum\u00e9 du matin o\u00f9 les corbeaux surgissent, l\u2019enseigne d\u2019un caf\u00e9 o\u00f9 la terrasse a l\u2019air de chanter, une petite d\u00e9partementale qui offre des arbres g\u00e9n\u00e9reux pour y casser la cro\u00fbte. Tout simplement, \u00eatre l\u00e0, habiter le lieu et le moment. Pour quelques minutes ou pour plusieurs heures.<\/p>\n<p>La rencontre avec les passeurs aussi s\u2019investit et se d\u00e9plient. Tard le soir en rangeant les assiettes, les conversations \u00e9tirent la soir\u00e9e. Ils vivent dans une yourte, dans une vieille ferme, dans une grande maison avec piscine, dans un petit appartement en centre-ville ou en banlieue. Les passeurs sont m\u00e9decin, chevrier, ing\u00e9nieur, vannier, th\u00e9rapeute, ch\u00f4meur, marionnettiste, expert en communication. Tous habit\u00e9s d\u2019un m\u00eame besoin de trouver d\u2019autres mani\u00e8res de faire. Un besoin qui a parfois perc\u00e9 la coque du simple d\u00e9sir, qui est d\u00e9j\u00e0 mis en place, ou qui n\u2019est encore qu\u2019une vague id\u00e9e.<\/p>\n<p><a href=\"https:\/\/www.sarahroubato.com\/wp-content\/uploads\/2017\/11\/IMG_1933.jpg\"><img loading=\"lazy\" class=\" size-medium wp-image-1822 alignright\" src=\"https:\/\/www.sarahroubato.com\/wp-content\/uploads\/2017\/11\/IMG_1933-300x225.jpg\" alt=\"IMG_1933\" width=\"300\" height=\"225\" srcset=\"https:\/\/www.sarahroubato.com\/wp-content\/uploads\/2017\/11\/IMG_1933-300x225.jpg 300w, https:\/\/www.sarahroubato.com\/wp-content\/uploads\/2017\/11\/IMG_1933-150x113.jpg 150w, https:\/\/www.sarahroubato.com\/wp-content\/uploads\/2017\/11\/IMG_1933-1024x768.jpg 1024w, https:\/\/www.sarahroubato.com\/wp-content\/uploads\/2017\/11\/IMG_1933-600x450.jpg 600w\" sizes=\"(max-width: 300px) 100vw, 300px\" \/><\/a>Partager un petit moment leur quotidien, c\u2019est d\u00e9couvrir leur rapport aux enfants, \u00e0 l\u2019habitat, \u00e0 la nourriture, \u00e0 ce qu\u2019on appelle la culture. Entendre le processus du changement plut\u00f4t que le r\u00e9sultat. Car ces passeurs ne ressemblent en rien aux images de carte postale de l\u2019alternatif qu\u2019on nous pr\u00e9sente parfois. Ils sont de plein pied dans la soci\u00e9t\u00e9. Ils font face \u00e0 ses travers, ils font des compromis avec elle, et avec leurs habitudes. Ils vont \u00e0 la rencontre de ceux qui ne sont pas encore dans cette remise en question. Ils ne vivent pas dans un entre-soi \u00e9colo hippie. Ils parlent de ce qu\u2019ils font d\u00e9j\u00e0, de ce qu\u2019ils aimeraient faire, de leurs envies, de leurs frustrations. Ils sont parfois d\u00e9\u00e7us par le nombre de chaises vides \u00e0 la soir\u00e9e, par ceux qui ont dit qu\u2019ils venaient mais qui finalement avaient autre chose \u00e0 faire, qui n\u2019ont pas pris le temps de bien regarder de quoi il s\u2019agissait, qui ne seraient pas venus s\u2019ils ne les avaient pas appel\u00e9s ou rencontr\u00e9s. Ils rejoignent la pr\u00e9occupation majeure de tout cr\u00e9ateur aujourd\u2019hui\u00a0: comment faire venir les gens, les amener \u00e0 se d\u00e9placer physiquement\u00a0? Comment communiquer dans un monde submerg\u00e9 de communication\u00a0? Comment engager une \u00e9nergie, des frais de production, un travail, sans \u00eatre s\u00fbr qu\u2019il y aura une r\u00e9ponse\u00a0? Il y a un besoin, mais il n\u2019y a pas de demande.<\/p>\n<p><a href=\"https:\/\/www.sarahroubato.com\/wp-content\/uploads\/2017\/11\/IMG_1923-e1509675118734.jpg\"><img loading=\"lazy\" class=\"alignleft size-medium wp-image-1821\" src=\"https:\/\/www.sarahroubato.com\/wp-content\/uploads\/2017\/11\/IMG_1923-e1509675118734-225x300.jpg\" alt=\"IMG_1923\" width=\"225\" height=\"300\" srcset=\"https:\/\/www.sarahroubato.com\/wp-content\/uploads\/2017\/11\/IMG_1923-e1509675118734-225x300.jpg 225w, https:\/\/www.sarahroubato.com\/wp-content\/uploads\/2017\/11\/IMG_1923-e1509675118734-113x150.jpg 113w, https:\/\/www.sarahroubato.com\/wp-content\/uploads\/2017\/11\/IMG_1923-e1509675118734-768x1024.jpg 768w, https:\/\/www.sarahroubato.com\/wp-content\/uploads\/2017\/11\/IMG_1923-e1509675118734-600x800.jpg 600w\" sizes=\"(max-width: 225px) 100vw, 225px\" \/><\/a>Car nous sommes pris dans une contradiction \u00e9tonnante\u00a0: il existe un besoin urgent qui se fait sentir dans toutes les couches de la soci\u00e9t\u00e9, d\u2019autres mani\u00e8res de se r\u00e9unir, d\u2019envisager l\u2019avenir, de faire, de travailler, d\u2019\u00e9duquer, de manger, mais il n\u2019y a pas de demande. Comme si nous \u00e9tions si bien fa\u00e7onn\u00e9s par la culture de la production \u00e9conomique, du bien-\u00eatre passant par l\u2019acquisition et l\u2019accumulation du mat\u00e9riel, que tout pas de c\u00f4t\u00e9 nous appara\u00eet comme une d\u00e9viance passag\u00e8re, presque un effet de mode. Comme si nous ne savions plus regarder au-del\u00e0 du pr\u00e9 jauni que nous continuons \u00e0 brouter, et qui n\u2019a besoin ni de chien ni de cl\u00f4ture pour nous y maintenir.<\/p>\n<p>&nbsp;<\/p>\n<p>&nbsp;<\/p>\n<p>&nbsp;<\/p>\n<p><strong>O\u00f9 sont pass\u00e9s les hommes\u00a0? <\/strong><\/p>\n<p>Il serait malhonn\u00eate de faire l\u2019impasse sur ce constat\u00a0: des 27 passeurs de ces soir\u00e9es, 26 \u00e9taient\u2026 des femmes. Dans toutes les soir\u00e9es, les hommes repr\u00e9sentaient entre 5 et 10% des personnes pr\u00e9sentes. O\u00f9 donc sont pass\u00e9s les hommes\u00a0? Les femmes seraient-elles de meilleures cr\u00e9atrices de lien social, sont-elles davantage dans une d\u00e9marche de gu\u00e9rison que les hommes\u00a0? Sont-elles plus disponibles \u00e0 parler de leurs ressentis\u00a0? Les femmes ne sont-elles pas plus pr\u00e9sentes dans les activit\u00e9s dites <em>culturelles <\/em>\u2013 et les hommes, dans ce qu\u2019on appelle la <em>politique<\/em>\u00a0? Il n\u2019y a aucune fiert\u00e9 \u00e0 en tirer. Seulement une br\u00e8che \u00e0 colmater. De toute urgence. Car comment enfourcher sans les hommes et les femmes le cheval de bataille de tout changement social\u00a0: l\u2019\u00e9ducation\u00a0?<\/p>\n<p><strong>L\u2019\u00e9ducation\u00a0: au c\u0153ur de toutes les questions <a href=\"https:\/\/www.sarahroubato.com\/wp-content\/uploads\/2017\/10\/IMG_1790.jpg\"><img loading=\"lazy\" class=\"alignleft wp-image-1804\" src=\"https:\/\/www.sarahroubato.com\/wp-content\/uploads\/2017\/10\/IMG_1790-1024x768.jpg\" alt=\"IMG_1790\" width=\"500\" height=\"375\" \/><\/a><br \/>\n<\/strong><\/p>\n<p>\u00ab\u00a0Pendant la campagne pr\u00e9sidentielle on n\u2019a jamais entendu parler d\u2019\u00e9ducation. Pourtant, pardon de le dire, mais le monde de demain, c\u2019est nous, c\u2019est pas eux.\u00a0\u00bb<\/p>\n<p>Voil\u00e0 ce que dit un \u00e9l\u00e8ve de terminale lors d\u2019une rencontre autour des lettres. Un de ces adolescents absolument conscient d\u2019\u00eatre consid\u00e9r\u00e9 comme une bo\u00eete qu\u2019on gave de savoir, d\u2019un savoir qui consiste \u00e0 gober des informations et les recracher, plut\u00f4t qu\u2019\u00e0 d\u00e9velopper l\u2019intelligence, l\u2019intuition et la cr\u00e9ativit\u00e9. Des professeurs contraints \u00e0 appliquer un syst\u00e8me de notation qui privil\u00e9gie des comp\u00e9tences visibles et quantifiables, plut\u00f4t que des qualit\u00e9s d\u2019adaptation, de compr\u00e9hension et de critique. Son enseignante, descendue de l\u2019estrade pour se mettre au milieu de ses \u00e9l\u00e8ves, leur confie qu\u2019elle se sent pi\u00e9g\u00e9e dans un programme qui ne correspond pas \u00e0 ce qu\u2019elle aimerait enseigner et \u00e0 ce qu\u2019elle sait \u00eatre leurs besoins.<\/p>\n<p>Ils sont peut-\u00eatre plus nombreux qu\u2019on ne le pense, ces \u00e9l\u00e8ves et ces professeurs, enferm\u00e9s dans le carcan d\u2019un syst\u00e8me qui les ali\u00e8ne, et qui nous confisque la possibilit\u00e9 de forger une autre soci\u00e9t\u00e9 par ceux qui la feront demain. Il serait peut-\u00eatre temps de les \u00e9couter, et d\u2019envisager avec eux comment s\u2019affranchir.<\/p>\n<p><strong>Et apr\u00e8s\u00a0? Propositions pour aller plus loin <\/strong><\/p>\n<p><a href=\"https:\/\/www.sarahroubato.com\/wp-content\/uploads\/2017\/11\/livres-cd.jpg\"><img loading=\"lazy\" class=\"alignleft size-medium wp-image-1813\" src=\"https:\/\/www.sarahroubato.com\/wp-content\/uploads\/2017\/11\/livres-cd-277x300.jpg\" alt=\"livres cd\" width=\"277\" height=\"300\" srcset=\"https:\/\/www.sarahroubato.com\/wp-content\/uploads\/2017\/11\/livres-cd-277x300.jpg 277w, https:\/\/www.sarahroubato.com\/wp-content\/uploads\/2017\/11\/livres-cd-139x150.jpg 139w, https:\/\/www.sarahroubato.com\/wp-content\/uploads\/2017\/11\/livres-cd-947x1024.jpg 947w, https:\/\/www.sarahroubato.com\/wp-content\/uploads\/2017\/11\/livres-cd-600x649.jpg 600w\" sizes=\"(max-width: 277px) 100vw, 277px\" \/><\/a>Les soir\u00e9es en appellent d\u2019autres. De nouvelles formes sont \u00e0 inventer. Les textes vivent avec et sans son auteur, en virtuel et en physique. Voici quelques id\u00e9es pour faire vivre ces textes\u00a0:<\/p>\n<p>&#8211; organiser, sur une base r\u00e9guli\u00e8re ou occasionnelle, des s\u00e9ances d\u2019\u00e9coute collectives sans l\u2019auteure, une pure diffusion, comme un cin\u00e9ma des oreilles. Des <a href=\"https:\/\/www.sarahroubato.com\/extraquotidien\/\"><strong>portraits<\/strong><\/a> et des <strong><a href=\"https:\/\/www.sarahroubato.com\/lettres\/cd\/,\" class=\"broken_link\">lettres sonores<\/a><\/strong> (cliquez sur les mots en gras) peuvent \u00eatre achet\u00e9s en ligne. Une rencontre par skype avec l\u2019auteur pourra \u00eatre organis\u00e9e.<\/p>\n<p>&#8211; accueillir le spectacle Lettres \u00e0 ma g\u00e9n\u00e9ration dont vous trouverez ici des extraits de la premi\u00e8re :<iframe loading=\"lazy\" src=\"https:\/\/www.youtube.com\/embed\/GuBI4UUD2Ec\" width=\"560\" height=\"315\" frameborder=\"0\" allowfullscreen=\"allowfullscreen\"><\/iframe><\/p>\n<p>&#8211;\u00a0Diffuser la <em>Lettre \u00e0 un ado <a href=\"https:\/\/www.sarahroubato.com\/lettres\/lettre-a-un-ado\/\" target=\"_blank\" rel=\"noopener noreferrer\" class=\"broken_link\"><strong>Trouve le verbe de ta vie<\/strong><\/a><\/em> dans des \u00e9coles, des formations de r\u00e9orientation pour adultes, des salles de profs, organiser des rencontres r\u00e9unissant \u00e9l\u00e8ves parents et corps enseignants. Cette lettre sera prochainement \u00e9dit\u00e9e en petit livre qui sortira\u00a0au printemps 2018 et sera en vente autour de 5 \u20ac. Pour r\u00e9server le livre (sans achat) contactez-moi. Une nouvelle version sonore sortira d\u00e9but 2018. Si vous souhaitez diffuser cette lettre sous une de ces formes contactez-moi <a href=\"https:\/\/www.sarahroubato.com\/contact\/\"><strong>ici<\/strong> <\/a><\/p>\n<p>Merci pour tout ce qui est encore \u00e0 venir ! <a href=\"https:\/\/www.sarahroubato.com\/wp-content\/uploads\/2017\/11\/Capture-d\u2019e\u0301cran-2017-11-03-a\u0300-03.46.53.png\"><img loading=\"lazy\" class=\" wp-image-1841 size-full aligncenter\" src=\"https:\/\/www.sarahroubato.com\/wp-content\/uploads\/2017\/11\/Capture-d\u2019e\u0301cran-2017-11-03-a\u0300-03.46.53.png\" alt=\"Capture d\u2019e\u0301cran 2017-11-03 a\u0300 03.46.53\" width=\"628\" height=\"173\" srcset=\"https:\/\/www.sarahroubato.com\/wp-content\/uploads\/2017\/11\/Capture-d\u2019e\u0301cran-2017-11-03-a\u0300-03.46.53.png 628w, https:\/\/www.sarahroubato.com\/wp-content\/uploads\/2017\/11\/Capture-d\u2019e\u0301cran-2017-11-03-a\u0300-03.46.53-150x41.png 150w, https:\/\/www.sarahroubato.com\/wp-content\/uploads\/2017\/11\/Capture-d\u2019e\u0301cran-2017-11-03-a\u0300-03.46.53-300x83.png 300w, https:\/\/www.sarahroubato.com\/wp-content\/uploads\/2017\/11\/Capture-d\u2019e\u0301cran-2017-11-03-a\u0300-03.46.53-600x165.png 600w\" sizes=\"(max-width: 628px) 100vw, 628px\" \/><\/a><a href=\"https:\/\/www.sarahroubato.com\/wp-content\/uploads\/2017\/11\/Capture-d\u2019e\u0301cran-2017-11-03-a\u0300-03.44.11.png\"><img loading=\"lazy\" class=\" wp-image-1840 size-full alignright\" src=\"https:\/\/www.sarahroubato.com\/wp-content\/uploads\/2017\/11\/Capture-d\u2019e\u0301cran-2017-11-03-a\u0300-03.44.11.png\" alt=\"Capture d\u2019e\u0301cran 2017-11-03 a\u0300 03.44.11\" width=\"815\" height=\"120\" srcset=\"https:\/\/www.sarahroubato.com\/wp-content\/uploads\/2017\/11\/Capture-d\u2019e\u0301cran-2017-11-03-a\u0300-03.44.11.png 815w, https:\/\/www.sarahroubato.com\/wp-content\/uploads\/2017\/11\/Capture-d\u2019e\u0301cran-2017-11-03-a\u0300-03.44.11-150x22.png 150w, https:\/\/www.sarahroubato.com\/wp-content\/uploads\/2017\/11\/Capture-d\u2019e\u0301cran-2017-11-03-a\u0300-03.44.11-300x44.png 300w, https:\/\/www.sarahroubato.com\/wp-content\/uploads\/2017\/11\/Capture-d\u2019e\u0301cran-2017-11-03-a\u0300-03.44.11-600x88.png 600w\" sizes=\"(max-width: 815px) 100vw, 815px\" \/><\/a><\/p>\n<p><a href=\"https:\/\/www.sarahroubato.com\/wp-content\/uploads\/2017\/11\/Capture-d\u2019e\u0301cran-2017-11-03-a\u0300-03.53.10.png\"><img loading=\"lazy\" class=\" wp-image-1843 size-full alignnone\" src=\"https:\/\/www.sarahroubato.com\/wp-content\/uploads\/2017\/11\/Capture-d\u2019e\u0301cran-2017-11-03-a\u0300-03.53.10.png\" alt=\"Capture d\u2019e\u0301cran 2017-11-03 a\u0300 03.53.10\" width=\"870\" height=\"63\" srcset=\"https:\/\/www.sarahroubato.com\/wp-content\/uploads\/2017\/11\/Capture-d\u2019e\u0301cran-2017-11-03-a\u0300-03.53.10.png 870w, https:\/\/www.sarahroubato.com\/wp-content\/uploads\/2017\/11\/Capture-d\u2019e\u0301cran-2017-11-03-a\u0300-03.53.10-150x11.png 150w, https:\/\/www.sarahroubato.com\/wp-content\/uploads\/2017\/11\/Capture-d\u2019e\u0301cran-2017-11-03-a\u0300-03.53.10-300x22.png 300w, https:\/\/www.sarahroubato.com\/wp-content\/uploads\/2017\/11\/Capture-d\u2019e\u0301cran-2017-11-03-a\u0300-03.53.10-600x43.png 600w\" sizes=\"(max-width: 870px) 100vw, 870px\" \/><\/a><\/p>\n","protected":false},"excerpt":{"rendered":"<p>Comment cr\u00e9er des soir\u00e9es d\u2019expression artistique qui ne soient pas le divertissement du soir\u00a0? Comment faire \u00e9merger une parole intime sans faire un cercle de d\u00e9veloppement personnel\u00a0? Comment envisager ensemble notre soci\u00e9t\u00e9 sans entrer dans les \u00e9changes d\u2019opinion des caf\u00e9s citoyens\u00a0? Pour pouvoir d\u00e9finir ce l\u2019on cherche \u00e0 accomplir il est souvent bon de commencer [&hellip;]<\/p>\n","protected":false},"author":2,"featured_media":1798,"comment_status":"open","ping_status":"open","sticky":false,"template":"","format":"standard","meta":{"spay_email":""},"categories":[471],"tags":[390,387,190,474,475],"acf":[],"yoast_head":"<!-- This site is optimized with the Yoast SEO plugin v18.4.1 - https:\/\/yoast.com\/wordpress\/plugins\/seo\/ -->\n<title>Retour sur la tourn\u00e9e d\u2019automne 2017 : des soir\u00e9es d\u2019\u00e9coute collective pour envisager une autre soci\u00e9t\u00e9 - Sarah Roubato<\/title>\n<meta name=\"robots\" content=\"index, follow, max-snippet:-1, max-image-preview:large, max-video-preview:-1\" \/>\n<link rel=\"canonical\" href=\"https:\/\/www.sarahroubato.com\/en\/agenda\/automne2017\/\" \/>\n<meta property=\"og:locale\" content=\"es_ES\" \/>\n<meta property=\"og:type\" content=\"article\" \/>\n<meta property=\"og:title\" content=\"Retour sur la tourn\u00e9e d\u2019automne 2017 : des soir\u00e9es d\u2019\u00e9coute collective pour envisager une autre soci\u00e9t\u00e9 - Sarah Roubato\" \/>\n<meta property=\"og:description\" content=\"Comment cr\u00e9er des soir\u00e9es d\u2019expression artistique qui ne soient pas le divertissement du soir\u00a0? Comment faire \u00e9merger une parole intime sans faire un cercle de d\u00e9veloppement personnel\u00a0? Comment envisager ensemble notre soci\u00e9t\u00e9 sans entrer dans les \u00e9changes d\u2019opinion des caf\u00e9s citoyens\u00a0? Pour pouvoir d\u00e9finir ce l\u2019on cherche \u00e0 accomplir il est souvent bon de commencer [&hellip;]\" \/>\n<meta property=\"og:url\" content=\"https:\/\/www.sarahroubato.com\/en\/agenda\/automne2017\/\" \/>\n<meta property=\"og:site_name\" content=\"Sarah Roubato\" \/>\n<meta property=\"article:author\" content=\"https:\/\/www.facebook.com\/SarahRubato\" \/>\n<meta property=\"article:published_time\" content=\"2017-11-03T03:00:59+00:00\" \/>\n<meta property=\"article:modified_time\" content=\"2021-03-08T01:21:45+00:00\" \/>\n<meta property=\"og:image\" content=\"https:\/\/www.sarahroubato.com\/wp-content\/uploads\/2017\/10\/IMG_1948.jpg\" \/>\n\t<meta property=\"og:image:width\" content=\"3264\" \/>\n\t<meta property=\"og:image:height\" content=\"2448\" \/>\n\t<meta property=\"og:image:type\" content=\"image\/jpeg\" \/>\n<meta name=\"twitter:card\" content=\"summary\" \/>\n<meta name=\"twitter:creator\" content=\"@SarahRubato\" \/>\n<meta name=\"twitter:label1\" content=\"Escrito por\" \/>\n\t<meta name=\"twitter:data1\" content=\"Sarah Roubato\" \/>\n\t<meta name=\"twitter:label2\" content=\"Tiempo de lectura\" \/>\n\t<meta name=\"twitter:data2\" content=\"14 minutos\" \/>\n<script type=\"application\/ld+json\" class=\"yoast-schema-graph\">{\"@context\":\"https:\/\/schema.org\",\"@graph\":[{\"@type\":\"WebSite\",\"@id\":\"https:\/\/www.sarahroubato.com\/#website\",\"url\":\"https:\/\/www.sarahroubato.com\/\",\"name\":\"Sarah Roubato\",\"description\":\"Desarrollar el potencial de las personas y de la sociedad\",\"potentialAction\":[{\"@type\":\"SearchAction\",\"target\":{\"@type\":\"EntryPoint\",\"urlTemplate\":\"https:\/\/www.sarahroubato.com\/?s={search_term_string}\"},\"query-input\":\"required name=search_term_string\"}],\"inLanguage\":\"es\"},{\"@type\":\"ImageObject\",\"@id\":\"https:\/\/www.sarahroubato.com\/en\/agenda\/automne2017\/#primaryimage\",\"inLanguage\":\"es\",\"url\":\"https:\/\/www.sarahroubato.com\/wp-content\/uploads\/2017\/10\/IMG_1948.jpg\",\"contentUrl\":\"https:\/\/www.sarahroubato.com\/wp-content\/uploads\/2017\/10\/IMG_1948.jpg\",\"width\":3264,\"height\":2448},{\"@type\":\"WebPage\",\"@id\":\"https:\/\/www.sarahroubato.com\/en\/agenda\/automne2017\/#webpage\",\"url\":\"https:\/\/www.sarahroubato.com\/en\/agenda\/automne2017\/\",\"name\":\"Retour sur la tourn\u00e9e d\u2019automne 2017 : des soir\u00e9es d\u2019\u00e9coute collective pour envisager une autre soci\u00e9t\u00e9 - Sarah Roubato\",\"isPartOf\":{\"@id\":\"https:\/\/www.sarahroubato.com\/#website\"},\"primaryImageOfPage\":{\"@id\":\"https:\/\/www.sarahroubato.com\/en\/agenda\/automne2017\/#primaryimage\"},\"datePublished\":\"2017-11-03T03:00:59+00:00\",\"dateModified\":\"2021-03-08T01:21:45+00:00\",\"author\":{\"@id\":\"https:\/\/www.sarahroubato.com\/#\/schema\/person\/2685c6d7bef7b9e1a4080510ea89fc04\"},\"breadcrumb\":{\"@id\":\"https:\/\/www.sarahroubato.com\/en\/agenda\/automne2017\/#breadcrumb\"},\"inLanguage\":\"es\",\"potentialAction\":[{\"@type\":\"ReadAction\",\"target\":[\"https:\/\/www.sarahroubato.com\/en\/agenda\/automne2017\/\"]}]},{\"@type\":\"BreadcrumbList\",\"@id\":\"https:\/\/www.sarahroubato.com\/en\/agenda\/automne2017\/#breadcrumb\",\"itemListElement\":[{\"@type\":\"ListItem\",\"position\":1,\"name\":\"Accueil\",\"item\":\"https:\/\/www.sarahroubato.com\/\"},{\"@type\":\"ListItem\",\"position\":2,\"name\":\"Retour sur la tourn\u00e9e d\u2019automne 2017 : des soir\u00e9es d\u2019\u00e9coute collective pour envisager une autre soci\u00e9t\u00e9\"}]},{\"@type\":\"Person\",\"@id\":\"https:\/\/www.sarahroubato.com\/#\/schema\/person\/2685c6d7bef7b9e1a4080510ea89fc04\",\"name\":\"Sarah Roubato\",\"image\":{\"@type\":\"ImageObject\",\"@id\":\"https:\/\/www.sarahroubato.com\/#personlogo\",\"inLanguage\":\"es\",\"url\":\"https:\/\/secure.gravatar.com\/avatar\/f3b82a096236e32f3cb63cbce13ffb3d?s=96&d=mm&r=g\",\"contentUrl\":\"https:\/\/secure.gravatar.com\/avatar\/f3b82a096236e32f3cb63cbce13ffb3d?s=96&d=mm&r=g\",\"caption\":\"Sarah Roubato\"},\"sameAs\":[\"https:\/\/www.facebook.com\/SarahRubato\",\"https:\/\/twitter.com\/SarahRubato\"],\"url\":\"https:\/\/www.sarahroubato.com\/es\/author\/sarah\/\"}]}<\/script>\n<!-- \/ Yoast SEO plugin. -->","yoast_head_json":{"title":"Retour sur la tourn\u00e9e d\u2019automne 2017 : des soir\u00e9es d\u2019\u00e9coute collective pour envisager une autre soci\u00e9t\u00e9 - Sarah Roubato","robots":{"index":"index","follow":"follow","max-snippet":"max-snippet:-1","max-image-preview":"max-image-preview:large","max-video-preview":"max-video-preview:-1"},"canonical":"https:\/\/www.sarahroubato.com\/en\/agenda\/automne2017\/","og_locale":"es_ES","og_type":"article","og_title":"Retour sur la tourn\u00e9e d\u2019automne 2017 : des soir\u00e9es d\u2019\u00e9coute collective pour envisager une autre soci\u00e9t\u00e9 - Sarah Roubato","og_description":"Comment cr\u00e9er des soir\u00e9es d\u2019expression artistique qui ne soient pas le divertissement du soir\u00a0? Comment faire \u00e9merger une parole intime sans faire un cercle de d\u00e9veloppement personnel\u00a0? Comment envisager ensemble notre soci\u00e9t\u00e9 sans entrer dans les \u00e9changes d\u2019opinion des caf\u00e9s citoyens\u00a0? Pour pouvoir d\u00e9finir ce l\u2019on cherche \u00e0 accomplir il est souvent bon de commencer [&hellip;]","og_url":"https:\/\/www.sarahroubato.com\/en\/agenda\/automne2017\/","og_site_name":"Sarah Roubato","article_author":"https:\/\/www.facebook.com\/SarahRubato","article_published_time":"2017-11-03T03:00:59+00:00","article_modified_time":"2021-03-08T01:21:45+00:00","og_image":[{"width":3264,"height":2448,"url":"https:\/\/www.sarahroubato.com\/wp-content\/uploads\/2017\/10\/IMG_1948.jpg","type":"image\/jpeg"}],"twitter_card":"summary","twitter_creator":"@SarahRubato","twitter_misc":{"Escrito por":"Sarah Roubato","Tiempo de lectura":"14 minutos"},"schema":{"@context":"https:\/\/schema.org","@graph":[{"@type":"WebSite","@id":"https:\/\/www.sarahroubato.com\/#website","url":"https:\/\/www.sarahroubato.com\/","name":"Sarah Roubato","description":"Desarrollar el potencial de las personas y de la sociedad","potentialAction":[{"@type":"SearchAction","target":{"@type":"EntryPoint","urlTemplate":"https:\/\/www.sarahroubato.com\/?s={search_term_string}"},"query-input":"required name=search_term_string"}],"inLanguage":"es"},{"@type":"ImageObject","@id":"https:\/\/www.sarahroubato.com\/en\/agenda\/automne2017\/#primaryimage","inLanguage":"es","url":"https:\/\/www.sarahroubato.com\/wp-content\/uploads\/2017\/10\/IMG_1948.jpg","contentUrl":"https:\/\/www.sarahroubato.com\/wp-content\/uploads\/2017\/10\/IMG_1948.jpg","width":3264,"height":2448},{"@type":"WebPage","@id":"https:\/\/www.sarahroubato.com\/en\/agenda\/automne2017\/#webpage","url":"https:\/\/www.sarahroubato.com\/en\/agenda\/automne2017\/","name":"Retour sur la tourn\u00e9e d\u2019automne 2017 : des soir\u00e9es d\u2019\u00e9coute collective pour envisager une autre soci\u00e9t\u00e9 - Sarah Roubato","isPartOf":{"@id":"https:\/\/www.sarahroubato.com\/#website"},"primaryImageOfPage":{"@id":"https:\/\/www.sarahroubato.com\/en\/agenda\/automne2017\/#primaryimage"},"datePublished":"2017-11-03T03:00:59+00:00","dateModified":"2021-03-08T01:21:45+00:00","author":{"@id":"https:\/\/www.sarahroubato.com\/#\/schema\/person\/2685c6d7bef7b9e1a4080510ea89fc04"},"breadcrumb":{"@id":"https:\/\/www.sarahroubato.com\/en\/agenda\/automne2017\/#breadcrumb"},"inLanguage":"es","potentialAction":[{"@type":"ReadAction","target":["https:\/\/www.sarahroubato.com\/en\/agenda\/automne2017\/"]}]},{"@type":"BreadcrumbList","@id":"https:\/\/www.sarahroubato.com\/en\/agenda\/automne2017\/#breadcrumb","itemListElement":[{"@type":"ListItem","position":1,"name":"Accueil","item":"https:\/\/www.sarahroubato.com\/"},{"@type":"ListItem","position":2,"name":"Retour sur la tourn\u00e9e d\u2019automne 2017 : des soir\u00e9es d\u2019\u00e9coute collective pour envisager une autre soci\u00e9t\u00e9"}]},{"@type":"Person","@id":"https:\/\/www.sarahroubato.com\/#\/schema\/person\/2685c6d7bef7b9e1a4080510ea89fc04","name":"Sarah Roubato","image":{"@type":"ImageObject","@id":"https:\/\/www.sarahroubato.com\/#personlogo","inLanguage":"es","url":"https:\/\/secure.gravatar.com\/avatar\/f3b82a096236e32f3cb63cbce13ffb3d?s=96&d=mm&r=g","contentUrl":"https:\/\/secure.gravatar.com\/avatar\/f3b82a096236e32f3cb63cbce13ffb3d?s=96&d=mm&r=g","caption":"Sarah Roubato"},"sameAs":["https:\/\/www.facebook.com\/SarahRubato","https:\/\/twitter.com\/SarahRubato"],"url":"https:\/\/www.sarahroubato.com\/es\/author\/sarah\/"}]}},"jetpack_featured_media_url":"https:\/\/www.sarahroubato.com\/wp-content\/uploads\/2017\/10\/IMG_1948.jpg","_links":{"self":[{"href":"https:\/\/www.sarahroubato.com\/es\/wp-json\/wp\/v2\/posts\/1812"}],"collection":[{"href":"https:\/\/www.sarahroubato.com\/es\/wp-json\/wp\/v2\/posts"}],"about":[{"href":"https:\/\/www.sarahroubato.com\/es\/wp-json\/wp\/v2\/types\/post"}],"author":[{"embeddable":true,"href":"https:\/\/www.sarahroubato.com\/es\/wp-json\/wp\/v2\/users\/2"}],"replies":[{"embeddable":true,"href":"https:\/\/www.sarahroubato.com\/es\/wp-json\/wp\/v2\/comments?post=1812"}],"version-history":[{"count":13,"href":"https:\/\/www.sarahroubato.com\/es\/wp-json\/wp\/v2\/posts\/1812\/revisions"}],"predecessor-version":[{"id":4947,"href":"https:\/\/www.sarahroubato.com\/es\/wp-json\/wp\/v2\/posts\/1812\/revisions\/4947"}],"wp:featuredmedia":[{"embeddable":true,"href":"https:\/\/www.sarahroubato.com\/es\/wp-json\/wp\/v2\/media\/1798"}],"wp:attachment":[{"href":"https:\/\/www.sarahroubato.com\/es\/wp-json\/wp\/v2\/media?parent=1812"}],"wp:term":[{"taxonomy":"category","embeddable":true,"href":"https:\/\/www.sarahroubato.com\/es\/wp-json\/wp\/v2\/categories?post=1812"},{"taxonomy":"post_tag","embeddable":true,"href":"https:\/\/www.sarahroubato.com\/es\/wp-json\/wp\/v2\/tags?post=1812"}],"curies":[{"name":"wp","href":"https:\/\/api.w.org\/{rel}","templated":true}]}}