
{"id":1995,"date":"2017-12-03T22:45:30","date_gmt":"2017-12-03T21:45:30","guid":{"rendered":"https:\/\/www.sarahroubato.com\/?p=1995"},"modified":"2018-03-22T22:01:46","modified_gmt":"2018-03-22T21:01:46","slug":"seminaire1","status":"publish","type":"post","link":"https:\/\/www.sarahroubato.com\/es\/agenda\/seminaire1\/","title":{"rendered":"Premi\u00e8re s\u00e9ance \u00e0 l&#8217;Universit\u00e9 Populaire : retour de terrain"},"content":{"rendered":"<p>L&#8217;amphith\u00e9\u00e2tre \u00e9tait presque plein en ce 3 d\u00e9cembre. Merci \u00e0 tous de votre curiosit\u00e9.<\/p>\n<p>De vos questionnements et remarques, se dessinent des pistes de r\u00e9flexion pour les prochains s\u00e9minaires parmi lesquelles :<\/p>\n<p>1. La limite des initiatives individuelles : Un changement de soci\u00e9t\u00e9 se fait-il par la multiplication des initiatives individuelles et locales ? Le pouvoir du local et du <em>chacun fait sa part<\/em>, est-il r\u00e9el, ou n&#8217;est-il que le produit de cette soci\u00e9t\u00e9 individualiste \u00e0 laquelle nous tentons de trouver une alternative ?<\/p>\n<p>2. Faut-il y croire pour agir ? En quoi nos repr\u00e9sentations des possibilit\u00e9s de faisabilit\u00e9 d&#8217;un projet nous conditionnent \u00e0 essayer, ou \u00e0 renoncer ? Quelle est la part culturelle de ces r\u00e9flexes ? Quel est notre rapport au risque, dans une culture de plus en plus obs\u00e9d\u00e9e par la s\u00e9curit\u00e9 ?<\/p>\n<p>3. O\u00f9 sont les initiatives collectives ? Bien que les portraits <em>L&#8217;Extraordinaire au Quotidien <\/em>soient bas\u00e9s sur des initiatives individuelles qui deviennent collectives par la transmission que ces individus, nous nous pencherons sur des exemples d&#8217;organisation collective (politique, \u00e9conomique, entreprise, etc.)<\/p>\n<p>4. Comment n\u00e9gocier le rapport entre l&#8217;envie individuelle et le sentiment que cette envie est broy\u00e9e par la soci\u00e9t\u00e9 ? Comment sortir de cette dichotomie entre l&#8217;individu et la soci\u00e9t\u00e9, pour envisager un individu dont l&#8217;envie, le d\u00e9sir, le r\u00eave, sont en partie produits par le collectif, et envisager une soci\u00e9t\u00e9 o\u00f9 les gestes individuels sont per\u00e7us comme des propositions qui peuvent s&#8217;\u00e9tendre et qui ont une valeur bien au-del\u00e0 de la r\u00e9ussite concr\u00e8te d&#8217;un projet individuel.<\/p>\n<p>N&#8217;h\u00e9sitez pas \u00e0 m&#8217;\u00e9crire pour d&#8217;autres suggestions. Et au plaisir de vous revoir le 14 janvier 2018 !<\/p>\n","protected":false},"excerpt":{"rendered":"<p>L&#8217;amphith\u00e9\u00e2tre \u00e9tait presque plein en ce 3 d\u00e9cembre. Merci \u00e0 tous de votre curiosit\u00e9. De vos questionnements et remarques, se dessinent des pistes de r\u00e9flexion pour les prochains s\u00e9minaires parmi lesquelles : 1. La limite des initiatives individuelles : Un changement de soci\u00e9t\u00e9 se fait-il par la multiplication des initiatives individuelles et locales ? Le [&hellip;]<\/p>\n","protected":false},"author":2,"featured_media":1997,"comment_status":"open","ping_status":"open","sticky":false,"template":"","format":"standard","meta":{"spay_email":""},"categories":[471],"tags":[],"acf":[],"yoast_head":"<!-- This site is optimized with the Yoast SEO plugin v18.4.1 - https:\/\/yoast.com\/wordpress\/plugins\/seo\/ -->\n<title>Premi\u00e8re s\u00e9ance \u00e0 l&#039;Universit\u00e9 Populaire : retour de terrain - Sarah Roubato<\/title>\n<meta name=\"robots\" content=\"index, follow, max-snippet:-1, max-image-preview:large, max-video-preview:-1\" \/>\n<link rel=\"canonical\" href=\"https:\/\/www.sarahroubato.com\/agenda\/seminaire1\/\" \/>\n<meta property=\"og:locale\" content=\"es_ES\" \/>\n<meta property=\"og:type\" content=\"article\" \/>\n<meta property=\"og:title\" content=\"Premi\u00e8re s\u00e9ance \u00e0 l&#039;Universit\u00e9 Populaire : retour de terrain - Sarah Roubato\" \/>\n<meta property=\"og:description\" content=\"L&#8217;amphith\u00e9\u00e2tre \u00e9tait presque plein en ce 3 d\u00e9cembre. Merci \u00e0 tous de votre curiosit\u00e9. De vos questionnements et remarques, se dessinent des pistes de r\u00e9flexion pour les prochains s\u00e9minaires parmi lesquelles : 1. La limite des initiatives individuelles : Un changement de soci\u00e9t\u00e9 se fait-il par la multiplication des initiatives individuelles et locales ? Le [&hellip;]\" \/>\n<meta property=\"og:url\" content=\"https:\/\/www.sarahroubato.com\/agenda\/seminaire1\/\" \/>\n<meta property=\"og:site_name\" content=\"Sarah Roubato\" \/>\n<meta property=\"article:author\" content=\"https:\/\/www.facebook.com\/SarahRubato\" \/>\n<meta property=\"article:published_time\" content=\"2017-12-03T21:45:30+00:00\" \/>\n<meta property=\"article:modified_time\" content=\"2018-03-22T21:01:46+00:00\" \/>\n<meta property=\"og:image\" content=\"https:\/\/www.sarahroubato.com\/wp-content\/uploads\/2017\/12\/amphi2.jpg\" \/>\n\t<meta property=\"og:image:width\" content=\"750\" \/>\n\t<meta property=\"og:image:height\" content=\"499\" \/>\n\t<meta property=\"og:image:type\" content=\"image\/jpeg\" \/>\n<meta name=\"twitter:card\" content=\"summary\" \/>\n<meta name=\"twitter:creator\" content=\"@SarahRubato\" \/>\n<meta name=\"twitter:label1\" content=\"Escrito por\" \/>\n\t<meta name=\"twitter:data1\" content=\"Sarah Roubato\" \/>\n\t<meta name=\"twitter:label2\" content=\"Tiempo de lectura\" \/>\n\t<meta name=\"twitter:data2\" content=\"1 minuto\" \/>\n<script type=\"application\/ld+json\" class=\"yoast-schema-graph\">{\"@context\":\"https:\/\/schema.org\",\"@graph\":[{\"@type\":\"WebSite\",\"@id\":\"https:\/\/www.sarahroubato.com\/#website\",\"url\":\"https:\/\/www.sarahroubato.com\/\",\"name\":\"Sarah Roubato\",\"description\":\"Desarrollar el potencial de las personas y de la sociedad\",\"potentialAction\":[{\"@type\":\"SearchAction\",\"target\":{\"@type\":\"EntryPoint\",\"urlTemplate\":\"https:\/\/www.sarahroubato.com\/?s={search_term_string}\"},\"query-input\":\"required name=search_term_string\"}],\"inLanguage\":\"es\"},{\"@type\":\"ImageObject\",\"@id\":\"https:\/\/www.sarahroubato.com\/agenda\/seminaire1\/#primaryimage\",\"inLanguage\":\"es\",\"url\":\"https:\/\/www.sarahroubato.com\/wp-content\/uploads\/2017\/12\/amphi2.jpg\",\"contentUrl\":\"https:\/\/www.sarahroubato.com\/wp-content\/uploads\/2017\/12\/amphi2.jpg\",\"width\":750,\"height\":499},{\"@type\":\"WebPage\",\"@id\":\"https:\/\/www.sarahroubato.com\/agenda\/seminaire1\/#webpage\",\"url\":\"https:\/\/www.sarahroubato.com\/agenda\/seminaire1\/\",\"name\":\"Premi\u00e8re s\u00e9ance \u00e0 l'Universit\u00e9 Populaire : retour de terrain - Sarah Roubato\",\"isPartOf\":{\"@id\":\"https:\/\/www.sarahroubato.com\/#website\"},\"primaryImageOfPage\":{\"@id\":\"https:\/\/www.sarahroubato.com\/agenda\/seminaire1\/#primaryimage\"},\"datePublished\":\"2017-12-03T21:45:30+00:00\",\"dateModified\":\"2018-03-22T21:01:46+00:00\",\"author\":{\"@id\":\"https:\/\/www.sarahroubato.com\/#\/schema\/person\/2685c6d7bef7b9e1a4080510ea89fc04\"},\"breadcrumb\":{\"@id\":\"https:\/\/www.sarahroubato.com\/agenda\/seminaire1\/#breadcrumb\"},\"inLanguage\":\"es\",\"potentialAction\":[{\"@type\":\"ReadAction\",\"target\":[\"https:\/\/www.sarahroubato.com\/agenda\/seminaire1\/\"]}]},{\"@type\":\"BreadcrumbList\",\"@id\":\"https:\/\/www.sarahroubato.com\/agenda\/seminaire1\/#breadcrumb\",\"itemListElement\":[{\"@type\":\"ListItem\",\"position\":1,\"name\":\"Accueil\",\"item\":\"https:\/\/www.sarahroubato.com\/\"},{\"@type\":\"ListItem\",\"position\":2,\"name\":\"Premi\u00e8re s\u00e9ance \u00e0 l&rsquo;Universit\u00e9 Populaire : retour de terrain\"}]},{\"@type\":\"Person\",\"@id\":\"https:\/\/www.sarahroubato.com\/#\/schema\/person\/2685c6d7bef7b9e1a4080510ea89fc04\",\"name\":\"Sarah Roubato\",\"image\":{\"@type\":\"ImageObject\",\"@id\":\"https:\/\/www.sarahroubato.com\/#personlogo\",\"inLanguage\":\"es\",\"url\":\"https:\/\/secure.gravatar.com\/avatar\/f3b82a096236e32f3cb63cbce13ffb3d?s=96&d=mm&r=g\",\"contentUrl\":\"https:\/\/secure.gravatar.com\/avatar\/f3b82a096236e32f3cb63cbce13ffb3d?s=96&d=mm&r=g\",\"caption\":\"Sarah Roubato\"},\"sameAs\":[\"https:\/\/www.facebook.com\/SarahRubato\",\"https:\/\/twitter.com\/SarahRubato\"],\"url\":\"https:\/\/www.sarahroubato.com\/es\/author\/sarah\/\"}]}<\/script>\n<!-- \/ Yoast SEO plugin. -->","yoast_head_json":{"title":"Premi\u00e8re s\u00e9ance \u00e0 l'Universit\u00e9 Populaire : retour de terrain - Sarah Roubato","robots":{"index":"index","follow":"follow","max-snippet":"max-snippet:-1","max-image-preview":"max-image-preview:large","max-video-preview":"max-video-preview:-1"},"canonical":"https:\/\/www.sarahroubato.com\/agenda\/seminaire1\/","og_locale":"es_ES","og_type":"article","og_title":"Premi\u00e8re s\u00e9ance \u00e0 l'Universit\u00e9 Populaire : retour de terrain - Sarah Roubato","og_description":"L&#8217;amphith\u00e9\u00e2tre \u00e9tait presque plein en ce 3 d\u00e9cembre. Merci \u00e0 tous de votre curiosit\u00e9. De vos questionnements et remarques, se dessinent des pistes de r\u00e9flexion pour les prochains s\u00e9minaires parmi lesquelles : 1. La limite des initiatives individuelles : Un changement de soci\u00e9t\u00e9 se fait-il par la multiplication des initiatives individuelles et locales ? Le [&hellip;]","og_url":"https:\/\/www.sarahroubato.com\/agenda\/seminaire1\/","og_site_name":"Sarah Roubato","article_author":"https:\/\/www.facebook.com\/SarahRubato","article_published_time":"2017-12-03T21:45:30+00:00","article_modified_time":"2018-03-22T21:01:46+00:00","og_image":[{"width":750,"height":499,"url":"https:\/\/www.sarahroubato.com\/wp-content\/uploads\/2017\/12\/amphi2.jpg","type":"image\/jpeg"}],"twitter_card":"summary","twitter_creator":"@SarahRubato","twitter_misc":{"Escrito por":"Sarah Roubato","Tiempo de lectura":"1 minuto"},"schema":{"@context":"https:\/\/schema.org","@graph":[{"@type":"WebSite","@id":"https:\/\/www.sarahroubato.com\/#website","url":"https:\/\/www.sarahroubato.com\/","name":"Sarah Roubato","description":"Desarrollar el potencial de las personas y de la sociedad","potentialAction":[{"@type":"SearchAction","target":{"@type":"EntryPoint","urlTemplate":"https:\/\/www.sarahroubato.com\/?s={search_term_string}"},"query-input":"required name=search_term_string"}],"inLanguage":"es"},{"@type":"ImageObject","@id":"https:\/\/www.sarahroubato.com\/agenda\/seminaire1\/#primaryimage","inLanguage":"es","url":"https:\/\/www.sarahroubato.com\/wp-content\/uploads\/2017\/12\/amphi2.jpg","contentUrl":"https:\/\/www.sarahroubato.com\/wp-content\/uploads\/2017\/12\/amphi2.jpg","width":750,"height":499},{"@type":"WebPage","@id":"https:\/\/www.sarahroubato.com\/agenda\/seminaire1\/#webpage","url":"https:\/\/www.sarahroubato.com\/agenda\/seminaire1\/","name":"Premi\u00e8re s\u00e9ance \u00e0 l'Universit\u00e9 Populaire : retour de terrain - Sarah Roubato","isPartOf":{"@id":"https:\/\/www.sarahroubato.com\/#website"},"primaryImageOfPage":{"@id":"https:\/\/www.sarahroubato.com\/agenda\/seminaire1\/#primaryimage"},"datePublished":"2017-12-03T21:45:30+00:00","dateModified":"2018-03-22T21:01:46+00:00","author":{"@id":"https:\/\/www.sarahroubato.com\/#\/schema\/person\/2685c6d7bef7b9e1a4080510ea89fc04"},"breadcrumb":{"@id":"https:\/\/www.sarahroubato.com\/agenda\/seminaire1\/#breadcrumb"},"inLanguage":"es","potentialAction":[{"@type":"ReadAction","target":["https:\/\/www.sarahroubato.com\/agenda\/seminaire1\/"]}]},{"@type":"BreadcrumbList","@id":"https:\/\/www.sarahroubato.com\/agenda\/seminaire1\/#breadcrumb","itemListElement":[{"@type":"ListItem","position":1,"name":"Accueil","item":"https:\/\/www.sarahroubato.com\/"},{"@type":"ListItem","position":2,"name":"Premi\u00e8re s\u00e9ance \u00e0 l&rsquo;Universit\u00e9 Populaire : retour de terrain"}]},{"@type":"Person","@id":"https:\/\/www.sarahroubato.com\/#\/schema\/person\/2685c6d7bef7b9e1a4080510ea89fc04","name":"Sarah Roubato","image":{"@type":"ImageObject","@id":"https:\/\/www.sarahroubato.com\/#personlogo","inLanguage":"es","url":"https:\/\/secure.gravatar.com\/avatar\/f3b82a096236e32f3cb63cbce13ffb3d?s=96&d=mm&r=g","contentUrl":"https:\/\/secure.gravatar.com\/avatar\/f3b82a096236e32f3cb63cbce13ffb3d?s=96&d=mm&r=g","caption":"Sarah Roubato"},"sameAs":["https:\/\/www.facebook.com\/SarahRubato","https:\/\/twitter.com\/SarahRubato"],"url":"https:\/\/www.sarahroubato.com\/es\/author\/sarah\/"}]}},"jetpack_featured_media_url":"https:\/\/www.sarahroubato.com\/wp-content\/uploads\/2017\/12\/amphi2.jpg","_links":{"self":[{"href":"https:\/\/www.sarahroubato.com\/es\/wp-json\/wp\/v2\/posts\/1995"}],"collection":[{"href":"https:\/\/www.sarahroubato.com\/es\/wp-json\/wp\/v2\/posts"}],"about":[{"href":"https:\/\/www.sarahroubato.com\/es\/wp-json\/wp\/v2\/types\/post"}],"author":[{"embeddable":true,"href":"https:\/\/www.sarahroubato.com\/es\/wp-json\/wp\/v2\/users\/2"}],"replies":[{"embeddable":true,"href":"https:\/\/www.sarahroubato.com\/es\/wp-json\/wp\/v2\/comments?post=1995"}],"version-history":[{"count":2,"href":"https:\/\/www.sarahroubato.com\/es\/wp-json\/wp\/v2\/posts\/1995\/revisions"}],"predecessor-version":[{"id":2153,"href":"https:\/\/www.sarahroubato.com\/es\/wp-json\/wp\/v2\/posts\/1995\/revisions\/2153"}],"wp:featuredmedia":[{"embeddable":true,"href":"https:\/\/www.sarahroubato.com\/es\/wp-json\/wp\/v2\/media\/1997"}],"wp:attachment":[{"href":"https:\/\/www.sarahroubato.com\/es\/wp-json\/wp\/v2\/media?parent=1995"}],"wp:term":[{"taxonomy":"category","embeddable":true,"href":"https:\/\/www.sarahroubato.com\/es\/wp-json\/wp\/v2\/categories?post=1995"},{"taxonomy":"post_tag","embeddable":true,"href":"https:\/\/www.sarahroubato.com\/es\/wp-json\/wp\/v2\/tags?post=1995"}],"curies":[{"name":"wp","href":"https:\/\/api.w.org\/{rel}","templated":true}]}}