
{"id":2489,"date":"2020-02-25T08:51:42","date_gmt":"2020-02-25T07:51:42","guid":{"rendered":"https:\/\/www.sarahroubato.com\/?p=2489"},"modified":"2021-10-18T17:53:24","modified_gmt":"2021-10-18T15:53:24","slug":"veillees","status":"publish","type":"post","link":"https:\/\/www.sarahroubato.com\/es\/agenda\/veillees\/","title":{"rendered":"Inviter Sarah Roubato dans votre coin pour une veill\u00e9e"},"content":{"rendered":"<p><strong>Qu\u2019est-ce qu\u2019une veill\u00e9e\u00a0? <\/strong><\/p>\n<p>VEILL\u00c9E\u00a0: <em>moment suspendu entre la fin du repas et le coucher, o\u00f9 les gens se r\u00e9unissent en famille ou entre voisinage.<\/em><\/p>\n<p>Faire en sorte que\u00a0de\u00a0la proposition artistique\u00a0\u00e9merge une discussion citoyenne&#8230; voil\u00e0 l&#8217;ambition de ces veill\u00e9es.<\/p>\n<p>Nous sommes assis dans un th\u00e9\u00e2tre, autour d\u2019une table dans un espace de coworking, dans une salle de classe, dans un fournil, dans une salle de sport, dans le caveau d&#8217;un vigneron, dans une yourte sur une ferme, dans un salon de coiffure, dans un atelier d\u2019artiste, dans le salon d&#8217;une maison ou d&#8217;un appartement, dans la salle \u00e0 manger d&#8217;un ch\u00e2teau du 11\u00e8me si\u00e8cle&#8230; \u00a0Autour de textes dits, enregistr\u00e9s et chant\u00e9s par l\u2019artiste, nous interrogeons notre rapport au monde, aux autres et \u00e0 nous-m\u00eames, pour envisager d&#8217;autres possibles.<\/p>\n<p class=\"p1\"><strong>\u00a0Sarah Roubato vous propose :\u00a0<\/strong><\/p>\n<ul>\n<li class=\"p1\">spectacle\u00a0<em>Quai des possibles\u00a0<\/em>(dur\u00e9e 1h15)<\/li>\n<li class=\"p1\">cin\u00e9ma sonore autour des portraits \u00a0<em>L\u2019extraordinaire au quotidien\u00a0<\/em>(dur\u00e9e 1h + discussion)<\/li>\n<li class=\"p1\">double soir\u00e9e avec spectacle en premi\u00e8re partie de soir\u00e9e, pause repas, cin\u00e9ma sonore en deuxi\u00e8me partie<\/li>\n<li>spectacle de 30 minutes\u00a0<em>R\u00e9sistances au f\u00e9minin\u00a0<\/em>suivi de l&#8217;\u00e9coute d&#8217;un portrait sonore (25 minutes)<\/li>\n<li><span style=\"line-height: 1.5;\">conf\u00e9rence \u00abLes semeurs du changement\u00bb avec \u00e9coutes d&#8217;extraits des portraits sonores (1h30)<\/span><\/li>\n<li><span style=\"line-height: 1.5;\">rencontre\/atelier &#8216;Trouve le verbe de ta vie\u00bb (parents, enseignants, adolescents, adultes)<\/span><\/li>\n<\/ul>\n<p class=\"p1\"><strong><img loading=\"lazy\" class=\"size-large wp-image-3181 aligncenter\" src=\"https:\/\/www.sarahroubato.com\/wp-content\/uploads\/2018\/07\/Capture-d&rsquo;e\u0301cran-2019-03-21-a\u0300-01.17.36-1024x251.png\" alt=\"\" width=\"1024\" height=\"251\" \/>Le cin\u00e9ma sonore<\/strong><\/p>\n<p class=\"p1\">Le cin\u00e9ma sonore est une \u00e9coute collective de deux portraits sonores tir\u00e9s de la s\u00e9rie\u00a0<em>L\u2019extraordinaire au quotidien<\/em>, portraits de gens qui inventent d\u2019autres mani\u00e8res de faire. Des\u00a0hommes et de femmes, jeunes et moins jeunes, tout autour de nous, qui nous donnent \u00e0 voir d\u2019autres possibles. Des sources d\u2019inspiration qui ne font pas la une des m\u00e9dias. \u00a0T\u00e9l\u00e9chargez ici\u00a0<strong><a href=\"https:\/\/www.sarahroubato.com\/wp-content\/uploads\/2018\/07\/affiche-cinema-sonore.pdf\">l&#8217;affiche de l&#8217;\u00e9v\u00e9nement<\/a><\/strong>.<\/p>\n<p class=\"p1\">Pour en savoir plus \u00e9coutez l&#8217;extrait ci-dessous et pour en savoir encore plus cliquez <strong><a href=\"https:\/\/www.sarahroubato.com\/extraquotidien\/teasers\">ici<\/a>.\u00a0<\/strong><\/p>\n<p class=\"p1\"><iframe loading=\"lazy\" src=\"https:\/\/www.mixcloud.com\/widget\/iframe\/?hide_cover=1&amp;light=1&amp;feed=%2FSarahRoubato%2Fquest-ce-que-lextraordinaire-au-quotidien%2F\" width=\"100%\" height=\"120\" frameborder=\"0\"><\/iframe><\/p>\n<p><img loading=\"lazy\" class=\"size-large wp-image-3180 aligncenter\" src=\"https:\/\/www.sarahroubato.com\/wp-content\/uploads\/2018\/07\/Capture-d&rsquo;e\u0301cran-2019-03-21-a\u0300-00.50.37-1024x399.png\" alt=\"\" width=\"1024\" height=\"399\" \/><strong>Spectacle\u00a0<em>Quai des possibles<\/em><\/strong><\/p>\n<p>Dans une soci\u00e9t\u00e9 o\u00f9 sont isol\u00e9s les individus et les g\u00e9n\u00e9rations, o\u00f9 le vivant est plus que jamais menac\u00e9, reste-t-il un quai pour d&#8217;autres possibles ? Sarah part \u00e0 la recherche de cet espace pr\u00e9serv\u00e9\u00a0\u00e0 travers des textes issus de ses<em> <a href=\"https:\/\/mrmondialisation.org\/sarah-roubato-lettres-a-ma-generation\/\">Lettres \u00e0 ma g\u00e9n\u00e9ration<\/a>\u00a0<\/em>(ed Michel Lafon)\u00a0de son roman <a href=\"http:\/\/publie.net\/livre\/30-ans-heure-sarah-roubato\/\"><em>Trente ans dans une heure<\/em>\u00a0<\/a>(ed Publie.net), et des textes \u00e9crits sur son blog.<\/p>\n<p class=\"p1\">Du piano \u00e0 la guitare, elle fait appel aux artisans de la chanson francophone hispanophone et anglophone, de Leonard Cohen \u00e0 Atahualpa Yupanqui, en passant par Barbara Jean Guidoni Allain Leprest et Philippe Noireaut. (dur\u00e9e : 1h15)\u00a0T\u00e9l\u00e9chargez ici <a href=\"https:\/\/www.sarahroubato.com\/wp-content\/uploads\/2018\/07\/affiche-quai-des-possibles.pdf\"><strong>l&#8217;affiche de l&#8217;\u00e9v\u00e9nement<\/strong><\/a><\/p>\n<p>besoins techniques : piano \u00e9lectrique 88 touches, toucher lourd, p\u00e9dale sustain, enceintes \u00e0 relier au piano ou bonnes enceintes int\u00e9gr\u00e9es. Si la salle est grande : enceintes et consoles pour accueillir un syst\u00e8me HF Sennheiser (entr\u00e9e XLR)<\/p>\n<p><strong><img loading=\"lazy\" class=\"size-full wp-image-3147 aligncenter\" src=\"https:\/\/www.sarahroubato.com\/wp-content\/uploads\/2018\/07\/Capture-d&rsquo;e\u0301cran-2019-02-19-a\u0300-01.26.33.png\" alt=\"\" width=\"861\" height=\"262\" \/><\/strong><strong>Conf\u00e9rence \u00abLes semeurs du changement\u00bb\u00a0<\/strong><\/p>\n<p>Condens\u00e9 du s\u00e9minaire donn\u00e9 \u00e0 l&#8217;Universit\u00e9 Populaire de Caen \u00e0 l&#8217;invitation de Michel Onfray. Depuis quelques ann\u00e9es, la remise en question du mod\u00e8le n\u00e9o-lib\u00e9ral r\u00e9duisant nos vies \u00e0 la poursuite de la consommation, re\u00e7oit des critiques de plus en plus vari\u00e9es et audibles.Partout dans le monde, et ici aussi, des semeurs cultivent le changement. Ils exp\u00e9rimentent d\u2019autres mani\u00e8res de manger, de produire, de vivre ensemble, de s\u2019organiser, de faire de la politique, de pratiquer l\u2019art, d\u2019\u00e9duquer, d\u2019informer.Des gens ordinaires qui r\u00e9inventent leurs m\u00e9tiers, habitent le temps autrement, recalibrent leurs priorit\u00e9s. En France, ils sont innombrables, ils ont tous les \u00e2ges, tous les accents. Consid\u00e9r\u00e9s par les uns comme des marginaux \u00e9loign\u00e9s des r\u00e9alit\u00e9s, comme des privil\u00e9gi\u00e9s, ils sont aussi souvent pr\u00e9sent\u00e9s dans des cartes postales de l\u2019alternatif. Qu\u2019en est-il de leur combat au quotidien ? Comment en sont-ils arriv\u00e9s \u00e0 remettre en question leurs propres certitudes ? Quel nouveau r\u00e9cit sur l\u2019humain nous proposent -ils ?\u00a0dur\u00e9e\u00a0: 1h30\u00a0T\u00e9l\u00e9chargez ici\u00a0<strong><a href=\"https:\/\/www.sarahroubato.com\/wp-content\/uploads\/2018\/07\/affiche-conference.pdf\">l&#8217;affiche de l&#8217;\u00e9v\u00e9nement<\/a><\/strong><\/p>\n<p><img loading=\"lazy\" class=\"alignright size-full wp-image-3186\" src=\"https:\/\/www.sarahroubato.com\/wp-content\/uploads\/2018\/07\/bandeau-femmes.png\" alt=\"\" width=\"1019\" height=\"385\" srcset=\"https:\/\/www.sarahroubato.com\/wp-content\/uploads\/2018\/07\/bandeau-femmes.png 1019w, https:\/\/www.sarahroubato.com\/wp-content\/uploads\/2018\/07\/bandeau-femmes-150x57.png 150w, https:\/\/www.sarahroubato.com\/wp-content\/uploads\/2018\/07\/bandeau-femmes-300x113.png 300w, https:\/\/www.sarahroubato.com\/wp-content\/uploads\/2018\/07\/bandeau-femmes-768x290.png 768w, https:\/\/www.sarahroubato.com\/wp-content\/uploads\/2018\/07\/bandeau-femmes-600x227.png 600w\" sizes=\"(max-width: 1019px) 100vw, 1019px\" \/><\/p>\n<p><strong>R\u00e9sistances au f\u00e9minin<\/strong><\/p>\n<p>D&#8217;une ma\u00eetresse d&#8217;\u00e9cole \u00e0 une \u00e9l\u00e9phante, de la journaliste Denise Glaser \u00e0 la Dame Brune Barbara, des corps des vieilles femmes au nom d&#8217;une enfant qui ne na\u00eetra pas, Sarah Roubato s&#8217;adresse \u00e0 ces femmes, anonymes ou c\u00e9l\u00e8bres, humaines ou non, qui ont remis en question les \u00e9vidences et d\u00e9tourn\u00e9 les chemins tous trac\u00e9s.\u00a0Un spectacle o\u00f9 Sarah parle et chante derri\u00e8re le piano ou la guitare, suivi d&#8217;un cin\u00e9ma sonore autour d&#8217;une sculpteure hors du commun, enregistr\u00e9e alors qu&#8217;elle sculptait Sarah&#8230; un double portrait en miroir. Cliquez ici pour t\u00e9l\u00e9charger <strong><a href=\"https:\/\/www.sarahroubato.com\/wp-content\/uploads\/2018\/07\/affiche-resistances-au-feminin.pdf\">l&#8217;affiche de l&#8217;\u00e9v\u00e9nement<\/a><\/strong><\/p>\n<p>besoins techniques : piano \u00e9lectrique 88 touches, toucher lourd, p\u00e9dale sustain, enceintes \u00e0 relier au piano ou bonnes enceintes int\u00e9gr\u00e9es. Si la salle est grande : enceintes et consoles pour accueillir un syst\u00e8me HF Sennheiser (entr\u00e9e XLR)<\/p>\n<p><img loading=\"lazy\" class=\"size-full wp-image-3182 aligncenter\" src=\"https:\/\/www.sarahroubato.com\/wp-content\/uploads\/2018\/07\/Capture-d&rsquo;e\u0301cran-2019-03-21-a\u0300-01.23.32.png\" alt=\"\" width=\"875\" height=\"290\" \/><strong style=\"line-height: 1.5;\">Atelier \u00abTrouve le verbe de ta vie\u00bb<\/strong><\/p>\n<p>R\u00e9unir parents, adolescents, et \u00e9ventuellement corps enseignants, pour leur donner l\u2019occasion de se parler, de d\u00e9voiler les peurs les frustrations les envies, autour de la question de l\u2019orientation, et proposer d\u2019envisager autrement nos chemins de vie.<\/p>\n<p>&#8211; PR\u00c9SENTATION ARTISTIQUE : (20-30 minutes) : lecture de la lettre \u00e0 un ado, courtes \u00e9coutes sonores (Jacques Brel, Jacques Pr\u00e9vert), chansons guitare<\/p>\n<p>&#8211; DISCUSSIONS\u00a0: autour des enjeux pos\u00e9s<\/p>\n<p>&#8211; ATELIER\u00a0: que adultes et adolescents s\u2019entraident pour trouver des verbes \u00e0 partir de leurs envies, chercher le verbe sous le m\u00e9tier \/ les activit\u00e9s de leurs parents, inventer un m\u00e9tier \u00e0 partir de plusieurs verbes, etc.<\/p>\n<p>dur\u00e9e\u00a0id\u00e9ale\u00a0: en petits groupes, deux fois 1h30<\/p>\n<p><iframe loading=\"lazy\" src=\"https:\/\/www.youtube.com\/embed\/aY1et6mlSGo\" width=\"560\" height=\"315\" frameborder=\"0\" allowfullscreen=\"allowfullscreen\"><\/iframe><\/p>\n<p><img loading=\"lazy\" class=\"wp-image-3183 alignleft\" src=\"https:\/\/www.sarahroubato.com\/wp-content\/uploads\/2018\/07\/Sarah-officielle-683x1024.jpg\" alt=\"\" width=\"234\" height=\"351\" srcset=\"https:\/\/www.sarahroubato.com\/wp-content\/uploads\/2018\/07\/Sarah-officielle-683x1024.jpg 683w, https:\/\/www.sarahroubato.com\/wp-content\/uploads\/2018\/07\/Sarah-officielle-100x150.jpg 100w, https:\/\/www.sarahroubato.com\/wp-content\/uploads\/2018\/07\/Sarah-officielle-200x300.jpg 200w, https:\/\/www.sarahroubato.com\/wp-content\/uploads\/2018\/07\/Sarah-officielle-768x1152.jpg 768w, https:\/\/www.sarahroubato.com\/wp-content\/uploads\/2018\/07\/Sarah-officielle-600x900.jpg 600w\" sizes=\"(max-width: 234px) 100vw, 234px\" \/><\/p>\n<p><strong>\u00c0 propos de Sarah Roubato<\/strong><\/p>\n<p>Pisteuse de paroles, \u00e9couteuse \u00e0 temps plein, anthropologue, auteur compositeur interpr\u00e8te, bloggueuse, \u00e9crivain, Sarah Roubato travaille toujours avec les mots. Elle les \u00e9crit, les chante ou les enregistre.<\/p>\n<p>Sur son blog, Sarah questionne les grands enjeux contemporains \u2013 notre rapport au vivant, aux nouvelles technologies, \u00e0 la diversit\u00e9 \u2013 par la lorgnette du quotidien et de l\u2019infime. \u00c0 l\u2019\u00e9t\u00e9 2015, elle \u00e9crit dans un cahier des lettres adress\u00e9es \u00e0 destinataires qui ne peuvent pas r\u00e9pondre. En novembre, une semaine apr\u00e8s les attentats du Bataclan, elle \u00e9crit sur le blog de Mediapart \u00ab\u00a0Lettre \u00e0 ma g\u00e9n\u00e9ration\u00a0: pourquoi je n\u2019irai pas qu\u2019en terrasse\u00a0\u00bb. Ce billet post\u00e9 sur un groupe Facebook est lu par 1.5 millions de personnes en trois jours, devenant l\u2019article le plus lu de l\u2019histoire du journal. Le recueil <em>Lettres \u00e0 ma g\u00e9n\u00e9ration <\/em>(ed Michel Lafon) est son premier livre. Une autre lettre publi\u00e9e sur internet, <em>Lettre \u00e0 un ado &#8211; Trouve le verbe de ta vie<\/em>, sort en livre aux \u00e9ditions La Nage de l&#8217;Ourse en juin 2018. Son premier roman,\u00a0<em>Trente ans dans une heure<\/em>, para\u00eet en septembre 2018 aux \u00e9ditions Publie.net.<\/p>\n<p>Au Qu\u00e9bec et en France, elle cr\u00e9e des spectacles solo qu&#8217;elle interpr\u00e8te au piano et \u00e0 la guitare :\u00a0<em>Puissances endormies<\/em>, spectacle pour piano guitare et poubelle,\u00a0<em>Lettres \u00e0 ma g\u00e9n\u00e9ration\u00a0<\/em>et\u00a0<em>Je ne sais pas dire je t&#8217;aime<\/em> (chansons de Barbara).<\/p>\n<p>Depuis deux ans, Sarah met \u00e0 profit sa m\u00e9thode anthropologique, son oreille musicale et son amour des mots, en enregistrant des personnes qui r\u00e9inventent leur m\u00e9tier. Elle cr\u00e9e une s\u00e9rie de portraits sonores, <em>L\u2019extraordinaire au quotidien<\/em>, qu\u2019elle pr\u00e9sente dans des veill\u00e9es d\u2019\u00e9coutes collectives. En 2018, elle est invit\u00e9e par Michel Onfray \u00e0 donner \u00e0 l\u2019Universit\u00e9 Populaire de Caen un s\u00e9minaire \u00e0 partir de ses recherches, <em>Anthropologie des semeurs du changement<\/em>. Elle s\u2019attelle \u00e0 de nouveaux manuscrits et organise plusieurs tourn\u00e9es par an aupr\u00e8s de ses lecteurs.<\/p>\n<p><strong>Les lieux<a href=\"https:\/\/www.sarahroubato.com\/wp-content\/uploads\/2018\/06\/IMG_1710.jpg\"><img loading=\"lazy\" class=\" wp-image-2497 alignleft\" src=\"https:\/\/www.sarahroubato.com\/wp-content\/uploads\/2018\/06\/IMG_1710-768x1024.jpg\" alt=\"IMG_1710\" width=\"303\" height=\"404\" srcset=\"https:\/\/www.sarahroubato.com\/wp-content\/uploads\/2018\/06\/IMG_1710-768x1024.jpg 768w, https:\/\/www.sarahroubato.com\/wp-content\/uploads\/2018\/06\/IMG_1710-113x150.jpg 113w, https:\/\/www.sarahroubato.com\/wp-content\/uploads\/2018\/06\/IMG_1710-225x300.jpg 225w, https:\/\/www.sarahroubato.com\/wp-content\/uploads\/2018\/06\/IMG_1710-600x800.jpg 600w\" sizes=\"(max-width: 303px) 100vw, 303px\" \/><\/a><\/strong><\/p>\n<p>Dans votre salon, le fournil d&#8217;un boulanger, un th\u00e9\u00e2tre, une galerie d&#8217;art, un salon de coiffure, une yourte, un ch\u00e2teau&#8230;<\/p>\n<p><strong>Le mod\u00e8le \u00e9conomique\u00a0<\/strong><\/p>\n<p>Cachet et entr\u00e9e libre, participation volontaire, prix fixe, offrir la soir\u00e9e aux invit\u00e9s, le passeur choisit la formule qui lui convient et assure le minimum demand\u00e9 et les frais de transport partag\u00e9s, qui seront divis\u00e9s entre le nombre de participants \u00e0 la tourn\u00e9e (donc peut revenir entre 10 et 30 euros)<\/p>\n<p>pour les cin\u00e9mas sonores et conf\u00e9rence :<\/p>\n<p>150\u20ac en-dessous de 15 personnes<br \/>\n200\u20ac\u00a0entre 15 et 20 personnes<\/p>\n<p>au-del\u00e0 : b\u00e9n\u00e9fices en sus<\/p>\n<p>deux veill\u00e9es de suite : 350\u20ac<\/p>\n<p>spectacle : 400\u20ac<\/p>\n<p>pour l&#8217;atelier : \u00e0 discuter selon nombre de personnes et le temps<\/p>\n<p>Sarah accepte aussi les denr\u00e9es\u00a0en nature &#8211;\u00a0avis aux cr\u00e8mes de ch\u00e2taignes, miels, confitures, conserves en tout genre&#8230;tant que \u00e7a pique pas ! et les \u00e9changes de service\u00a0<a href=\"https:\/\/www.sarahroubato.com\/wp-content\/uploads\/2017\/11\/IMG_1954.jpg\"><img loading=\"lazy\" class=\" wp-image-1819 alignright\" src=\"https:\/\/www.sarahroubato.com\/wp-content\/uploads\/2017\/11\/IMG_1954-1024x768.jpg\" alt=\"IMG_1954\" width=\"364\" height=\"272\" srcset=\"https:\/\/www.sarahroubato.com\/wp-content\/uploads\/2017\/11\/IMG_1954-1024x768.jpg 1024w, https:\/\/www.sarahroubato.com\/wp-content\/uploads\/2017\/11\/IMG_1954-150x113.jpg 150w, https:\/\/www.sarahroubato.com\/wp-content\/uploads\/2017\/11\/IMG_1954-300x225.jpg 300w, https:\/\/www.sarahroubato.com\/wp-content\/uploads\/2017\/11\/IMG_1954-600x450.jpg 600w\" sizes=\"(max-width: 364px) 100vw, 364px\" \/><\/a><\/p>\n<p>&nbsp;<\/p>\n<p>Pour voir des retours de tourn\u00e9es cliquez\u00a0<a href=\"https:\/\/www.sarahroubato.com\/po\/lesveillees\" class=\"broken_link\">\u00a0<strong>ici\u00a0<\/strong><\/a><\/p>\n<p>&nbsp;<\/p>","protected":false},"excerpt":{"rendered":"<p>Qu\u2019est-ce qu\u2019une veill\u00e9e\u00a0? VEILL\u00c9E\u00a0: moment suspendu entre la fin du repas et le coucher, o\u00f9 les gens se r\u00e9unissent en famille ou entre voisinage. Faire en sorte que\u00a0de\u00a0la proposition artistique\u00a0\u00e9merge une discussion citoyenne&#8230; voil\u00e0 l&#8217;ambition de ces veill\u00e9es. Nous sommes assis dans un th\u00e9\u00e2tre, autour d\u2019une table dans un espace de coworking, dans une salle [&hellip;]<\/p>\n","protected":false},"author":2,"featured_media":2490,"comment_status":"open","ping_status":"open","sticky":false,"template":"","format":"standard","meta":{"spay_email":""},"categories":[471,522],"tags":[],"acf":[],"yoast_head":"<!-- This site is optimized with the Yoast SEO plugin v18.4.1 - https:\/\/yoast.com\/wordpress\/plugins\/seo\/ -->\n<title>Inviter Sarah Roubato dans votre coin pour une veill\u00e9e - Sarah Roubato<\/title>\n<meta name=\"robots\" content=\"index, follow, max-snippet:-1, max-image-preview:large, max-video-preview:-1\" \/>\n<link rel=\"canonical\" href=\"https:\/\/www.sarahroubato.com\/es\/agenda\/veillees\/\" \/>\n<meta property=\"og:locale\" content=\"es_ES\" \/>\n<meta property=\"og:type\" content=\"article\" \/>\n<meta property=\"og:title\" content=\"Inviter Sarah Roubato dans votre coin pour une veill\u00e9e - Sarah Roubato\" \/>\n<meta property=\"og:description\" content=\"Qu\u2019est-ce qu\u2019une veill\u00e9e\u00a0? VEILL\u00c9E\u00a0: moment suspendu entre la fin du repas et le coucher, o\u00f9 les gens se r\u00e9unissent en famille ou entre voisinage. Faire en sorte que\u00a0de\u00a0la proposition artistique\u00a0\u00e9merge une discussion citoyenne&#8230; voil\u00e0 l&#8217;ambition de ces veill\u00e9es. Nous sommes assis dans un th\u00e9\u00e2tre, autour d\u2019une table dans un espace de coworking, dans une salle [&hellip;]\" \/>\n<meta property=\"og:url\" content=\"https:\/\/www.sarahroubato.com\/es\/agenda\/veillees\/\" \/>\n<meta property=\"og:site_name\" content=\"Sarah Roubato\" \/>\n<meta property=\"article:author\" content=\"https:\/\/www.facebook.com\/SarahRubato\" \/>\n<meta property=\"article:published_time\" content=\"2020-02-25T07:51:42+00:00\" \/>\n<meta property=\"article:modified_time\" content=\"2021-10-18T15:53:24+00:00\" \/>\n<meta property=\"og:image\" content=\"https:\/\/www.sarahroubato.com\/wp-content\/uploads\/2018\/06\/guitare-sur-coussin.jpg\" \/>\n\t<meta property=\"og:image:width\" content=\"740\" \/>\n\t<meta property=\"og:image:height\" content=\"492\" \/>\n\t<meta property=\"og:image:type\" content=\"image\/jpeg\" \/>\n<meta name=\"twitter:card\" content=\"summary\" \/>\n<meta name=\"twitter:creator\" content=\"@SarahRubato\" \/>\n<meta name=\"twitter:label1\" content=\"Escrito por\" \/>\n\t<meta name=\"twitter:data1\" content=\"Sarah Roubato\" \/>\n\t<meta name=\"twitter:label2\" content=\"Tiempo de lectura\" \/>\n\t<meta name=\"twitter:data2\" content=\"21 minutos\" \/>\n<script type=\"application\/ld+json\" class=\"yoast-schema-graph\">{\"@context\":\"https:\/\/schema.org\",\"@graph\":[{\"@type\":\"WebSite\",\"@id\":\"https:\/\/www.sarahroubato.com\/#website\",\"url\":\"https:\/\/www.sarahroubato.com\/\",\"name\":\"Sarah Roubato\",\"description\":\"Desarrollar el potencial de las personas y de la sociedad\",\"potentialAction\":[{\"@type\":\"SearchAction\",\"target\":{\"@type\":\"EntryPoint\",\"urlTemplate\":\"https:\/\/www.sarahroubato.com\/?s={search_term_string}\"},\"query-input\":\"required name=search_term_string\"}],\"inLanguage\":\"es\"},{\"@type\":\"ImageObject\",\"@id\":\"https:\/\/www.sarahroubato.com\/es\/agenda\/veillees\/#primaryimage\",\"inLanguage\":\"es\",\"url\":\"https:\/\/www.sarahroubato.com\/wp-content\/uploads\/2018\/06\/guitare-sur-coussin.jpg\",\"contentUrl\":\"https:\/\/www.sarahroubato.com\/wp-content\/uploads\/2018\/06\/guitare-sur-coussin.jpg\",\"width\":740,\"height\":492,\"caption\":\"SONY DSC\"},{\"@type\":\"WebPage\",\"@id\":\"https:\/\/www.sarahroubato.com\/es\/agenda\/veillees\/#webpage\",\"url\":\"https:\/\/www.sarahroubato.com\/es\/agenda\/veillees\/\",\"name\":\"Inviter Sarah Roubato dans votre coin pour une veill\u00e9e - Sarah Roubato\",\"isPartOf\":{\"@id\":\"https:\/\/www.sarahroubato.com\/#website\"},\"primaryImageOfPage\":{\"@id\":\"https:\/\/www.sarahroubato.com\/es\/agenda\/veillees\/#primaryimage\"},\"datePublished\":\"2020-02-25T07:51:42+00:00\",\"dateModified\":\"2021-10-18T15:53:24+00:00\",\"author\":{\"@id\":\"https:\/\/www.sarahroubato.com\/#\/schema\/person\/2685c6d7bef7b9e1a4080510ea89fc04\"},\"breadcrumb\":{\"@id\":\"https:\/\/www.sarahroubato.com\/es\/agenda\/veillees\/#breadcrumb\"},\"inLanguage\":\"es\",\"potentialAction\":[{\"@type\":\"ReadAction\",\"target\":[\"https:\/\/www.sarahroubato.com\/es\/agenda\/veillees\/\"]}]},{\"@type\":\"BreadcrumbList\",\"@id\":\"https:\/\/www.sarahroubato.com\/es\/agenda\/veillees\/#breadcrumb\",\"itemListElement\":[{\"@type\":\"ListItem\",\"position\":1,\"name\":\"Accueil\",\"item\":\"https:\/\/www.sarahroubato.com\/\"},{\"@type\":\"ListItem\",\"position\":2,\"name\":\"Inviter Sarah Roubato dans votre coin pour une veill\u00e9e\"}]},{\"@type\":\"Person\",\"@id\":\"https:\/\/www.sarahroubato.com\/#\/schema\/person\/2685c6d7bef7b9e1a4080510ea89fc04\",\"name\":\"Sarah Roubato\",\"image\":{\"@type\":\"ImageObject\",\"@id\":\"https:\/\/www.sarahroubato.com\/#personlogo\",\"inLanguage\":\"es\",\"url\":\"https:\/\/secure.gravatar.com\/avatar\/f3b82a096236e32f3cb63cbce13ffb3d?s=96&d=mm&r=g\",\"contentUrl\":\"https:\/\/secure.gravatar.com\/avatar\/f3b82a096236e32f3cb63cbce13ffb3d?s=96&d=mm&r=g\",\"caption\":\"Sarah Roubato\"},\"sameAs\":[\"https:\/\/www.facebook.com\/SarahRubato\",\"https:\/\/twitter.com\/SarahRubato\"],\"url\":\"https:\/\/www.sarahroubato.com\/es\/author\/sarah\/\"}]}<\/script>\n<!-- \/ Yoast SEO plugin. -->","yoast_head_json":{"title":"Inviter Sarah Roubato dans votre coin pour une veill\u00e9e - Sarah Roubato","robots":{"index":"index","follow":"follow","max-snippet":"max-snippet:-1","max-image-preview":"max-image-preview:large","max-video-preview":"max-video-preview:-1"},"canonical":"https:\/\/www.sarahroubato.com\/es\/agenda\/veillees\/","og_locale":"es_ES","og_type":"article","og_title":"Inviter Sarah Roubato dans votre coin pour une veill\u00e9e - Sarah Roubato","og_description":"Qu\u2019est-ce qu\u2019une veill\u00e9e\u00a0? VEILL\u00c9E\u00a0: moment suspendu entre la fin du repas et le coucher, o\u00f9 les gens se r\u00e9unissent en famille ou entre voisinage. Faire en sorte que\u00a0de\u00a0la proposition artistique\u00a0\u00e9merge une discussion citoyenne&#8230; voil\u00e0 l&#8217;ambition de ces veill\u00e9es. Nous sommes assis dans un th\u00e9\u00e2tre, autour d\u2019une table dans un espace de coworking, dans une salle [&hellip;]","og_url":"https:\/\/www.sarahroubato.com\/es\/agenda\/veillees\/","og_site_name":"Sarah Roubato","article_author":"https:\/\/www.facebook.com\/SarahRubato","article_published_time":"2020-02-25T07:51:42+00:00","article_modified_time":"2021-10-18T15:53:24+00:00","og_image":[{"width":740,"height":492,"url":"https:\/\/www.sarahroubato.com\/wp-content\/uploads\/2018\/06\/guitare-sur-coussin.jpg","type":"image\/jpeg"}],"twitter_card":"summary","twitter_creator":"@SarahRubato","twitter_misc":{"Escrito por":"Sarah Roubato","Tiempo de lectura":"21 minutos"},"schema":{"@context":"https:\/\/schema.org","@graph":[{"@type":"WebSite","@id":"https:\/\/www.sarahroubato.com\/#website","url":"https:\/\/www.sarahroubato.com\/","name":"Sarah Roubato","description":"Desarrollar el potencial de las personas y de la sociedad","potentialAction":[{"@type":"SearchAction","target":{"@type":"EntryPoint","urlTemplate":"https:\/\/www.sarahroubato.com\/?s={search_term_string}"},"query-input":"required name=search_term_string"}],"inLanguage":"es"},{"@type":"ImageObject","@id":"https:\/\/www.sarahroubato.com\/es\/agenda\/veillees\/#primaryimage","inLanguage":"es","url":"https:\/\/www.sarahroubato.com\/wp-content\/uploads\/2018\/06\/guitare-sur-coussin.jpg","contentUrl":"https:\/\/www.sarahroubato.com\/wp-content\/uploads\/2018\/06\/guitare-sur-coussin.jpg","width":740,"height":492,"caption":"SONY DSC"},{"@type":"WebPage","@id":"https:\/\/www.sarahroubato.com\/es\/agenda\/veillees\/#webpage","url":"https:\/\/www.sarahroubato.com\/es\/agenda\/veillees\/","name":"Inviter Sarah Roubato dans votre coin pour une veill\u00e9e - Sarah Roubato","isPartOf":{"@id":"https:\/\/www.sarahroubato.com\/#website"},"primaryImageOfPage":{"@id":"https:\/\/www.sarahroubato.com\/es\/agenda\/veillees\/#primaryimage"},"datePublished":"2020-02-25T07:51:42+00:00","dateModified":"2021-10-18T15:53:24+00:00","author":{"@id":"https:\/\/www.sarahroubato.com\/#\/schema\/person\/2685c6d7bef7b9e1a4080510ea89fc04"},"breadcrumb":{"@id":"https:\/\/www.sarahroubato.com\/es\/agenda\/veillees\/#breadcrumb"},"inLanguage":"es","potentialAction":[{"@type":"ReadAction","target":["https:\/\/www.sarahroubato.com\/es\/agenda\/veillees\/"]}]},{"@type":"BreadcrumbList","@id":"https:\/\/www.sarahroubato.com\/es\/agenda\/veillees\/#breadcrumb","itemListElement":[{"@type":"ListItem","position":1,"name":"Accueil","item":"https:\/\/www.sarahroubato.com\/"},{"@type":"ListItem","position":2,"name":"Inviter Sarah Roubato dans votre coin pour une veill\u00e9e"}]},{"@type":"Person","@id":"https:\/\/www.sarahroubato.com\/#\/schema\/person\/2685c6d7bef7b9e1a4080510ea89fc04","name":"Sarah Roubato","image":{"@type":"ImageObject","@id":"https:\/\/www.sarahroubato.com\/#personlogo","inLanguage":"es","url":"https:\/\/secure.gravatar.com\/avatar\/f3b82a096236e32f3cb63cbce13ffb3d?s=96&d=mm&r=g","contentUrl":"https:\/\/secure.gravatar.com\/avatar\/f3b82a096236e32f3cb63cbce13ffb3d?s=96&d=mm&r=g","caption":"Sarah Roubato"},"sameAs":["https:\/\/www.facebook.com\/SarahRubato","https:\/\/twitter.com\/SarahRubato"],"url":"https:\/\/www.sarahroubato.com\/es\/author\/sarah\/"}]}},"jetpack_featured_media_url":"https:\/\/www.sarahroubato.com\/wp-content\/uploads\/2018\/06\/guitare-sur-coussin.jpg","_links":{"self":[{"href":"https:\/\/www.sarahroubato.com\/es\/wp-json\/wp\/v2\/posts\/2489"}],"collection":[{"href":"https:\/\/www.sarahroubato.com\/es\/wp-json\/wp\/v2\/posts"}],"about":[{"href":"https:\/\/www.sarahroubato.com\/es\/wp-json\/wp\/v2\/types\/post"}],"author":[{"embeddable":true,"href":"https:\/\/www.sarahroubato.com\/es\/wp-json\/wp\/v2\/users\/2"}],"replies":[{"embeddable":true,"href":"https:\/\/www.sarahroubato.com\/es\/wp-json\/wp\/v2\/comments?post=2489"}],"version-history":[{"count":82,"href":"https:\/\/www.sarahroubato.com\/es\/wp-json\/wp\/v2\/posts\/2489\/revisions"}],"predecessor-version":[{"id":5497,"href":"https:\/\/www.sarahroubato.com\/es\/wp-json\/wp\/v2\/posts\/2489\/revisions\/5497"}],"wp:featuredmedia":[{"embeddable":true,"href":"https:\/\/www.sarahroubato.com\/es\/wp-json\/wp\/v2\/media\/2490"}],"wp:attachment":[{"href":"https:\/\/www.sarahroubato.com\/es\/wp-json\/wp\/v2\/media?parent=2489"}],"wp:term":[{"taxonomy":"category","embeddable":true,"href":"https:\/\/www.sarahroubato.com\/es\/wp-json\/wp\/v2\/categories?post=2489"},{"taxonomy":"post_tag","embeddable":true,"href":"https:\/\/www.sarahroubato.com\/es\/wp-json\/wp\/v2\/tags?post=2489"}],"curies":[{"name":"wp","href":"https:\/\/api.w.org\/{rel}","templated":true}]}}