
{"id":287,"date":"2014-07-25T03:10:35","date_gmt":"2014-07-25T03:10:35","guid":{"rendered":"https:\/\/www.sarahroubato.com\/?p=287"},"modified":"2020-05-14T18:39:46","modified_gmt":"2020-05-14T16:39:46","slug":"qui-promene-son-chien-est-au-bout-de-la-laisse","status":"publish","type":"post","link":"https:\/\/www.sarahroubato.com\/es\/cequinousarrive\/qui-promene-son-chien-est-au-bout-de-la-laisse\/","title":{"rendered":"Qui prom\u00e8ne son chien&#8230; est au bout de la laisse"},"content":{"rendered":"<p><a href=\"https:\/\/www.paypal.me\/sarahroubatofr\"><img loading=\"lazy\" class=\" size-medium wp-image-1026 aligncenter\" src=\"https:\/\/www.sarahroubato.com\/wp-content\/uploads\/2015\/12\/mafalda9-300x214.jpg\" alt=\"mafalda9\" width=\"300\" height=\"214\" srcset=\"https:\/\/www.sarahroubato.com\/wp-content\/uploads\/2015\/12\/mafalda9-300x214.jpg 300w, https:\/\/www.sarahroubato.com\/wp-content\/uploads\/2015\/12\/mafalda9-150x107.jpg 150w, https:\/\/www.sarahroubato.com\/wp-content\/uploads\/2015\/12\/mafalda9.jpg 378w\" sizes=\"(max-width: 300px) 100vw, 300px\" \/><\/a><\/p>\n<p>Parc Jarry, pr\u00e8s du lac, par un bel apr\u00e8s-midi d\u2019\u00e9t\u00e9. Derri\u00e8re le panneau mentionnant qu\u2019il est interdit de nourrir les animaux car cela leur retire leur instinct naturel, des enfants s\u2019amusent \u00e0 lancer du pain aux canards. Les parents veillent. Puisque \u00e7a les amuse\u2026 Et puis c\u2019est gentil de vouloir donner \u00e0 manger aux animaux. Sur l\u2019herbe, un homme est assis avec son chien. Soudain le chien bondit, se jette dans le petit lac pour effrayer les canards. L\u2019homme lui court apr\u00e8s\u00a0: \u00ab\u00a0Reviens ici tout de suite\u00a0!\u00a0I- CI\u00a0!\u00a0\u00bb. Le chien sort de l\u2019eau. L\u2019homme l\u2019am\u00e8ne \u00e0 l\u2019\u00e9cart pour lui expliquer\u00a0: \u00ab\u00a0C\u2019\u00e9tait ridicule ce que tu as fait. C\u2019est stupide. Non\u00a0! Pas bien\u00a0! Si tu continues on rentre \u00e0 la maison\u00a0!\u00a0Assis\u00a0! Assis\u00a0!\u00a0\u00bb Le chien a reconnu l\u2019ordre. Il s\u2019assoit et attend que son ma\u00eetre soit pr\u00eat \u00e0 partir. Pas s\u00fbr qu\u2019il ait compris sa faute. Assailli par des milliers de signaux olfactifs, il n\u2019a fait qu\u2019ob\u00e9ir \u00e0 son instinct. Il n\u2019a fait qu\u2019\u00eatre chien.<\/p>\n<p>&nbsp;<\/p>\n<p>Le chien est domestiqu\u00e9 depuis le Pal\u00e9olithique. Le principe de la domestication est toujours le m\u00eame\u00a0: l\u2019homme rend l\u2019animal d\u00e9pendant de lui pour sa subsistance. L\u2019animal le sait, et s\u2019adapte \u00e0 ce nouvel environnement. L\u2019attachement \u00e0 son ma\u00eetre devient une adaptation pour sa survie. Depuis les mill\u00e9naires ont pass\u00e9, et de nouvelles esp\u00e8ces sont n\u00e9es de la domestication. Aujourd\u2019hui la population urbaine est de plus en plus sensibilis\u00e9e \u00e0 la n\u00e9cessit\u00e9 de prot\u00e9ger les animaux, notamment par des films comme Save Willy, Black Fish, l\u2019Ours ou encore la Marche de l\u2019Empereur. La majest\u00e9 des animaux sauvages \u00e9merveille et attendrit\u00a0: oui il faut les tirer de ces enfers que sont les zoos et les parcs aquatiques.<\/p>\n<p>&nbsp;<\/p>\n<p>Rien \u00e0 voir a priori avec le fait d\u2019avoir un animal de compagnie. Et pourtant\u2026<\/p>\n<p>&nbsp;<\/p>\n<p><strong>\u00ab\u00a0Parfois il se retourne, inquiet, mais son inqui\u00e9tude se calme, <\/strong><\/p>\n<p><strong>comme il voit toujours derri\u00e8re lui, son ombre de viande inf\u00e9rieure<\/strong><\/p>\n<p><strong>son chien qui souffle mais toujours le suit. <\/strong><\/p>\n<p><strong>(Jacques Pr\u00e9vert, \u00ab\u00a0Un homme et un chien\u00a0\u00bb, <em>Spectacle<\/em>, 1949)<\/strong><\/p>\n<p>&nbsp;<\/p>\n<p>Pourtant la domestication de loisir satisfait les m\u00eames besoins que ceux que nous allons combler dans les zoos et parcs aquatiques. Quand le chimpanz\u00e9 dans sa cage fait des gestes si proches des n\u00f4tres, quand le phoque se recouvre le visage d\u00e8s que son dresseur dit \u00ab\u00a0Tu n\u2019as pas honte\u00a0\u00bb, quand notre chien se dresse sur ses pattes arri\u00e8re notre ordre, nous rions, nous aimons. Parce que cela cr\u00e9e un lien anthropomorphique \u00e0 l\u2019animal. C\u2019est un besoin profond\u00e9ment ancr\u00e9 en nous que de doter la nature d\u2019esprit, l\u2019animal de parole, depuis les mythes des civilisations les plus anciennes, jusqu\u2019aux dessins anim\u00e9s pour enfants o\u00f9 les animaux parlent, se tiennent debout et portent des v\u00eatements. Quand l\u2019homme a peur d\u2019un monde qu\u2019il ne conna\u00eet pas, il y imprime sa marque.<\/p>\n<p>&nbsp;<\/p>\n<p>Il existe des formes de domestication o\u00f9 l\u2019homme et le chien sont partenaires dans un but pr\u00e9cis\u00a0: la chasse, la surveillance des troupeaux, la locomotion (chiens de tra\u00eeneau). Ici le rapport est diff\u00e9rent, car l\u2019homme et l\u2019animal vivent en nature. Bien s\u00fbr l\u2019animal doit toujours ob\u00e9ir, mais l\u2019homme ne cherche pas \u00e0 an\u00e9antir son instinct, car il en a besoin. L\u2019animal domestique au contraire, devient une peluche vivante. Il vit, comme l\u2019\u00e9crit le th\u00e9oricien de l\u2019\u00e9cologie et l\u2019un des fondateurs de la psychologie sociale, Serge Moscovici, \u00ab\u00a0une vie d\u2019objet d\u2019art\u00a0\u00bb (<em>Autrement <\/em>n56, 1984), autour du d\u00e9sir de son ma\u00eetre. S\u2019il l\u2019amuse au bon moment, il obtiendra des marques d\u2019affection. Mais si le t\u00e9l\u00e9phone sonne, si c\u2019est l\u2019heure des devoirs ou du match, il subira l\u2019arr\u00eat brutal et incompr\u00e9hensible de ces amusements. Nul besoin d\u2019\u00eatre \u00e9cologiste ou d\u00e9fenseur des animaux pour prendre conscience de ces banales anomalies. Le simple bon sens suffit. L\u2019animal de compagnie est un divertissement parmi d\u2019autres. Nous l\u2019aimons. Nous avons besoin de lui.<\/p>\n<p>&nbsp;<\/p>\n<p><strong>\u00c9nigme\u00a0: <\/strong><\/p>\n<p><strong>Ils sont deux. <\/strong><\/p>\n<p><strong>Pourtant ils sont trois. <\/strong><\/p>\n<p><strong>(r\u00e9ponse\u00a0: un homme et un chien. Cela fait deux animaux et un humain.) <\/strong><\/p>\n<p>&nbsp;<\/p>\n<p>Il semble que nous ne puissions aimer les animaux que si nous y retrouvons quelque chose d\u2019humain. Dans les films animaliers \u00e0 succ\u00e8s, les animaux sauvages sont mis en sc\u00e8ne et leurs comportements sublim\u00e9s bien loin de la r\u00e9alit\u00e9 que connaissent les v\u00e9t\u00e9rinaires, les biologistes, les agents de parcs, ou les trappeurs. \u00ab Convoqu\u00e9s au seul titre de silhouettes, les animaux y jouent des r\u00f4les humains\u00a0\u00bb, d\u00e9plorait d\u00e9j\u00e0 l\u2019ethnologue \u00c9ric Conan il y a quinze ans (\u00ab\u00a0La zoophilie, maladie infantile de l\u2019\u00e9cologisme\u00a0\u00bb, <em>Esprit<\/em>, octobre 1989).<\/p>\n<p>&nbsp;<\/p>\n<p>\u00ab\u00a0Mais si \u00e7a aide \u00e0 prot\u00e9ger les animaux, c\u2019est ce qui compte\u00a0\u00bb, pourrait-on dire. Mais l\u2019utilit\u00e9 du geste ne dispense pas d\u2019interroger ses motivations. Quand les outils pour d\u00e9fendre la nature consistent \u00e0 rapprocher l\u2019animal de l\u2019homme, quel monde se profile \u00e0 l\u2019horizon\u00a0? La r\u00e9cente reconnaissance en Inde du dauphin comme \u00ab\u00a0personne humaine\u00a0\u00bb, entra\u00eenant l\u2019interdiction de sa captivit\u00e9, en est un exemple frappant. Bien s\u00fbr l\u2019intention est bonne, noble et courageuse. Mais la formule a \u00e9t\u00e9 malencontreusement invers\u00e9e\u00a0: \u00e7a n\u2019est plus l\u2019homme qui est un autre animal, mais l\u2019animal qui devient un autre homme.<\/p>\n<p>Nous les aimons comme personnes, nous les aimons comme jouets. Mais pas comme animaux. Jetons donc un coup d\u2019\u0153il de l\u2019autre c\u00f4t\u00e9 de la laisse.<\/p>\n<p>&nbsp;<\/p>\n<p><span style=\"border-radius: 2px; text-indent: 20px; width: auto; padding: 0px 4px 0px 0px; text-align: center; font: bold 11px\/20px 'Helvetica Neue',Helvetica,sans-serif; color: #ffffff; background: #bd081c  no-repeat scroll 3px 50% \/ 14px 14px; position: absolute; opacity: 1; z-index: 8675309; display: none; cursor: pointer;\">Enregistrer<\/span><\/p>","protected":false},"excerpt":{"rendered":"<p>Parc Jarry, pr\u00e8s du lac, par un bel apr\u00e8s-midi d\u2019\u00e9t\u00e9. Derri\u00e8re le panneau mentionnant qu\u2019il est interdit de nourrir les animaux car cela leur retire leur instinct naturel, des enfants s\u2019amusent \u00e0 lancer du pain aux canards. Les parents veillent. Puisque \u00e7a les amuse\u2026 Et puis c\u2019est gentil de vouloir donner \u00e0 manger aux animaux. [&hellip;]<\/p>\n","protected":false},"author":2,"featured_media":451,"comment_status":"open","ping_status":"open","sticky":false,"template":"","format":"standard","meta":{"spay_email":""},"categories":[17],"tags":[28,12],"acf":[],"yoast_head":"<!-- This site is optimized with the Yoast SEO plugin v18.4.1 - https:\/\/yoast.com\/wordpress\/plugins\/seo\/ -->\n<title>Qui prom\u00e8ne son chien... est au bout de la laisse - Sarah Roubato<\/title>\n<meta name=\"robots\" content=\"index, follow, max-snippet:-1, max-image-preview:large, max-video-preview:-1\" \/>\n<link rel=\"canonical\" href=\"https:\/\/www.sarahroubato.com\/es\/cequinousarrive\/qui-promene-son-chien-est-au-bout-de-la-laisse\/\" \/>\n<meta property=\"og:locale\" content=\"es_ES\" \/>\n<meta property=\"og:type\" content=\"article\" \/>\n<meta property=\"og:title\" content=\"Qui prom\u00e8ne son chien... est au bout de la laisse - Sarah Roubato\" \/>\n<meta property=\"og:description\" content=\"Parc Jarry, pr\u00e8s du lac, par un bel apr\u00e8s-midi d\u2019\u00e9t\u00e9. Derri\u00e8re le panneau mentionnant qu\u2019il est interdit de nourrir les animaux car cela leur retire leur instinct naturel, des enfants s\u2019amusent \u00e0 lancer du pain aux canards. Les parents veillent. Puisque \u00e7a les amuse\u2026 Et puis c\u2019est gentil de vouloir donner \u00e0 manger aux animaux. [&hellip;]\" \/>\n<meta property=\"og:url\" content=\"https:\/\/www.sarahroubato.com\/es\/cequinousarrive\/qui-promene-son-chien-est-au-bout-de-la-laisse\/\" \/>\n<meta property=\"og:site_name\" content=\"Sarah Roubato\" \/>\n<meta property=\"article:author\" content=\"https:\/\/www.facebook.com\/SarahRubato\" \/>\n<meta property=\"article:published_time\" content=\"2014-07-25T03:10:35+00:00\" \/>\n<meta property=\"article:modified_time\" content=\"2020-05-14T16:39:46+00:00\" \/>\n<meta property=\"og:image\" content=\"https:\/\/www.sarahroubato.com\/wp-content\/uploads\/2014\/07\/capture.jpg\" \/>\n\t<meta property=\"og:image:width\" content=\"219\" \/>\n\t<meta property=\"og:image:height\" content=\"171\" \/>\n\t<meta property=\"og:image:type\" content=\"image\/jpeg\" \/>\n<meta name=\"twitter:card\" content=\"summary\" \/>\n<meta name=\"twitter:creator\" content=\"@SarahRubato\" \/>\n<meta name=\"twitter:label1\" content=\"Escrito por\" \/>\n\t<meta name=\"twitter:data1\" content=\"Sarah Roubato\" \/>\n\t<meta name=\"twitter:label2\" content=\"Tiempo de lectura\" \/>\n\t<meta name=\"twitter:data2\" content=\"15 minutos\" \/>\n<script type=\"application\/ld+json\" class=\"yoast-schema-graph\">{\"@context\":\"https:\/\/schema.org\",\"@graph\":[{\"@type\":\"WebSite\",\"@id\":\"https:\/\/www.sarahroubato.com\/#website\",\"url\":\"https:\/\/www.sarahroubato.com\/\",\"name\":\"Sarah Roubato\",\"description\":\"Desarrollar el potencial de las personas y de la sociedad\",\"potentialAction\":[{\"@type\":\"SearchAction\",\"target\":{\"@type\":\"EntryPoint\",\"urlTemplate\":\"https:\/\/www.sarahroubato.com\/?s={search_term_string}\"},\"query-input\":\"required name=search_term_string\"}],\"inLanguage\":\"es\"},{\"@type\":\"ImageObject\",\"@id\":\"https:\/\/www.sarahroubato.com\/es\/cequinousarrive\/qui-promene-son-chien-est-au-bout-de-la-laisse\/#primaryimage\",\"inLanguage\":\"es\",\"url\":\"https:\/\/www.sarahroubato.com\/wp-content\/uploads\/2014\/07\/capture.jpg\",\"contentUrl\":\"https:\/\/www.sarahroubato.com\/wp-content\/uploads\/2014\/07\/capture.jpg\",\"width\":219,\"height\":171},{\"@type\":\"WebPage\",\"@id\":\"https:\/\/www.sarahroubato.com\/es\/cequinousarrive\/qui-promene-son-chien-est-au-bout-de-la-laisse\/#webpage\",\"url\":\"https:\/\/www.sarahroubato.com\/es\/cequinousarrive\/qui-promene-son-chien-est-au-bout-de-la-laisse\/\",\"name\":\"Qui prom\u00e8ne son chien... est au bout de la laisse - Sarah Roubato\",\"isPartOf\":{\"@id\":\"https:\/\/www.sarahroubato.com\/#website\"},\"primaryImageOfPage\":{\"@id\":\"https:\/\/www.sarahroubato.com\/es\/cequinousarrive\/qui-promene-son-chien-est-au-bout-de-la-laisse\/#primaryimage\"},\"datePublished\":\"2014-07-25T03:10:35+00:00\",\"dateModified\":\"2020-05-14T16:39:46+00:00\",\"author\":{\"@id\":\"https:\/\/www.sarahroubato.com\/#\/schema\/person\/2685c6d7bef7b9e1a4080510ea89fc04\"},\"breadcrumb\":{\"@id\":\"https:\/\/www.sarahroubato.com\/es\/cequinousarrive\/qui-promene-son-chien-est-au-bout-de-la-laisse\/#breadcrumb\"},\"inLanguage\":\"es\",\"potentialAction\":[{\"@type\":\"ReadAction\",\"target\":[\"https:\/\/www.sarahroubato.com\/es\/cequinousarrive\/qui-promene-son-chien-est-au-bout-de-la-laisse\/\"]}]},{\"@type\":\"BreadcrumbList\",\"@id\":\"https:\/\/www.sarahroubato.com\/es\/cequinousarrive\/qui-promene-son-chien-est-au-bout-de-la-laisse\/#breadcrumb\",\"itemListElement\":[{\"@type\":\"ListItem\",\"position\":1,\"name\":\"Accueil\",\"item\":\"https:\/\/www.sarahroubato.com\/\"},{\"@type\":\"ListItem\",\"position\":2,\"name\":\"Qui prom\u00e8ne son chien&#8230; est au bout de la laisse\"}]},{\"@type\":\"Person\",\"@id\":\"https:\/\/www.sarahroubato.com\/#\/schema\/person\/2685c6d7bef7b9e1a4080510ea89fc04\",\"name\":\"Sarah Roubato\",\"image\":{\"@type\":\"ImageObject\",\"@id\":\"https:\/\/www.sarahroubato.com\/#personlogo\",\"inLanguage\":\"es\",\"url\":\"https:\/\/secure.gravatar.com\/avatar\/f3b82a096236e32f3cb63cbce13ffb3d?s=96&d=mm&r=g\",\"contentUrl\":\"https:\/\/secure.gravatar.com\/avatar\/f3b82a096236e32f3cb63cbce13ffb3d?s=96&d=mm&r=g\",\"caption\":\"Sarah Roubato\"},\"sameAs\":[\"https:\/\/www.facebook.com\/SarahRubato\",\"https:\/\/twitter.com\/SarahRubato\"],\"url\":\"https:\/\/www.sarahroubato.com\/es\/author\/sarah\/\"}]}<\/script>\n<!-- \/ Yoast SEO plugin. -->","yoast_head_json":{"title":"Qui prom\u00e8ne son chien... est au bout de la laisse - Sarah Roubato","robots":{"index":"index","follow":"follow","max-snippet":"max-snippet:-1","max-image-preview":"max-image-preview:large","max-video-preview":"max-video-preview:-1"},"canonical":"https:\/\/www.sarahroubato.com\/es\/cequinousarrive\/qui-promene-son-chien-est-au-bout-de-la-laisse\/","og_locale":"es_ES","og_type":"article","og_title":"Qui prom\u00e8ne son chien... est au bout de la laisse - Sarah Roubato","og_description":"Parc Jarry, pr\u00e8s du lac, par un bel apr\u00e8s-midi d\u2019\u00e9t\u00e9. Derri\u00e8re le panneau mentionnant qu\u2019il est interdit de nourrir les animaux car cela leur retire leur instinct naturel, des enfants s\u2019amusent \u00e0 lancer du pain aux canards. Les parents veillent. Puisque \u00e7a les amuse\u2026 Et puis c\u2019est gentil de vouloir donner \u00e0 manger aux animaux. [&hellip;]","og_url":"https:\/\/www.sarahroubato.com\/es\/cequinousarrive\/qui-promene-son-chien-est-au-bout-de-la-laisse\/","og_site_name":"Sarah Roubato","article_author":"https:\/\/www.facebook.com\/SarahRubato","article_published_time":"2014-07-25T03:10:35+00:00","article_modified_time":"2020-05-14T16:39:46+00:00","og_image":[{"width":219,"height":171,"url":"https:\/\/www.sarahroubato.com\/wp-content\/uploads\/2014\/07\/capture.jpg","type":"image\/jpeg"}],"twitter_card":"summary","twitter_creator":"@SarahRubato","twitter_misc":{"Escrito por":"Sarah Roubato","Tiempo de lectura":"15 minutos"},"schema":{"@context":"https:\/\/schema.org","@graph":[{"@type":"WebSite","@id":"https:\/\/www.sarahroubato.com\/#website","url":"https:\/\/www.sarahroubato.com\/","name":"Sarah Roubato","description":"Desarrollar el potencial de las personas y de la sociedad","potentialAction":[{"@type":"SearchAction","target":{"@type":"EntryPoint","urlTemplate":"https:\/\/www.sarahroubato.com\/?s={search_term_string}"},"query-input":"required name=search_term_string"}],"inLanguage":"es"},{"@type":"ImageObject","@id":"https:\/\/www.sarahroubato.com\/es\/cequinousarrive\/qui-promene-son-chien-est-au-bout-de-la-laisse\/#primaryimage","inLanguage":"es","url":"https:\/\/www.sarahroubato.com\/wp-content\/uploads\/2014\/07\/capture.jpg","contentUrl":"https:\/\/www.sarahroubato.com\/wp-content\/uploads\/2014\/07\/capture.jpg","width":219,"height":171},{"@type":"WebPage","@id":"https:\/\/www.sarahroubato.com\/es\/cequinousarrive\/qui-promene-son-chien-est-au-bout-de-la-laisse\/#webpage","url":"https:\/\/www.sarahroubato.com\/es\/cequinousarrive\/qui-promene-son-chien-est-au-bout-de-la-laisse\/","name":"Qui prom\u00e8ne son chien... est au bout de la laisse - Sarah Roubato","isPartOf":{"@id":"https:\/\/www.sarahroubato.com\/#website"},"primaryImageOfPage":{"@id":"https:\/\/www.sarahroubato.com\/es\/cequinousarrive\/qui-promene-son-chien-est-au-bout-de-la-laisse\/#primaryimage"},"datePublished":"2014-07-25T03:10:35+00:00","dateModified":"2020-05-14T16:39:46+00:00","author":{"@id":"https:\/\/www.sarahroubato.com\/#\/schema\/person\/2685c6d7bef7b9e1a4080510ea89fc04"},"breadcrumb":{"@id":"https:\/\/www.sarahroubato.com\/es\/cequinousarrive\/qui-promene-son-chien-est-au-bout-de-la-laisse\/#breadcrumb"},"inLanguage":"es","potentialAction":[{"@type":"ReadAction","target":["https:\/\/www.sarahroubato.com\/es\/cequinousarrive\/qui-promene-son-chien-est-au-bout-de-la-laisse\/"]}]},{"@type":"BreadcrumbList","@id":"https:\/\/www.sarahroubato.com\/es\/cequinousarrive\/qui-promene-son-chien-est-au-bout-de-la-laisse\/#breadcrumb","itemListElement":[{"@type":"ListItem","position":1,"name":"Accueil","item":"https:\/\/www.sarahroubato.com\/"},{"@type":"ListItem","position":2,"name":"Qui prom\u00e8ne son chien&#8230; est au bout de la laisse"}]},{"@type":"Person","@id":"https:\/\/www.sarahroubato.com\/#\/schema\/person\/2685c6d7bef7b9e1a4080510ea89fc04","name":"Sarah Roubato","image":{"@type":"ImageObject","@id":"https:\/\/www.sarahroubato.com\/#personlogo","inLanguage":"es","url":"https:\/\/secure.gravatar.com\/avatar\/f3b82a096236e32f3cb63cbce13ffb3d?s=96&d=mm&r=g","contentUrl":"https:\/\/secure.gravatar.com\/avatar\/f3b82a096236e32f3cb63cbce13ffb3d?s=96&d=mm&r=g","caption":"Sarah Roubato"},"sameAs":["https:\/\/www.facebook.com\/SarahRubato","https:\/\/twitter.com\/SarahRubato"],"url":"https:\/\/www.sarahroubato.com\/es\/author\/sarah\/"}]}},"jetpack_featured_media_url":"https:\/\/www.sarahroubato.com\/wp-content\/uploads\/2014\/07\/capture.jpg","_links":{"self":[{"href":"https:\/\/www.sarahroubato.com\/es\/wp-json\/wp\/v2\/posts\/287"}],"collection":[{"href":"https:\/\/www.sarahroubato.com\/es\/wp-json\/wp\/v2\/posts"}],"about":[{"href":"https:\/\/www.sarahroubato.com\/es\/wp-json\/wp\/v2\/types\/post"}],"author":[{"embeddable":true,"href":"https:\/\/www.sarahroubato.com\/es\/wp-json\/wp\/v2\/users\/2"}],"replies":[{"embeddable":true,"href":"https:\/\/www.sarahroubato.com\/es\/wp-json\/wp\/v2\/comments?post=287"}],"version-history":[{"count":6,"href":"https:\/\/www.sarahroubato.com\/es\/wp-json\/wp\/v2\/posts\/287\/revisions"}],"predecessor-version":[{"id":4389,"href":"https:\/\/www.sarahroubato.com\/es\/wp-json\/wp\/v2\/posts\/287\/revisions\/4389"}],"wp:featuredmedia":[{"embeddable":true,"href":"https:\/\/www.sarahroubato.com\/es\/wp-json\/wp\/v2\/media\/451"}],"wp:attachment":[{"href":"https:\/\/www.sarahroubato.com\/es\/wp-json\/wp\/v2\/media?parent=287"}],"wp:term":[{"taxonomy":"category","embeddable":true,"href":"https:\/\/www.sarahroubato.com\/es\/wp-json\/wp\/v2\/categories?post=287"},{"taxonomy":"post_tag","embeddable":true,"href":"https:\/\/www.sarahroubato.com\/es\/wp-json\/wp\/v2\/tags?post=287"}],"curies":[{"name":"wp","href":"https:\/\/api.w.org\/{rel}","templated":true}]}}