
{"id":3150,"date":"2019-03-02T22:52:44","date_gmt":"2019-03-02T21:52:44","guid":{"rendered":"https:\/\/www.sarahroubato.com\/?p=3150"},"modified":"2021-04-15T08:51:33","modified_gmt":"2021-04-15T06:51:33","slug":"representation","status":"publish","type":"post","link":"https:\/\/www.sarahroubato.com\/es\/analyses\/representation\/","title":{"rendered":"Les mouvements sociaux face \u00e0 la crise de la repr\u00e9sentation"},"content":{"rendered":"<p><em>Quelque chose monte, qui vient de loin. Des ronds-points aux rues de la capitale, des milliers de jaunes aux centaines de verts, des oubli\u00e9s de la p\u00e9riph\u00e9rie aux \u00e9tudiants des centre villes, ils agacent ou font sourire, effraient ou donnent espoir. Ils viennent perturber le ronron de celle qu\u2019on voudrait \u00e9ternelle, notre ch\u00e8re Cinqui\u00e8me R\u00e9publique. D\u00e9sorganis\u00e9s, dissonants, r\u00e9duits \u00e0 des images par les cam\u00e9ras qui cherchent le sensationnel, que nous disent-ils encore de nous ?<\/em><\/p>\n<p><em>Ce ne sont pas les gr\u00e8ves qui marquent habituellement le tempo des mandats pr\u00e9sidentiels. Tempo qui devient ronron, dans ce pays champion des gr\u00e8ves et enfarg\u00e9 \u2013 rien de tel qu\u2019un mot francophone non fran\u00e7ais pour d\u00e9signer l\u2019enlisement de la France \u2013 dans ses institutions. Ce ne sont pas les manifestations habituelles qui s\u2019inscrivent dans un syst\u00e8me sans le remettre en question. Gilets Jaunes, Gr\u00e8ve des Jeunes pour le Climat, mais aussi leurs anc\u00eatres, Nuit Debout et ZAD, sont des mouvements qui tentent d\u2019en sortir. Avec leurs contradictions et leurs faiblesses, leurs angles morts et leurs lignes rouges, ils cherchent. Ils ne trouvent pas. Mais ils nous montrent que nous arrivons au bout de quelque chose. Au bout de quoi ?<\/em><\/p>\n<p><img loading=\"lazy\" class=\"wp-image-3226 size-full aligncenter\" src=\"https:\/\/www.sarahroubato.com\/wp-content\/uploads\/2019\/04\/Capture-d&rsquo;e\u0301cran-2019-04-03-a\u0300-01.32.34.png\" alt=\"\" width=\"706\" height=\"334\" \/><\/p>\n<form action=\"https:\/\/www.paypal.com\/cgi-bin\/webscr\" method=\"post\" target=\"_top\"><input name=\"cmd\" type=\"hidden\" value=\"_s-xclick\" \/><br \/>\n<input name=\"hosted_button_id\" type=\"hidden\" value=\"EJQ4SMFNRV5JL\" \/><br \/>\n<input title=\"PayPal - The safer, easier way to pay online!\" alt=\"Donate with PayPal button\" name=\"submit\" src=\"https:\/\/www.paypalobjects.com\/fr_FR\/FR\/i\/btn\/btn_donateCC_LG.gif\" type=\"image\" \/><br \/>\n<img loading=\"lazy\" src=\"https:\/\/www.paypal.com\/fr_FR\/i\/scr\/pixel.gif\" alt=\"\" width=\"1\" height=\"1\" border=\"0\" \/><\/form>\n<p><strong>De l\u2019autre c\u00f4t\u00e9 de l\u2019image<\/strong><\/p>\n<p>On s\u2019interroge sur le devenir du mouvement des Gilets Jaunes et sur leur r\u00e9cup\u00e9ration. Est-ce un mouvement, d\u2019ailleurs ? Non, les GJ c\u2019\u00e9tait un sursaut, un appel, un cri comme savent en pousser parfois ceux qui toute leur vie acceptent leur mis\u00e8re comme la norme et qui un jour, devant une \u00e9tincelle, un rien, apprennent \u00e0 dire non.<\/p>\n<p>Beaucoup de ceux qui \u00e9taient sur les rond points, petits commer\u00e7ants, employ\u00e9s, ouvriers, marginaux de tous bords, sont maintenant rentr\u00e9s chez eux. Les journalistes ont tendu un moment leur micro, et puis sont rentr\u00e9s dans leurs salles de r\u00e9daction guetter les prochains vacarmes qui font l\u2019actualit\u00e9. Chaque samedi ils annoncent le \u00ab d\u00e9sormais rituel\u00a0\u00bb rendez-vous. Ce qui fut un sursaut est devenu une habitude, avec son lot de craintes de violences. Les cam\u00e9ras guettent les saccages, les insultes, les violences. Chaque samedi les objectifs se braquent sur des silhouettes en contre-jour, bras lev\u00e9 dans une rue enfum\u00e9e. Et on se dit que c\u2019est \u00e7a, ce qu\u2019ils sont devenus, \u00ab\u00a0Les\u00a0\u00bb Gilets Jaunes. On ne cherche plus \u00e0 \u00e9couter, \u00e0 comprendre le d\u00e9sarroi, les envies, les espoirs, les doutes. On fait des sondages de popularit\u00e9. Et les opinions se font et se renforcent au gr\u00e9 de ces clich\u00e9s.<\/p>\n<p><img loading=\"lazy\" class=\"wp-image-3151 alignright\" src=\"https:\/\/www.sarahroubato.com\/wp-content\/uploads\/2019\/03\/GJ-lyon.jpg\" alt=\"\" width=\"527\" height=\"348\" srcset=\"https:\/\/www.sarahroubato.com\/wp-content\/uploads\/2019\/03\/GJ-lyon.jpg 940w, https:\/\/www.sarahroubato.com\/wp-content\/uploads\/2019\/03\/GJ-lyon-150x99.jpg 150w, https:\/\/www.sarahroubato.com\/wp-content\/uploads\/2019\/03\/GJ-lyon-300x198.jpg 300w, https:\/\/www.sarahroubato.com\/wp-content\/uploads\/2019\/03\/GJ-lyon-768x507.jpg 768w, https:\/\/www.sarahroubato.com\/wp-content\/uploads\/2019\/03\/GJ-lyon-600x396.jpg 600w\" sizes=\"(max-width: 527px) 100vw, 527px\" \/><\/p>\n<p>Mais c\u2019est ailleurs qu\u2019une soci\u00e9t\u00e9 s\u2019\u00e9coute, et qu\u2019elle se raconte. Au coin de l\u2019oreille, dans les petites phrases, les gestes en suspens, dans les \u00e9nervements et les renoncements, entre les grands \u00e9v\u00e9nements que retiendront les livres d\u2019histoire. Dans tout ce qui ne passe pas \u00e0 l\u2019image.<\/p>\n<p>L\u2019image, elle \u00e9tait belle, vendredi 22 f\u00e9vrier \u00e0 Paris. Environ un millier de jeunes d\u00e9filant pour demander un autre monde et une prise en compte de l\u2019urgence face \u00e0 l\u2019\u00e9tat du vivant. Il faisait beau. Mais le vendredi suivant, ils n\u2019\u00e9taient \u00e0 nouveau que quelques centaines. Il faisait dix degr\u00e9s de moins (12 degr\u00e9s), le ciel \u00e9tait gris. Et Greta Thunberg n\u2019\u00e9tait pas l\u00e0. Ah oui\u2026 et c\u2019\u00e9tait les vacances !<\/p>\n<p>Il y a sept ans, de l\u2019autre c\u00f4t\u00e9 de l\u2019Atlantique, le 20 f\u00e9vrier 2012, par -20 degr\u00e9s, ils \u00e9taient 30 000 \u00e9tudiants en gr\u00e8ve contre la hausse des frais de scolarit\u00e9 au Qu\u00e9bec. Un mois plus tard, ils \u00e9taient 300\u00a0000, dans un pays de 8 millions d\u2019habitants. Les temp\u00e9ratures \u00e9taient toujours n\u00e9gatives. Aucune figure hyper m\u00e9diatique ne marchait au-devant. C\u2019\u00e9tait des associations, organis\u00e9es et menant combat depuis longtemps, qui impulsaient le mouvement, qui d\u2019\u00e9tudiant devint social. Il y eut la marche des avocats, les fanfares de musiciens et les familles d\u00e9filant chaque mois dans les rues avec des casseroles. Pendant huit mois, oubliant les vacances, et tant pis pour les examens. Et ce peuple calme et r\u00e9put\u00e9 soumis amena des \u00e9lections anticip\u00e9es et la chute du gouvernement. Qu\u2019ont-ils donc que nous n\u2019avons plus, nous le pays des grandes r\u00e9volutions ? Et les Belges, et les Australiens, et les Su\u00e9dois ?<\/p>\n<p><iframe loading=\"lazy\" src=\"https:\/\/player.vimeo.com\/video\/47205376?color=ee3333\" width=\"640\" height=\"360\" frameborder=\"0\" allowfullscreen=\"allowfullscreen\"><\/iframe><\/p>\n<p><a href=\"https:\/\/vimeo.com\/47205376\">Le Printemps qu\u00e9b\u00e9cois: Quand le peuple s&#8217;\u00e9veille&#8230;<\/a> from <a href=\"https:\/\/vimeo.com\/madocstudio\" class=\"broken_link\">MADOC<\/a> on <a href=\"https:\/\/vimeo.com\" class=\"broken_link\">Vimeo<\/a>.<\/p>\n<p><strong>Un \u00e9lan\u2026 et apr\u00e8s ?<\/strong><\/p>\n<p>Ce samedi, \u00e0 Lyon, les Gilets Jaunes ont fait une<em>\u00a0<\/em>\u00ab\u00a0marche en noir\u00a0en signe de deuil pour nos institutions et notre avenir incertain\u00a0\u00bb. Dans le deuil des institutions, il y a aussi celui de la repr\u00e9sentation.<\/p>\n<p>Le mouvement fran\u00e7ais des jeunes en gr\u00e8ves pour le climat refuse la personnalisation. Pourtant, c\u2019est bien la figure m\u00e9diatique de Greta Thunberg qui a mobilis\u00e9 il y a dix jours, y compris des figures connues du combat \u00e9cologique. La personnalisation est trop ancr\u00e9e dans nos soci\u00e9t\u00e9s. Les foules ont besoin de figures \u2013 ou de ballons ronds \u2013 pour se galvaniser. Un mouvement naissant doit-il \u00eatre \u00e0 l\u2019\u00e9coute de ce besoin ou rompre radicalement ? Serait-il possible d\u2019imaginer une personnalisation d\u2019un mouvement qui ne soit pas une incarnation verticale ?<\/p>\n<p>Comme Nuit Debout, Gilets Jaunes et Gr\u00e8ve scolaire pour le Climat sont confront\u00e9s au probl\u00e8me de la repr\u00e9sentation. Au d\u00e9but, la question ne se pose pas. C\u2019est un \u00e9lan spontan\u00e9 qui attire dans la vague tous ceux qui ressentent le m\u00eame besoin. On d\u00e9couvre que nous sommes des milliers. On se met \u00e0 discuter avec des gens qu\u2019on ne fr\u00e9quente jamais, sur une place, un rond point ou devant un minist\u00e8re. Quelque chose se reforme de l\u2019agora grecque\u00a0: une r\u00e9union autour d\u2019autre chose que la consommation. On r\u00e9apprend \u00e0 se parler, et les individus redeviennent citoyens, personnes prenant part \u00e0 un destin commun.<\/p>\n<p>Pour rejoindre le mouvement, pas de demande \u00e0 d\u00e9poser, pas de carte de parti, il suffit de venir, de mettre un gilet jaune ou de cliquer. On ne veut pas de filtre, pas d\u2019interm\u00e9diaire. Puis des gens qui en veulent un peu plus ou qui furent les premiers mobilis\u00e9s deviennent <em>r\u00e9f\u00e9rents, coordinateurs, <\/em>cr\u00e9ent des <em>commissions<\/em>. Ils passent leurs journ\u00e9es et une bonne partie de leurs nuits \u00e0 r\u00e9pondre \u00e0 des centaines de messages. Pour les Gilets Jaunes, ce fut Facebook. Pour les gr\u00e8ves pour le climat, c\u2019est Telegram ou Discord. Les d\u00e9cisions se prennent dans l\u2019instantan\u00e9it\u00e9 de qui est en ligne. Personne n\u2019est nomm\u00e9 ni \u00e9lu ni d\u00e9sign\u00e9, les \u00e9quipes ne se forment pas par choix mais par disponibilit\u00e9\u00a0: \u00ab\u00a0Qui est chaud pour\u2026 ?\u00a0\u00bb et ceux qui sont l\u00e0 formeront l\u2019\u00e9quipe. Au fil des jours et des semaines se profilent, en interne ou en externe, des p\u00f4les d\u2019influence, autour de personnes qui tentent de prendre des initiatives tout en voyant l\u2019ombre d\u2019une accusation de prise de pouvoir. Certains y prennent go\u00fbt, mais le principe est r\u00e9affirm\u00e9 : pas de repr\u00e9sentants.<\/p>\n<p>La presse tend ses micros, braque ses cam\u00e9ras, et il faut bien envoyer des personnes pour porter la parole. Mais ils se d\u00e9fendent : \u00ab\u00a0Je ne suis pas porte-parole, je parle en mon nom propre\u00a0\u00bb. Les journalistes cherchent les personnes influentes et se r\u00e9f\u00e8rent \u00e0 ceux qui totalisent le plus de vues sur des vid\u00e9os et les r\u00e9seaux sociaux. Faute d\u2019une autre l\u00e9gitimit\u00e9, celle du buzz fera l\u2019affaire. Puis, ceux qui prennent la lumi\u00e8re sont remis en question. Au nom de quoi parles-tu ? Alors qu\u2019en Belgique Anuna de Wever a port\u00e9 la voix de milliers de lyc\u00e9ens belges, en France, on refuse l\u2019incarnation. \u00c0 Paris, les jeunes qui passent dans les m\u00e9dias d\u00e9cident de tous s\u2019appeler Camille. La personnalisation leur semble trop dangereuse. Mais que nous a donc fait la repr\u00e9sentation pour qu\u2019on la rejette si loin ?<\/p>\n<p><img loading=\"lazy\" class=\"wp-image-3154 alignleft\" src=\"https:\/\/www.sarahroubato.com\/wp-content\/uploads\/2019\/03\/Greves-pour-le-climat-les-jeunes-francais-invitent-Greta-Thunberg-a-Paris-pour-amplifier-le-mouvement-1024x512.jpg\" alt=\"\" width=\"672\" height=\"336\" srcset=\"https:\/\/www.sarahroubato.com\/wp-content\/uploads\/2019\/03\/Greves-pour-le-climat-les-jeunes-francais-invitent-Greta-Thunberg-a-Paris-pour-amplifier-le-mouvement-1024x512.jpg 1024w, https:\/\/www.sarahroubato.com\/wp-content\/uploads\/2019\/03\/Greves-pour-le-climat-les-jeunes-francais-invitent-Greta-Thunberg-a-Paris-pour-amplifier-le-mouvement-150x75.jpg 150w, https:\/\/www.sarahroubato.com\/wp-content\/uploads\/2019\/03\/Greves-pour-le-climat-les-jeunes-francais-invitent-Greta-Thunberg-a-Paris-pour-amplifier-le-mouvement-300x150.jpg 300w, https:\/\/www.sarahroubato.com\/wp-content\/uploads\/2019\/03\/Greves-pour-le-climat-les-jeunes-francais-invitent-Greta-Thunberg-a-Paris-pour-amplifier-le-mouvement-768x384.jpg 768w, https:\/\/www.sarahroubato.com\/wp-content\/uploads\/2019\/03\/Greves-pour-le-climat-les-jeunes-francais-invitent-Greta-Thunberg-a-Paris-pour-amplifier-le-mouvement-600x300.jpg 600w\" sizes=\"(max-width: 672px) 100vw, 672px\" \/><\/p>\n<p><strong>Plus de repr\u00e9sentants = plus d\u2019incarnation ? <\/strong><\/p>\n<p>Nous sommes sans doute le pays o\u00f9 l\u2019incarnation est le plus ancr\u00e9 dans la culture politique et sociale. Notre Cinqui\u00e8me R\u00e9publique a su r\u00e9cup\u00e9rer la verticalit\u00e9 du pouvoir monarchique et restituer la figure du grand homme. Mais \u00e0 mesure que les mandats se succ\u00e8dent, le costume du G\u00e9n\u00e9ral est de plus en plus grand pour les occupants de l\u2019\u00c9lys\u00e9e. Les Fran\u00e7ais reprochent \u00e0 l\u2019un d\u2019\u00eatre trop pr\u00e9sent, \u00e0 l\u2019autre d\u2019\u00eatre trop mou, \u00e0 l\u2019autre encore d\u2019\u00eatre m\u00e9prisant. Ils regardent du coin de l\u2019\u0153il les chaises musicales des minist\u00e8res, nomm\u00e9s par un chef de gouvernement qui n\u2019est pas \u00e9lu mais lui aussi, nomm\u00e9. Ils se d\u00e9sint\u00e9ressent d\u2019\u00e9lire \u00e0 l\u2019assembl\u00e9e ceux qui devraient les repr\u00e9senter, mais qui ne connaissent plus le terrain.<\/p>\n<p>Dans le r\u00e9cit aussi, les repr\u00e9sentants sont remis en question. Les citoyens ne se reconnaissent plus dans les m\u00e9dias. Ceux qui racontent la soci\u00e9t\u00e9 on d\u00e9sert\u00e9 les petites histoires, celles qui ne se racontent que sur le terrain, dans la confiance, loin des \u00e9v\u00e9nements. Soumis au dictat de l\u2019audience et les r\u00e9ductions de budget, les grands m\u00e9dias qui restent pourtant grands, courent apr\u00e8s les m\u00eames informations.<\/p>\n<p>Alors nous nous m\u00e9fions, de toute personne qui pr\u00e9tendrait parler <em>au nom de<\/em>. Pourtant, nous les admirons encore, les Martin Luther King, les Nelson Mandela et les Gandhi. Et parmi les artistes, ceux comme Bob Dylan qui ont su saisir l\u2019esprit d\u2019une g\u00e9n\u00e9ration ; ceux qui ont parl\u00e9 des invisibles et remis en question les normes, les Pr\u00e9vert, les Brassens, les Brel. \u00c0 l\u2019\u00e9crit, nous gardons <em>Les Mis\u00e9rables <\/em>ou <em>Germinal<\/em> comme des joyaux de notre culture, et regardons avec envie le temps o\u00f9 le journalisme ressemblait \u00e0 Joseph Kessel ou \u00e0 Albert Londres. De tout temps, il y eut des gens pour porter la voix des autres. Aujourd\u2019hui, toute tentative dans ce sens est suspecte. Mais une grande figure, ce n\u2019est pas quelqu\u2019un qui assoit son pouvoir sur les autres. C\u2019est quelqu\u2019un qui exprime ce que les autres ne peuvent dire, mais o\u00f9 chacun se reconna\u00eet. Nous interdire cela, c\u2019est nous priver de ce qui fait la force et la beaut\u00e9 des r\u00e9volutions.<\/p>\n<p><strong>L\u2019horizontalit\u00e9 plate<\/strong><\/p>\n<p>Au bout de quelques semaines, l\u2019\u00e9lan ne suffit plus. Chaque mouvement est confront\u00e9 \u00e0 son besoin d\u2019organisation, et chacun s\u2019est arr\u00eat\u00e9 l\u00e0. Ils cherchaient la visibilit\u00e9. Ils l\u2019ont eue, mais avec elle, il faut expliquer ce qu\u2019on veut, ce qu\u2019on demande, et comment le faire sans vision ? On cherche \u00e0 \u00e9viter la m\u00e9canique habituelle des repr\u00e9sentants devenant leaders, agissant pour leur propre popularit\u00e9 et devenant une nouvelle \u00e9lite. Mais quelle alternative avons-nous ? O\u00f9 sont dans ces mouvements ceux qui depuis longtemps ont eu la curiosit\u00e9 d\u2019aller voir au-del\u00e0 de l\u2019Hexagone ce qui se faisait, ou dans les interstices de notre histoire, ceux qui ont pens\u00e9 d\u2019autres mani\u00e8res de faire, et qui \u00e9crivent, pensent exp\u00e9rimentent d\u00e9j\u00e0 ? On en a bien souvent vus se faire accuser de r\u00e9cup\u00e9ration.<\/p>\n<p>Des places aux ronds-points et dans les facs aujourd\u2019hui, un mot revient\u00a0: <em>horizontalit\u00e9<\/em>. Que signifie un mouvement horizontal ? Le rejet de la verticalit\u00e9 est si fort qu\u2019avec elle, c\u2019est toute forme de hi\u00e9rarchie et qui est refus\u00e9e. On privil\u00e9gie les cercles, pensant reproduire le mod\u00e8le de soci\u00e9t\u00e9s que nous nommons <em>\u00e9galitaires<\/em> comme les autochtones que nous appelons encore <em>Indiens<\/em> en France, et qui pourtant, avaient bel et bien leurs hi\u00e9rarchies.<\/p>\n<p><img loading=\"lazy\" class=\"size-full wp-image-3152 aligncenter\" src=\"https:\/\/www.sarahroubato.com\/wp-content\/uploads\/2019\/03\/Nuit-Debout-672x175.png\" alt=\"\" width=\"672\" height=\"175\" srcset=\"https:\/\/www.sarahroubato.com\/wp-content\/uploads\/2019\/03\/Nuit-Debout-672x175.png 672w, https:\/\/www.sarahroubato.com\/wp-content\/uploads\/2019\/03\/Nuit-Debout-672x175-150x39.png 150w, https:\/\/www.sarahroubato.com\/wp-content\/uploads\/2019\/03\/Nuit-Debout-672x175-300x78.png 300w, https:\/\/www.sarahroubato.com\/wp-content\/uploads\/2019\/03\/Nuit-Debout-672x175-600x156.png 600w\" sizes=\"(max-width: 672px) 100vw, 672px\" \/><\/p>\n<p>\u00c0 Nuit Debout, pendant les assembl\u00e9es, la parole \u00e9tait distribu\u00e9e de fa\u00e7on \u00e9gale, selon l\u2019ordre d\u2019inscription\u00a0: chacun avait 3 minutes pour parler. Trois minutes pour celui qui veut faire une proposition pour organiser le mouvement, trois minutes pour un autre qui vient parler de son association, trois minutes pour redire qu\u2019on en a marre et ne rien proposer. Chaque parole se vaut. Qui viendra hi\u00e9rarchiser ? Qui viendra freiner les paroles qui ne parlent pas au nom de l\u2019int\u00e9r\u00eat g\u00e9n\u00e9ral ? Qui \u00e9tablira un ordre du jour pour faire de l\u2019agora autre chose qu\u2019un d\u00e9fouloir ?<\/p>\n<p>Dans les r\u00e9cents mouvements, on refuse de distribuer des r\u00f4les. Ou si on le fait, il faut \u00ab\u00a0que \u00e7a tourne\u00a0\u00bb. On revient \u00e0 un agr\u00e9gat d\u2019individus qui s\u2019interchangent, refusant ainsi de reconna\u00eetre la singularit\u00e9 de l\u2019apport de chacun qui pourrait \u00eatre mis eu service du collectif.<\/p>\n<p>Cette obsession de l\u2019horizontalit\u00e9 absolue, coupl\u00e9e avec les modes de communication actuels o\u00f9 le d\u00e9bat et les prises de d\u00e9cision sont soumis \u00e0 l\u2019instantan\u00e9it\u00e9 du fil de conversation en ligne, rend les mouvements sociaux flous et ouverts \u00e0 ceux qui souhaitent en faire un terrain de jeu pour leur propre d\u00e9cha\u00eenement de violence et d\u2019id\u00e9ologie. La facilit\u00e9 \u00e0 faire partie de ces mouvements, en mettant un gilet jaune ou en rejoignant un groupe sur r\u00e9seau social, laisse la porte ouverte \u00e0 toutes les d\u00e9rives.<\/p>\n<p>Le mythe de l\u2019horizontalit\u00e9 absolue est la r\u00e9ponse absurde \u00e0 l\u2019absurdit\u00e9 de la verticalit\u00e9 de notre syst\u00e8me actuel. Aucune esp\u00e8ce animale ne vit sans une forme de r\u00e9partition des r\u00f4les, ni aucune soci\u00e9t\u00e9. R\u00e9partir des r\u00f4les, s\u2019organiser, \u00e9tablir des priorit\u00e9s, c\u2019est reconna\u00eetre qu\u2019une personne est dou\u00e9e pour parler, une autre pour organiser, une autre pour r\u00e9sumer et transmettre, une autre pour agir, une autre pour att\u00e9nuer les tensions, une autre pour prendre du recul. Distribuer des r\u00f4les, c\u2019est se faire confiance. Et partout en France, ce qui r\u00e8gne, c\u2019est la m\u00e9fiance.<\/p>\n<p><strong>R\u00e9inventer une repr\u00e9sentation<\/strong><\/p>\n<p>La crise de la repr\u00e9sentation est profonde et l\u00e9gitime. Mais comme souvent en France, nous savons ce que nous refusons, mais nous ne savons pas ce que nous voulons. Nous d\u00e9pensons une \u00e9nergie belle, inventive et tenace, \u00e0 d\u00e9noncer les probl\u00e8mes, plut\u00f4t qu\u2019\u00e0 proposer des alternatives. Il y aurait d\u2019un c\u00f4t\u00e9 les cr\u00e8ve-la-faim, les gens en col\u00e8re, et de l\u2019autre, les bobos \u00e9colos gentils bisounours qui auraient le luxe de s\u2019inventer un monde alternatif. Et le \u00ab\u00a0positivisme\u00a0\u00bb des uns serait ne pas reconna\u00eetre la souffrance des autres. Chacun reste dans son monde.<\/p>\n<p>Pourtant, nous souffrons tous du m\u00eame mal et nous cherchons tous le m\u00eame horizon. Le besoin d\u2019alternative na\u00eet du constat de l\u2019\u00e9chec des institutions actueles et du projet de soci\u00e9t\u00e9 limit\u00e9 \u00e0 la consommation. Quand on se sent d\u00e9poss\u00e9d\u00e9, que la col\u00e8re monte, nous avons le choix entre nous enliser dedans et r\u00e9clamer, au sein du syst\u00e8me actuel, que l\u2019homme providentiel et \u00ab\u00a0ceux de l\u00e0-haut\u00a0\u00bb puissent tout r\u00e9soudre, ou bien nous nous incluons dans cette remise en question et nous envisageons, \u00e0 toutes les \u00e9chelles de la soci\u00e9t\u00e9, la n\u00e9cessit\u00e9 d\u2019un changement. Travailler \u00e0 proposer des alternatives demande un souffle de coureur de fond, et une capacit\u00e9 \u00e0 encaisser les frustrations. C\u2019est prendre du recul, op\u00e9rer des synth\u00e8ses, prendre en compte diff\u00e9rents points de vue, faire bouger sans cesse son angle de vue, accepter de regarder autrement ce qu\u2019on croyait \u00eatre une \u00e9vidence.<\/p>\n<p><img loading=\"lazy\" class=\"wp-image-3153 alignright\" src=\"https:\/\/www.sarahroubato.com\/wp-content\/uploads\/2019\/03\/afaya.jpg\" alt=\"\" width=\"439\" height=\"234\" srcset=\"https:\/\/www.sarahroubato.com\/wp-content\/uploads\/2019\/03\/afaya.jpg 750w, https:\/\/www.sarahroubato.com\/wp-content\/uploads\/2019\/03\/afaya-150x80.jpg 150w, https:\/\/www.sarahroubato.com\/wp-content\/uploads\/2019\/03\/afaya-300x160.jpg 300w, https:\/\/www.sarahroubato.com\/wp-content\/uploads\/2019\/03\/afaya-600x320.jpg 600w\" sizes=\"(max-width: 439px) 100vw, 439px\" \/><\/p>\n<p>Il est urgent de r\u00e9inventer une autre forme de repr\u00e9sentation. Pour cela, la ZAD et Nuit Debout furent des terrains d\u2019exp\u00e9rimentation remarquables. Il en existe bien d\u2019autres, qui sont exp\u00e9riment\u00e9s chaque jour dans notre pays. Encore faudrait-il aller les voir et s\u2019organiser pour les \u00e9tendre.<\/p>\n<p>Entre la verticalit\u00e9 rigide de nos institutions et l\u2019horizontalit\u00e9 absolue qui refuse toute organisation, il y a un espace pour inventer autre chose. \u00c0 condition qu\u2019on veuille bien sortir des oppositions binaires. Ce n\u2019est pas la col\u00e8re ou la proposition. Ce n\u2019est pas l\u2019appel aux gens de l\u00e0-haut ou le travail sur le terrain \u00e0 l\u2019\u00e9chelle individuelle. Le changement auquel nous aspirons m\u00e9rite mieux que cela.<\/p>\n<form action=\"https:\/\/www.paypal.com\/cgi-bin\/webscr\" method=\"post\" target=\"_top\"><input title=\"PayPal - The safer, easier way to pay online!\" alt=\"Donate with PayPal button\" name=\"submit\" src=\"https:\/\/www.paypalobjects.com\/fr_FR\/FR\/i\/btn\/btn_donateCC_LG.gif\" type=\"image\" \/><br \/>\n<img loading=\"lazy\" src=\"https:\/\/www.paypal.com\/fr_FR\/i\/scr\/pixel.gif\" alt=\"\" width=\"1\" height=\"1\" border=\"0\" \/><\/form>\n<p>Sarah Roubato a publi\u00e9 :<\/p>\n<p><img loading=\"lazy\" class=\" wp-image-3000 alignleft\" src=\"https:\/\/www.sarahroubato.com\/wp-content\/uploads\/2018\/12\/9782371775497_COV-1e-sd-617x1024.jpg\" alt=\"\" width=\"162\" height=\"269\" srcset=\"https:\/\/www.sarahroubato.com\/wp-content\/uploads\/2018\/12\/9782371775497_COV-1e-sd-617x1024.jpg 617w, https:\/\/www.sarahroubato.com\/wp-content\/uploads\/2018\/12\/9782371775497_COV-1e-sd-90x150.jpg 90w, https:\/\/www.sarahroubato.com\/wp-content\/uploads\/2018\/12\/9782371775497_COV-1e-sd-181x300.jpg 181w, https:\/\/www.sarahroubato.com\/wp-content\/uploads\/2018\/12\/9782371775497_COV-1e-sd-768x1275.jpg 768w, https:\/\/www.sarahroubato.com\/wp-content\/uploads\/2018\/12\/9782371775497_COV-1e-sd-600x996.jpg 600w, https:\/\/www.sarahroubato.com\/wp-content\/uploads\/2018\/12\/9782371775497_COV-1e-sd.jpg 1309w\" sizes=\"(max-width: 162px) 100vw, 162px\" \/><\/p>\n<p><em style=\"line-height: 1.5;\">\u00a0Partout en France et ailleurs, ils sont sur le point d\u2019avoir trente ans. Une foule d\u2019anonymes qui cherchent \u00e0 habiter le monde ou \u00e0 le fuir, \u00e0 dessiner leurs r\u00eaves ou \u00e0 s\u2019en d\u00e9tourner. Au c\u0153ur du tumulte, ils s\u2019interrogent, se font violence et ce sont leurs voix que l\u2019on entend se d\u00e9ployer\u00a0<\/em><\/p>\n<p>Cliquez<a href=\"http:\/\/publie.net\/livre\/30-ans-heure-sarah-roubato\/\"><strong> ici<\/strong><\/a> pour le commander chez l&#8217;\u00e9diteur<\/p>\n<p>&nbsp;<\/p>\n<p>&nbsp;<\/p>\n<p>&nbsp;<\/p>\n<p>&nbsp;<\/p>\n<p><a href=\"https:\/\/www.sarahroubato.com\/oeuvres\/trouveleverbesonore\/\"><img loading=\"lazy\" class=\"wp-image-2348 alignleft\" src=\"https:\/\/www.sarahroubato.com\/wp-content\/uploads\/2017\/12\/couv-Nage-de-lourse-662x1024.jpg\" alt=\"\" width=\"166\" height=\"257\" srcset=\"https:\/\/www.sarahroubato.com\/wp-content\/uploads\/2017\/12\/couv-Nage-de-lourse-662x1024.jpg 662w, https:\/\/www.sarahroubato.com\/wp-content\/uploads\/2017\/12\/couv-Nage-de-lourse-97x150.jpg 97w, https:\/\/www.sarahroubato.com\/wp-content\/uploads\/2017\/12\/couv-Nage-de-lourse-194x300.jpg 194w, https:\/\/www.sarahroubato.com\/wp-content\/uploads\/2017\/12\/couv-Nage-de-lourse-600x928.jpg 600w, https:\/\/www.sarahroubato.com\/wp-content\/uploads\/2017\/12\/couv-Nage-de-lourse.jpg 779w\" sizes=\"(max-width: 166px) 100vw, 166px\" \/><\/a><\/p>\n<p>&nbsp;<\/p>\n<p class=\"small\"><em>Une jeune femme \u00e9crit \u00e0 un adolescent et lui propose d\u2019envisager son avenir avec un autre regard que celui qu\u2019on lui a appris, pour faire face \u00e0 un monde qui change et qu\u2019il va devoir r\u00e9inventer. Une lettre qui r\u00e9sonne \u00e0 tout \u00e2ge pour ceux qui ont eu envie de quitter les chemins tout trac\u00e9s et \u00e0 qui on a dit que c\u2019\u00e9tait impossible.<\/em><\/p>\n<p>Cliquez\u00a0<strong><a href=\"https:\/\/www.sarahroubato.com\/acheter\/trouveleverbe\/\">ici\u00a0<\/a><\/strong>pour commander le livre \u00a0ou commandez-le dans n&#8217;importe quelle librairie.<\/p>\n<p>&nbsp;<\/p>\n<p>&nbsp;<\/p>\n<p><a href=\"http:\/\/www.michel-lafon.fr\/livre\/1687-Lettres_a_ma_generation.html\"><em><img loading=\"lazy\" class=\" wp-image-1091 alignleft\" src=\"https:\/\/www.sarahroubato.com\/wp-content\/uploads\/2016\/02\/livre-sarah-103x150.jpg\" alt=\"livre sarah\" width=\"129\" height=\"188\" srcset=\"https:\/\/www.sarahroubato.com\/wp-content\/uploads\/2016\/02\/livre-sarah-103x150.jpg 103w, https:\/\/www.sarahroubato.com\/wp-content\/uploads\/2016\/02\/livre-sarah-205x300.jpg 205w, https:\/\/www.sarahroubato.com\/wp-content\/uploads\/2016\/02\/livre-sarah.jpg 341w\" sizes=\"(max-width: 129px) 100vw, 129px\" \/><\/em><\/a><\/p>\n<p><em>Un recueil de lettres adress\u00e9es \u00e0 toutes celles et ceux, m\u00eame s&#8217;ils ne peuvent pas r\u00e9pondre, qui peuplent la solitude d&#8217;une jeune femme \u00e9prise de la beaut\u00e9 du monde. Comment la dire, comment la pr\u00e9server, comment y participer, alors que des forces contraires \u2013 l&#8217;hyperconsommation, les renoncements politiques, l&#8217;ambivalence du progr\u00e8s technologique \u2013 nous isolent toujours plus les uns des autres ?<\/em><\/p>\n<p>Cliquez <strong><a href=\"https:\/\/mrmondialisation.org\/sarah-roubato-lettres-a-ma-generation\/\" target=\"_blank\" rel=\"noopener noreferrer\">ici\u00a0<\/a><\/strong>pour en savoir plus et lire des extraits. Cliquez sur le livre pour le commander directement chez l&#8217;\u00e9diteur ou commandez-le dans n&#8217;importe quelle librairie<\/p>\n<p>&nbsp;<\/p>\n<p>&nbsp;<\/p>\n<p><img loading=\"lazy\" class=\" wp-image-3000 alignleft\" src=\"https:\/\/www.sarahroubato.com\/wp-content\/uploads\/2018\/12\/9782371775497_COV-1e-sd-617x1024.jpg\" alt=\"\" width=\"223\" height=\"370\" srcset=\"https:\/\/www.sarahroubato.com\/wp-content\/uploads\/2018\/12\/9782371775497_COV-1e-sd-617x1024.jpg 617w, https:\/\/www.sarahroubato.com\/wp-content\/uploads\/2018\/12\/9782371775497_COV-1e-sd-90x150.jpg 90w, https:\/\/www.sarahroubato.com\/wp-content\/uploads\/2018\/12\/9782371775497_COV-1e-sd-181x300.jpg 181w, https:\/\/www.sarahroubato.com\/wp-content\/uploads\/2018\/12\/9782371775497_COV-1e-sd-768x1275.jpg 768w, https:\/\/www.sarahroubato.com\/wp-content\/uploads\/2018\/12\/9782371775497_COV-1e-sd-600x996.jpg 600w, https:\/\/www.sarahroubato.com\/wp-content\/uploads\/2018\/12\/9782371775497_COV-1e-sd.jpg 1309w\" sizes=\"(max-width: 223px) 100vw, 223px\" \/><\/p>\n<div style=\"position: relative; height: 0; padding-bottom: 56.25%;\"><iframe loading=\"lazy\" style=\"position: absolute; width: 100%; height: 100%; left: 0;\" src=\"https:\/\/www.youtube.com\/embed\/GhbnrEuAcA0?ecver=2\" width=\"640\" height=\"360\" frameborder=\"0\" allowfullscreen=\"allowfullscreen\"><\/iframe><\/div>\n<p><\/p>","protected":false},"excerpt":{"rendered":"<p>Quelque chose monte, qui vient de loin. Des ronds-points aux rues de la capitale, des milliers de jaunes aux centaines de verts, des oubli\u00e9s de la p\u00e9riph\u00e9rie aux \u00e9tudiants des centre villes, ils agacent ou font sourire, effraient ou donnent espoir. Ils viennent perturber le ronron de celle qu\u2019on voudrait \u00e9ternelle, notre ch\u00e8re Cinqui\u00e8me R\u00e9publique. [&hellip;]<\/p>\n","protected":false},"author":2,"featured_media":3153,"comment_status":"open","ping_status":"open","sticky":false,"template":"","format":"standard","meta":{"spay_email":""},"categories":[19],"tags":[],"acf":[],"yoast_head":"<!-- This site is optimized with the Yoast SEO plugin v18.4.1 - https:\/\/yoast.com\/wordpress\/plugins\/seo\/ -->\n<title>Les mouvements sociaux face \u00e0 la crise de la repr\u00e9sentation - Sarah Roubato<\/title>\n<meta name=\"robots\" content=\"index, follow, max-snippet:-1, max-image-preview:large, max-video-preview:-1\" \/>\n<link rel=\"canonical\" href=\"https:\/\/www.sarahroubato.com\/en\/analyses\/representation\/\" \/>\n<meta property=\"og:locale\" content=\"es_ES\" \/>\n<meta property=\"og:type\" content=\"article\" \/>\n<meta property=\"og:title\" content=\"Les mouvements sociaux face \u00e0 la crise de la repr\u00e9sentation - Sarah Roubato\" \/>\n<meta property=\"og:description\" content=\"Quelque chose monte, qui vient de loin. Des ronds-points aux rues de la capitale, des milliers de jaunes aux centaines de verts, des oubli\u00e9s de la p\u00e9riph\u00e9rie aux \u00e9tudiants des centre villes, ils agacent ou font sourire, effraient ou donnent espoir. Ils viennent perturber le ronron de celle qu\u2019on voudrait \u00e9ternelle, notre ch\u00e8re Cinqui\u00e8me R\u00e9publique. [&hellip;]\" \/>\n<meta property=\"og:url\" content=\"https:\/\/www.sarahroubato.com\/en\/analyses\/representation\/\" \/>\n<meta property=\"og:site_name\" content=\"Sarah Roubato\" \/>\n<meta property=\"article:author\" content=\"https:\/\/www.facebook.com\/SarahRubato\" \/>\n<meta property=\"article:published_time\" content=\"2019-03-02T21:52:44+00:00\" \/>\n<meta property=\"article:modified_time\" content=\"2021-04-15T06:51:33+00:00\" \/>\n<meta property=\"og:image\" content=\"https:\/\/www.sarahroubato.com\/wp-content\/uploads\/2019\/03\/afaya.jpg\" \/>\n\t<meta property=\"og:image:width\" content=\"750\" \/>\n\t<meta property=\"og:image:height\" content=\"400\" \/>\n\t<meta property=\"og:image:type\" content=\"image\/jpeg\" \/>\n<meta name=\"twitter:card\" content=\"summary\" \/>\n<meta name=\"twitter:creator\" content=\"@SarahRubato\" \/>\n<meta name=\"twitter:label1\" content=\"Escrito por\" \/>\n\t<meta name=\"twitter:data1\" content=\"Sarah Roubato\" \/>\n\t<meta name=\"twitter:label2\" content=\"Tiempo de lectura\" \/>\n\t<meta name=\"twitter:data2\" content=\"42 minutos\" \/>\n<script type=\"application\/ld+json\" class=\"yoast-schema-graph\">{\"@context\":\"https:\/\/schema.org\",\"@graph\":[{\"@type\":\"WebSite\",\"@id\":\"https:\/\/www.sarahroubato.com\/#website\",\"url\":\"https:\/\/www.sarahroubato.com\/\",\"name\":\"Sarah Roubato\",\"description\":\"Desarrollar el potencial de las personas y de la sociedad\",\"potentialAction\":[{\"@type\":\"SearchAction\",\"target\":{\"@type\":\"EntryPoint\",\"urlTemplate\":\"https:\/\/www.sarahroubato.com\/?s={search_term_string}\"},\"query-input\":\"required name=search_term_string\"}],\"inLanguage\":\"es\"},{\"@type\":\"ImageObject\",\"@id\":\"https:\/\/www.sarahroubato.com\/en\/analyses\/representation\/#primaryimage\",\"inLanguage\":\"es\",\"url\":\"https:\/\/www.sarahroubato.com\/wp-content\/uploads\/2019\/03\/afaya.jpg\",\"contentUrl\":\"https:\/\/www.sarahroubato.com\/wp-content\/uploads\/2019\/03\/afaya.jpg\",\"width\":750,\"height\":400},{\"@type\":\"WebPage\",\"@id\":\"https:\/\/www.sarahroubato.com\/en\/analyses\/representation\/#webpage\",\"url\":\"https:\/\/www.sarahroubato.com\/en\/analyses\/representation\/\",\"name\":\"Les mouvements sociaux face \u00e0 la crise de la repr\u00e9sentation - Sarah Roubato\",\"isPartOf\":{\"@id\":\"https:\/\/www.sarahroubato.com\/#website\"},\"primaryImageOfPage\":{\"@id\":\"https:\/\/www.sarahroubato.com\/en\/analyses\/representation\/#primaryimage\"},\"datePublished\":\"2019-03-02T21:52:44+00:00\",\"dateModified\":\"2021-04-15T06:51:33+00:00\",\"author\":{\"@id\":\"https:\/\/www.sarahroubato.com\/#\/schema\/person\/2685c6d7bef7b9e1a4080510ea89fc04\"},\"breadcrumb\":{\"@id\":\"https:\/\/www.sarahroubato.com\/en\/analyses\/representation\/#breadcrumb\"},\"inLanguage\":\"es\",\"potentialAction\":[{\"@type\":\"ReadAction\",\"target\":[\"https:\/\/www.sarahroubato.com\/en\/analyses\/representation\/\"]}]},{\"@type\":\"BreadcrumbList\",\"@id\":\"https:\/\/www.sarahroubato.com\/en\/analyses\/representation\/#breadcrumb\",\"itemListElement\":[{\"@type\":\"ListItem\",\"position\":1,\"name\":\"Accueil\",\"item\":\"https:\/\/www.sarahroubato.com\/\"},{\"@type\":\"ListItem\",\"position\":2,\"name\":\"Social movements in the crisis of representation\"}]},{\"@type\":\"Person\",\"@id\":\"https:\/\/www.sarahroubato.com\/#\/schema\/person\/2685c6d7bef7b9e1a4080510ea89fc04\",\"name\":\"Sarah Roubato\",\"image\":{\"@type\":\"ImageObject\",\"@id\":\"https:\/\/www.sarahroubato.com\/#personlogo\",\"inLanguage\":\"es\",\"url\":\"https:\/\/secure.gravatar.com\/avatar\/f3b82a096236e32f3cb63cbce13ffb3d?s=96&d=mm&r=g\",\"contentUrl\":\"https:\/\/secure.gravatar.com\/avatar\/f3b82a096236e32f3cb63cbce13ffb3d?s=96&d=mm&r=g\",\"caption\":\"Sarah Roubato\"},\"sameAs\":[\"https:\/\/www.facebook.com\/SarahRubato\",\"https:\/\/twitter.com\/SarahRubato\"],\"url\":\"https:\/\/www.sarahroubato.com\/es\/author\/sarah\/\"}]}<\/script>\n<!-- \/ Yoast SEO plugin. -->","yoast_head_json":{"title":"Les mouvements sociaux face \u00e0 la crise de la repr\u00e9sentation - Sarah Roubato","robots":{"index":"index","follow":"follow","max-snippet":"max-snippet:-1","max-image-preview":"max-image-preview:large","max-video-preview":"max-video-preview:-1"},"canonical":"https:\/\/www.sarahroubato.com\/en\/analyses\/representation\/","og_locale":"es_ES","og_type":"article","og_title":"Les mouvements sociaux face \u00e0 la crise de la repr\u00e9sentation - Sarah Roubato","og_description":"Quelque chose monte, qui vient de loin. Des ronds-points aux rues de la capitale, des milliers de jaunes aux centaines de verts, des oubli\u00e9s de la p\u00e9riph\u00e9rie aux \u00e9tudiants des centre villes, ils agacent ou font sourire, effraient ou donnent espoir. Ils viennent perturber le ronron de celle qu\u2019on voudrait \u00e9ternelle, notre ch\u00e8re Cinqui\u00e8me R\u00e9publique. [&hellip;]","og_url":"https:\/\/www.sarahroubato.com\/en\/analyses\/representation\/","og_site_name":"Sarah Roubato","article_author":"https:\/\/www.facebook.com\/SarahRubato","article_published_time":"2019-03-02T21:52:44+00:00","article_modified_time":"2021-04-15T06:51:33+00:00","og_image":[{"width":750,"height":400,"url":"https:\/\/www.sarahroubato.com\/wp-content\/uploads\/2019\/03\/afaya.jpg","type":"image\/jpeg"}],"twitter_card":"summary","twitter_creator":"@SarahRubato","twitter_misc":{"Escrito por":"Sarah Roubato","Tiempo de lectura":"42 minutos"},"schema":{"@context":"https:\/\/schema.org","@graph":[{"@type":"WebSite","@id":"https:\/\/www.sarahroubato.com\/#website","url":"https:\/\/www.sarahroubato.com\/","name":"Sarah Roubato","description":"Desarrollar el potencial de las personas y de la sociedad","potentialAction":[{"@type":"SearchAction","target":{"@type":"EntryPoint","urlTemplate":"https:\/\/www.sarahroubato.com\/?s={search_term_string}"},"query-input":"required name=search_term_string"}],"inLanguage":"es"},{"@type":"ImageObject","@id":"https:\/\/www.sarahroubato.com\/en\/analyses\/representation\/#primaryimage","inLanguage":"es","url":"https:\/\/www.sarahroubato.com\/wp-content\/uploads\/2019\/03\/afaya.jpg","contentUrl":"https:\/\/www.sarahroubato.com\/wp-content\/uploads\/2019\/03\/afaya.jpg","width":750,"height":400},{"@type":"WebPage","@id":"https:\/\/www.sarahroubato.com\/en\/analyses\/representation\/#webpage","url":"https:\/\/www.sarahroubato.com\/en\/analyses\/representation\/","name":"Les mouvements sociaux face \u00e0 la crise de la repr\u00e9sentation - Sarah Roubato","isPartOf":{"@id":"https:\/\/www.sarahroubato.com\/#website"},"primaryImageOfPage":{"@id":"https:\/\/www.sarahroubato.com\/en\/analyses\/representation\/#primaryimage"},"datePublished":"2019-03-02T21:52:44+00:00","dateModified":"2021-04-15T06:51:33+00:00","author":{"@id":"https:\/\/www.sarahroubato.com\/#\/schema\/person\/2685c6d7bef7b9e1a4080510ea89fc04"},"breadcrumb":{"@id":"https:\/\/www.sarahroubato.com\/en\/analyses\/representation\/#breadcrumb"},"inLanguage":"es","potentialAction":[{"@type":"ReadAction","target":["https:\/\/www.sarahroubato.com\/en\/analyses\/representation\/"]}]},{"@type":"BreadcrumbList","@id":"https:\/\/www.sarahroubato.com\/en\/analyses\/representation\/#breadcrumb","itemListElement":[{"@type":"ListItem","position":1,"name":"Accueil","item":"https:\/\/www.sarahroubato.com\/"},{"@type":"ListItem","position":2,"name":"Social movements in the crisis of representation"}]},{"@type":"Person","@id":"https:\/\/www.sarahroubato.com\/#\/schema\/person\/2685c6d7bef7b9e1a4080510ea89fc04","name":"Sarah Roubato","image":{"@type":"ImageObject","@id":"https:\/\/www.sarahroubato.com\/#personlogo","inLanguage":"es","url":"https:\/\/secure.gravatar.com\/avatar\/f3b82a096236e32f3cb63cbce13ffb3d?s=96&d=mm&r=g","contentUrl":"https:\/\/secure.gravatar.com\/avatar\/f3b82a096236e32f3cb63cbce13ffb3d?s=96&d=mm&r=g","caption":"Sarah Roubato"},"sameAs":["https:\/\/www.facebook.com\/SarahRubato","https:\/\/twitter.com\/SarahRubato"],"url":"https:\/\/www.sarahroubato.com\/es\/author\/sarah\/"}]}},"jetpack_featured_media_url":"https:\/\/www.sarahroubato.com\/wp-content\/uploads\/2019\/03\/afaya.jpg","_links":{"self":[{"href":"https:\/\/www.sarahroubato.com\/es\/wp-json\/wp\/v2\/posts\/3150"}],"collection":[{"href":"https:\/\/www.sarahroubato.com\/es\/wp-json\/wp\/v2\/posts"}],"about":[{"href":"https:\/\/www.sarahroubato.com\/es\/wp-json\/wp\/v2\/types\/post"}],"author":[{"embeddable":true,"href":"https:\/\/www.sarahroubato.com\/es\/wp-json\/wp\/v2\/users\/2"}],"replies":[{"embeddable":true,"href":"https:\/\/www.sarahroubato.com\/es\/wp-json\/wp\/v2\/comments?post=3150"}],"version-history":[{"count":22,"href":"https:\/\/www.sarahroubato.com\/es\/wp-json\/wp\/v2\/posts\/3150\/revisions"}],"predecessor-version":[{"id":5266,"href":"https:\/\/www.sarahroubato.com\/es\/wp-json\/wp\/v2\/posts\/3150\/revisions\/5266"}],"wp:featuredmedia":[{"embeddable":true,"href":"https:\/\/www.sarahroubato.com\/es\/wp-json\/wp\/v2\/media\/3153"}],"wp:attachment":[{"href":"https:\/\/www.sarahroubato.com\/es\/wp-json\/wp\/v2\/media?parent=3150"}],"wp:term":[{"taxonomy":"category","embeddable":true,"href":"https:\/\/www.sarahroubato.com\/es\/wp-json\/wp\/v2\/categories?post=3150"},{"taxonomy":"post_tag","embeddable":true,"href":"https:\/\/www.sarahroubato.com\/es\/wp-json\/wp\/v2\/tags?post=3150"}],"curies":[{"name":"wp","href":"https:\/\/api.w.org\/{rel}","templated":true}]}}