
{"id":319,"date":"2015-05-03T16:29:55","date_gmt":"2015-05-03T16:29:55","guid":{"rendered":"https:\/\/www.sarahroubato.com\/?p=319"},"modified":"2020-05-18T15:56:16","modified_gmt":"2020-05-18T13:56:16","slug":"les-inepties-de-marek-halter-sur-radio-canada-vous-avez-dix-minutes","status":"publish","type":"post","link":"https:\/\/www.sarahroubato.com\/es\/analyses\/les-inepties-de-marek-halter-sur-radio-canada-vous-avez-dix-minutes\/","title":{"rendered":"Les inepties de Marek Halter sur Radio Canada : vous avez dix minutes !"},"content":{"rendered":"<p><a href=\"https:\/\/www.paypal.me\/sarahroubatofr\"><img loading=\"lazy\" class=\" size-medium wp-image-1026 aligncenter\" src=\"https:\/\/www.sarahroubato.com\/wp-content\/uploads\/2015\/12\/mafalda9-300x214.jpg\" alt=\"mafalda9\" width=\"300\" height=\"214\" srcset=\"https:\/\/www.sarahroubato.com\/wp-content\/uploads\/2015\/12\/mafalda9-300x214.jpg 300w, https:\/\/www.sarahroubato.com\/wp-content\/uploads\/2015\/12\/mafalda9-150x107.jpg 150w, https:\/\/www.sarahroubato.com\/wp-content\/uploads\/2015\/12\/mafalda9.jpg 378w\" sizes=\"(max-width: 300px) 100vw, 300px\" \/><\/a><\/p>\n<p>29 avril <em>Plus on est de fou plus on lit, <\/em>Radio Canada. Invit\u00e9 Marek Halter, proph\u00e8te de la paix dans le monde et de l\u2019ouverture \u00e0 l\u2019autre. Ce grand \u00e9crivain semble s\u2019\u00eatre donn\u00e9 un d\u00e9fi\u00a0: dire le plus d\u2019approximations et d\u2019inepties en dix minutes. Mais il sera absous, car son message est trop beau\u00a0: il faut s\u2019aimer et aimer l\u2019autre.<\/p>\n<p>&nbsp;<\/p>\n<p><strong>\u00ab\u00a0Se r\u00e9concilier, il faut faire un geste\u00a0: s\u2019approcher de l\u2019autre, lui taper sur l\u2019\u00e9paule. Tandis que s\u2019indigner\u00a0: vous restez devant votre t\u00e9l\u00e9viseur, et vous vous indignez.\u00a0\u00bb<\/strong><\/p>\n<p>&nbsp;<\/p>\n<p>L\u2019indignation, Monsieur Halter, est une forme de col\u00e8re saine qui permet de refuser sa condition et de la changer au nom d\u2019un id\u00e9al. Que celle propos\u00e9e par Monsieur Kessel soit inefficace, c\u2019est un autre d\u00e9bat. Que la plupart des gens se contente de rester derri\u00e8re leur \u00e9cran pour partager des photos et signer des p\u00e9titions en ligne en pensant que c\u2019est cela s\u2019indigner, c\u2019est une chose. Que l\u2019indignation soit r\u00e9duite dans votre bouche \u00e0 cela en est une autre. Si l\u2019indignation consiste \u00e0 rester devant son t\u00e9l\u00e9viseur, alors la r\u00e9conciliation pourrait bien consister \u00e0 se promener bras dessus bras dessous avec un repr\u00e9sentant du culte musulman devant les cam\u00e9ras.<\/p>\n<p>&nbsp;<\/p>\n<p><strong>\u00ab\u00a0Nous sommes, \u00e0 ma connaissance, les seuls \u00eatres vivants qui savent qu\u2019ils vont mourir\u00a0\u00bb. <\/strong><\/p>\n<p>&nbsp;<\/p>\n<p>Permettez que l\u2019on pr\u00e9f\u00e8re \u00e0 votre connaissance celle des \u00e9thologues, qui nous apprennent que les \u00e9l\u00e9phants, puisque vous les citez, ont une conscience aigue de la mort, puisqu\u2019une m\u00e8re \u00e9l\u00e9phant peut revenir chaque ann\u00e9e \u00e0 l\u2019endroit m\u00eame o\u00f9 son enfant est mort, et qu\u2019un dauphin peut se suicider.<\/p>\n<p>&nbsp;<\/p>\n<p><strong>\u00ab\u00a0Je suis comme tout le monde je me dis on sait jamais. On ne peut pas dire qu\u2019il y a des vrais agnostiques, quelqu\u2019un qui ex\u00e8cre Dieu \u00a0\u00bb<br \/>\n<\/strong><\/p>\n<p>Petit rappel des d\u00e9finitions : l\u2019agnosticisme consiste \u00e0 dire qu\u2019on ne sait pas si Dieu existe. Il n\u2019a ni adoration ni haine de Dieu dans l\u2019agnosticisme. Par ailleurs, et vous semblez volontairement faire l\u2019impasse sur eux, il existe des <em>ath\u00e9es\u00a0<\/em>: des personnes qui affirment qu\u2019il n\u2019y a pas de Dieu. Tout le monde donc ne se dit pas on ne sait jamais.<\/p>\n<p>&nbsp;<\/p>\n<p><strong>\u00ab\u00a0Nous sommes tous des humains, on se serre les coudes. C\u2019\u00e9tait l\u2019id\u00e9e du G\u00e9n\u00e9ral de Gaulle et de Adeneauer quand ils ont lanc\u00e9 l\u2019Europe\u00a0\u00bb <\/strong><\/p>\n<p>&nbsp;<\/p>\n<p>Ouf De Gaulle \u00e9tait donc un humaniste mondialiste\u00a0! Il ne voyait absolument pas dans l\u2019Europe le moyen d\u2019assoir le destin de la France et d\u2019assurer la s\u00e9curit\u00e9 en cr\u00e9ant des alliances entre les pays situ\u00e9s \u00e0 l\u2019ouest de l\u2019Allemagne et les pays situ\u00e9s \u00e0 l\u2019est. Ni bien s\u00fbr pour faire contre-poids \u00e0 la puissance des Etats-Unis. Non, le G\u00e9n\u00e9ral de Gaulle voulait bien s\u00fbr tout simplement que tous les humains se serrent les coudes.<\/p>\n<p>&nbsp;<\/p>\n<p><strong>\u00ab\u00a0Si on se replie on commence \u00e0 regarder tous les autres comme des ennemis\u2026 c\u2019est \u00e7a le nationalisme\u00a0\u00bb<\/strong><\/p>\n<p>Les \u00eatres humains sont des animaux sociaux. Comme tels, ils d\u00e9finissent des unit\u00e9s de groupe (clans, tribus, nations). L\u2019\u00c9tat-nation est un mod\u00e8le qui a \u00e9merg\u00e9 au 19<sup>\u00e8me<\/sup> si\u00e8cle et qui repose sur la d\u00e9finition d\u2019une langue et d\u2019un territoire communs \u00e0 un peuple. Le nationalisme est l\u2019adh\u00e9sion \u00e0 cette appartenance, que ce soit dans le souhait d\u2019avoir un pays ou dans celui de pr\u00e9server le sien.<\/p>\n<p>&nbsp;<\/p>\n<p>La haine, cher Monsieur Halter, n\u2019a pas besoin du nationalisme pour exister. Le repli sur soi se fait d\u2019un quartier \u00e0 l\u2019autre, d\u2019une r\u00e9gion \u00e0 l\u2019autre, d\u2019une mis\u00e8re \u00e0 l\u2019autre. Pour quelqu\u2019un qui plaide pour la reconnaissance de l\u2019autre, votre d\u00e9sir de pulv\u00e9riser toutes les fronti\u00e8res pour cr\u00e9er une humanit\u00e9 \u00e0 jamais unie semble quelque peu s\u2019assoir sur les diff\u00e9rences. Et je vais vous en apprendre une bonne, Monsieur Halter\u00a0: on peut vouloir pr\u00e9server la particularit\u00e9 de sa culture, de son pays, de sa langue, et reconna\u00eetre aux autres une humanit\u00e9 pleine et enti\u00e8re.<\/p>\n<p>&nbsp;<\/p>\n<p><strong>Remerciements<\/strong><\/p>\n<p>Merci Monsieur Halter de parcourir le monde pour r\u00e9pandre la bonne parole.<\/p>\n<p>&nbsp;<\/p>\n<p>Merci de parler des autres. Les autres qui malheureusement ne sont pas un bloc homog\u00e8ne que l\u2019on d\u00e9teste ou que l\u2019on adule. C\u2019est bien parce que les hommes ne sont pas seulement des chr\u00e9tiens, des juifs ou des musulmans, mais aussi des ouvriers, des cadres, des campagnards, des citadins, des nomades, des s\u00e9dentaires, qu\u2019ils s\u2019affrontent, se tuent, collaborent et font des alliances. R\u00e9conciliez-vous, dites-vous. Mais \u00e0 quel \u00ab\u00a0vous\u00a0\u00bb r\u00e9duisez-vous donc les hommes\u00a0?<\/p>\n<p>&nbsp;<\/p>\n<p>Merci d\u2019entretenir le religieux en ne voyant les humains que par la lorgnette du religieux, alors que les conflits qui se produisent partout au Proche et Moyen Orient et en Afrique, sont le fruits d\u2019un complexe agencement de facteurs politiques, \u00e9conomiques, sociaux, historiques, sur lequel vient se greffer le religieux comme catalyseur \u00e9motif. Si les Chiites se rebellent, ce n\u2019est pas pare qu\u2019ils m\u00e9prisent la doctrine sunnite, mais parce qu\u2019ils ont \u00e9t\u00e9 opprim\u00e9s pendant des si\u00e8cles. Ce sont donc des hommes politiquement et socialement marginalis\u00e9s qui saisissent l\u2019id\u00e9al r\u00e9volutionnaire du califat islamique de Daesh.<\/p>\n<p>Votre n\u00e9gation de la complexit\u00e9 du r\u00e9el ne fera pas avancer l\u2019humanit\u00e9 d\u2019un millim\u00e8tre vers la paix. En revanche, expliquer que le mouvement de l\u2019Arm\u00e9e de R\u00e9sistance du Seigneur, mouvement ougandais djihadiste, n\u2019a rien de religieux, ou que Boko Haram est une insurrection sociale et non religieuse, nous permet de mieux comprendre et de tenter de trouver des solutions. Je vous renvoie \u00e0 l\u2019excellent entretien avec Jean-Fran\u00e7ois Bayart, politologue et sociologue sp\u00e9cialiste de l\u2019Afrique, sur France inter dans l\u2019\u00e9mission <em>Un jour dans le monde<\/em> le 16 f\u00e9vrier dernier.<\/p>\n<p>Merci de dire que tout le monde doit s\u2019aimer. C\u2019est bien. Cela plaira aux bobos occidentaux. Ils diront que c\u2019est quand m\u00eame important de le rappeler. Mais cela m\u00e9rite-t-il les ondes m\u00e9diatiques et les conf\u00e9rences\u00a0? Ne vaudrait-il pas mieux inviter les chercheurs qui passent leur vie \u00e0 analyser les conflits\u00a0? Et pendant ce temps, on ne verrait plus Monsieur Halter dans les m\u00e9dias parce qu\u2019il oeuvrerait discr\u00e8tement mais efficacement pour faire appliquer son id\u00e9e d\u2019envoyer des jeunes susceptibles de se laisser s\u00e9duire par le djihad sauver les clandestins en M\u00e9diterran\u00e9e, o\u00f9 ils se sentiront aussi utiles et h\u00e9ros qu\u2019avec une kalachnikov et un drapeau noir.<\/p>\n<p>Merci pour vos oppositions simplistes entre l\u2019ouverture et le repli. Si j\u2019ai bien compris l\u2019ouverture c\u2019est qu\u2019on s\u2019aime tous et on est tous des humains. Le repli c\u2019est qu\u2019on est m\u00e9chant et qu\u2019on n\u2019aime pas les autres. Cette vision permettra sans doute aux futures g\u00e9n\u00e9rations de mieux comprendre le monde et d\u2019\u0153uvrer pour la paix.<\/p>\n<p>Pour un homme qui vit des mots, Marek Halter, vous les utilisez avec une l\u00e9g\u00e8ret\u00e9 qui fait froid dans le dos. Le mauvais usage des mots, la g\u00e9n\u00e9ralisation et la n\u00e9gation du r\u00e9el sont les premiers outils des r\u00e9gimes dictatoriaux, des mouvements djihadistes et des zones sombres de nos d\u00e9mocraties. Vous avez finalement trouv\u00e9 ce qui rapprochera l\u2019humanit\u00e9\u00a0: la b\u00eatise. Merci Monsieur Halter.<\/p>\n<p>&nbsp;<\/p>","protected":false},"excerpt":{"rendered":"<p>29 avril Plus on est de fou plus on lit, Radio Canada. Invit\u00e9 Marek Halter, proph\u00e8te de la paix dans le monde et de l\u2019ouverture \u00e0 l\u2019autre. Ce grand \u00e9crivain semble s\u2019\u00eatre donn\u00e9 un d\u00e9fi\u00a0: dire le plus d\u2019approximations et d\u2019inepties en dix minutes. Mais il sera absous, car son message est trop beau\u00a0: il [&hellip;]<\/p>\n","protected":false},"author":2,"featured_media":0,"comment_status":"open","ping_status":"open","sticky":false,"template":"","format":"standard","meta":{"spay_email":""},"categories":[19],"tags":[105,108,107,101,102,109,106,103,104],"acf":[],"yoast_head":"<!-- This site is optimized with the Yoast SEO plugin v18.4.1 - https:\/\/yoast.com\/wordpress\/plugins\/seo\/ -->\n<title>Les inepties de Marek Halter sur Radio Canada : vous avez dix minutes ! - Sarah Roubato<\/title>\n<meta name=\"robots\" content=\"index, follow, max-snippet:-1, max-image-preview:large, max-video-preview:-1\" \/>\n<link rel=\"canonical\" href=\"https:\/\/www.sarahroubato.com\/en\/analyses\/les-inepties-de-marek-halter-sur-radio-canada-vous-avez-dix-minutes\/\" \/>\n<meta property=\"og:locale\" content=\"es_ES\" \/>\n<meta property=\"og:type\" content=\"article\" \/>\n<meta property=\"og:title\" content=\"Les inepties de Marek Halter sur Radio Canada : vous avez dix minutes ! - Sarah Roubato\" \/>\n<meta property=\"og:description\" content=\"29 avril Plus on est de fou plus on lit, Radio Canada. Invit\u00e9 Marek Halter, proph\u00e8te de la paix dans le monde et de l\u2019ouverture \u00e0 l\u2019autre. Ce grand \u00e9crivain semble s\u2019\u00eatre donn\u00e9 un d\u00e9fi\u00a0: dire le plus d\u2019approximations et d\u2019inepties en dix minutes. Mais il sera absous, car son message est trop beau\u00a0: il [&hellip;]\" \/>\n<meta property=\"og:url\" content=\"https:\/\/www.sarahroubato.com\/en\/analyses\/les-inepties-de-marek-halter-sur-radio-canada-vous-avez-dix-minutes\/\" \/>\n<meta property=\"og:site_name\" content=\"Sarah Roubato\" \/>\n<meta property=\"article:author\" content=\"https:\/\/www.facebook.com\/SarahRubato\" \/>\n<meta property=\"article:published_time\" content=\"2015-05-03T16:29:55+00:00\" \/>\n<meta property=\"article:modified_time\" content=\"2020-05-18T13:56:16+00:00\" \/>\n<meta property=\"og:image\" content=\"https:\/\/www.sarahroubato.com\/wp-content\/uploads\/2019\/09\/Sarahimagedon-1024x737.jpg\" \/>\n<meta name=\"twitter:card\" content=\"summary\" \/>\n<meta name=\"twitter:creator\" content=\"@SarahRubato\" \/>\n<meta name=\"twitter:label1\" content=\"Escrito por\" \/>\n\t<meta name=\"twitter:data1\" content=\"Sarah Roubato\" \/>\n\t<meta name=\"twitter:label2\" content=\"Tiempo de lectura\" \/>\n\t<meta name=\"twitter:data2\" content=\"19 minutos\" \/>\n<script type=\"application\/ld+json\" class=\"yoast-schema-graph\">{\"@context\":\"https:\/\/schema.org\",\"@graph\":[{\"@type\":\"WebSite\",\"@id\":\"https:\/\/www.sarahroubato.com\/#website\",\"url\":\"https:\/\/www.sarahroubato.com\/\",\"name\":\"Sarah Roubato\",\"description\":\"Desarrollar el potencial de las personas y de la sociedad\",\"potentialAction\":[{\"@type\":\"SearchAction\",\"target\":{\"@type\":\"EntryPoint\",\"urlTemplate\":\"https:\/\/www.sarahroubato.com\/?s={search_term_string}\"},\"query-input\":\"required name=search_term_string\"}],\"inLanguage\":\"es\"},{\"@type\":\"ImageObject\",\"@id\":\"https:\/\/www.sarahroubato.com\/en\/analyses\/les-inepties-de-marek-halter-sur-radio-canada-vous-avez-dix-minutes\/#primaryimage\",\"inLanguage\":\"es\",\"url\":\"https:\/\/www.sarahroubato.com\/wp-content\/uploads\/2019\/09\/Sarahimagedon.jpg\",\"contentUrl\":\"https:\/\/www.sarahroubato.com\/wp-content\/uploads\/2019\/09\/Sarahimagedon.jpg\",\"width\":1024,\"height\":737},{\"@type\":\"WebPage\",\"@id\":\"https:\/\/www.sarahroubato.com\/en\/analyses\/les-inepties-de-marek-halter-sur-radio-canada-vous-avez-dix-minutes\/#webpage\",\"url\":\"https:\/\/www.sarahroubato.com\/en\/analyses\/les-inepties-de-marek-halter-sur-radio-canada-vous-avez-dix-minutes\/\",\"name\":\"Les inepties de Marek Halter sur Radio Canada : vous avez dix minutes ! - Sarah Roubato\",\"isPartOf\":{\"@id\":\"https:\/\/www.sarahroubato.com\/#website\"},\"primaryImageOfPage\":{\"@id\":\"https:\/\/www.sarahroubato.com\/en\/analyses\/les-inepties-de-marek-halter-sur-radio-canada-vous-avez-dix-minutes\/#primaryimage\"},\"datePublished\":\"2015-05-03T16:29:55+00:00\",\"dateModified\":\"2020-05-18T13:56:16+00:00\",\"author\":{\"@id\":\"https:\/\/www.sarahroubato.com\/#\/schema\/person\/2685c6d7bef7b9e1a4080510ea89fc04\"},\"breadcrumb\":{\"@id\":\"https:\/\/www.sarahroubato.com\/en\/analyses\/les-inepties-de-marek-halter-sur-radio-canada-vous-avez-dix-minutes\/#breadcrumb\"},\"inLanguage\":\"es\",\"potentialAction\":[{\"@type\":\"ReadAction\",\"target\":[\"https:\/\/www.sarahroubato.com\/en\/analyses\/les-inepties-de-marek-halter-sur-radio-canada-vous-avez-dix-minutes\/\"]}]},{\"@type\":\"BreadcrumbList\",\"@id\":\"https:\/\/www.sarahroubato.com\/en\/analyses\/les-inepties-de-marek-halter-sur-radio-canada-vous-avez-dix-minutes\/#breadcrumb\",\"itemListElement\":[{\"@type\":\"ListItem\",\"position\":1,\"name\":\"Accueil\",\"item\":\"https:\/\/www.sarahroubato.com\/\"},{\"@type\":\"ListItem\",\"position\":2,\"name\":\"Les inepties de Marek Halter sur Radio Canada : vous avez dix minutes !\"}]},{\"@type\":\"Person\",\"@id\":\"https:\/\/www.sarahroubato.com\/#\/schema\/person\/2685c6d7bef7b9e1a4080510ea89fc04\",\"name\":\"Sarah Roubato\",\"image\":{\"@type\":\"ImageObject\",\"@id\":\"https:\/\/www.sarahroubato.com\/#personlogo\",\"inLanguage\":\"es\",\"url\":\"https:\/\/secure.gravatar.com\/avatar\/f3b82a096236e32f3cb63cbce13ffb3d?s=96&d=mm&r=g\",\"contentUrl\":\"https:\/\/secure.gravatar.com\/avatar\/f3b82a096236e32f3cb63cbce13ffb3d?s=96&d=mm&r=g\",\"caption\":\"Sarah Roubato\"},\"sameAs\":[\"https:\/\/www.facebook.com\/SarahRubato\",\"https:\/\/twitter.com\/SarahRubato\"],\"url\":\"https:\/\/www.sarahroubato.com\/es\/author\/sarah\/\"}]}<\/script>\n<!-- \/ Yoast SEO plugin. -->","yoast_head_json":{"title":"Les inepties de Marek Halter sur Radio Canada : vous avez dix minutes ! - Sarah Roubato","robots":{"index":"index","follow":"follow","max-snippet":"max-snippet:-1","max-image-preview":"max-image-preview:large","max-video-preview":"max-video-preview:-1"},"canonical":"https:\/\/www.sarahroubato.com\/en\/analyses\/les-inepties-de-marek-halter-sur-radio-canada-vous-avez-dix-minutes\/","og_locale":"es_ES","og_type":"article","og_title":"Les inepties de Marek Halter sur Radio Canada : vous avez dix minutes ! - Sarah Roubato","og_description":"29 avril Plus on est de fou plus on lit, Radio Canada. Invit\u00e9 Marek Halter, proph\u00e8te de la paix dans le monde et de l\u2019ouverture \u00e0 l\u2019autre. Ce grand \u00e9crivain semble s\u2019\u00eatre donn\u00e9 un d\u00e9fi\u00a0: dire le plus d\u2019approximations et d\u2019inepties en dix minutes. Mais il sera absous, car son message est trop beau\u00a0: il [&hellip;]","og_url":"https:\/\/www.sarahroubato.com\/en\/analyses\/les-inepties-de-marek-halter-sur-radio-canada-vous-avez-dix-minutes\/","og_site_name":"Sarah Roubato","article_author":"https:\/\/www.facebook.com\/SarahRubato","article_published_time":"2015-05-03T16:29:55+00:00","article_modified_time":"2020-05-18T13:56:16+00:00","og_image":[{"url":"https:\/\/www.sarahroubato.com\/wp-content\/uploads\/2019\/09\/Sarahimagedon-1024x737.jpg"}],"twitter_card":"summary","twitter_creator":"@SarahRubato","twitter_misc":{"Escrito por":"Sarah Roubato","Tiempo de lectura":"19 minutos"},"schema":{"@context":"https:\/\/schema.org","@graph":[{"@type":"WebSite","@id":"https:\/\/www.sarahroubato.com\/#website","url":"https:\/\/www.sarahroubato.com\/","name":"Sarah Roubato","description":"Desarrollar el potencial de las personas y de la sociedad","potentialAction":[{"@type":"SearchAction","target":{"@type":"EntryPoint","urlTemplate":"https:\/\/www.sarahroubato.com\/?s={search_term_string}"},"query-input":"required name=search_term_string"}],"inLanguage":"es"},{"@type":"ImageObject","@id":"https:\/\/www.sarahroubato.com\/en\/analyses\/les-inepties-de-marek-halter-sur-radio-canada-vous-avez-dix-minutes\/#primaryimage","inLanguage":"es","url":"https:\/\/www.sarahroubato.com\/wp-content\/uploads\/2019\/09\/Sarahimagedon.jpg","contentUrl":"https:\/\/www.sarahroubato.com\/wp-content\/uploads\/2019\/09\/Sarahimagedon.jpg","width":1024,"height":737},{"@type":"WebPage","@id":"https:\/\/www.sarahroubato.com\/en\/analyses\/les-inepties-de-marek-halter-sur-radio-canada-vous-avez-dix-minutes\/#webpage","url":"https:\/\/www.sarahroubato.com\/en\/analyses\/les-inepties-de-marek-halter-sur-radio-canada-vous-avez-dix-minutes\/","name":"Les inepties de Marek Halter sur Radio Canada : vous avez dix minutes ! - Sarah Roubato","isPartOf":{"@id":"https:\/\/www.sarahroubato.com\/#website"},"primaryImageOfPage":{"@id":"https:\/\/www.sarahroubato.com\/en\/analyses\/les-inepties-de-marek-halter-sur-radio-canada-vous-avez-dix-minutes\/#primaryimage"},"datePublished":"2015-05-03T16:29:55+00:00","dateModified":"2020-05-18T13:56:16+00:00","author":{"@id":"https:\/\/www.sarahroubato.com\/#\/schema\/person\/2685c6d7bef7b9e1a4080510ea89fc04"},"breadcrumb":{"@id":"https:\/\/www.sarahroubato.com\/en\/analyses\/les-inepties-de-marek-halter-sur-radio-canada-vous-avez-dix-minutes\/#breadcrumb"},"inLanguage":"es","potentialAction":[{"@type":"ReadAction","target":["https:\/\/www.sarahroubato.com\/en\/analyses\/les-inepties-de-marek-halter-sur-radio-canada-vous-avez-dix-minutes\/"]}]},{"@type":"BreadcrumbList","@id":"https:\/\/www.sarahroubato.com\/en\/analyses\/les-inepties-de-marek-halter-sur-radio-canada-vous-avez-dix-minutes\/#breadcrumb","itemListElement":[{"@type":"ListItem","position":1,"name":"Accueil","item":"https:\/\/www.sarahroubato.com\/"},{"@type":"ListItem","position":2,"name":"Les inepties de Marek Halter sur Radio Canada : vous avez dix minutes !"}]},{"@type":"Person","@id":"https:\/\/www.sarahroubato.com\/#\/schema\/person\/2685c6d7bef7b9e1a4080510ea89fc04","name":"Sarah Roubato","image":{"@type":"ImageObject","@id":"https:\/\/www.sarahroubato.com\/#personlogo","inLanguage":"es","url":"https:\/\/secure.gravatar.com\/avatar\/f3b82a096236e32f3cb63cbce13ffb3d?s=96&d=mm&r=g","contentUrl":"https:\/\/secure.gravatar.com\/avatar\/f3b82a096236e32f3cb63cbce13ffb3d?s=96&d=mm&r=g","caption":"Sarah Roubato"},"sameAs":["https:\/\/www.facebook.com\/SarahRubato","https:\/\/twitter.com\/SarahRubato"],"url":"https:\/\/www.sarahroubato.com\/es\/author\/sarah\/"}]}},"jetpack_featured_media_url":"","_links":{"self":[{"href":"https:\/\/www.sarahroubato.com\/es\/wp-json\/wp\/v2\/posts\/319"}],"collection":[{"href":"https:\/\/www.sarahroubato.com\/es\/wp-json\/wp\/v2\/posts"}],"about":[{"href":"https:\/\/www.sarahroubato.com\/es\/wp-json\/wp\/v2\/types\/post"}],"author":[{"embeddable":true,"href":"https:\/\/www.sarahroubato.com\/es\/wp-json\/wp\/v2\/users\/2"}],"replies":[{"embeddable":true,"href":"https:\/\/www.sarahroubato.com\/es\/wp-json\/wp\/v2\/comments?post=319"}],"version-history":[{"count":5,"href":"https:\/\/www.sarahroubato.com\/es\/wp-json\/wp\/v2\/posts\/319\/revisions"}],"predecessor-version":[{"id":4467,"href":"https:\/\/www.sarahroubato.com\/es\/wp-json\/wp\/v2\/posts\/319\/revisions\/4467"}],"wp:attachment":[{"href":"https:\/\/www.sarahroubato.com\/es\/wp-json\/wp\/v2\/media?parent=319"}],"wp:term":[{"taxonomy":"category","embeddable":true,"href":"https:\/\/www.sarahroubato.com\/es\/wp-json\/wp\/v2\/categories?post=319"},{"taxonomy":"post_tag","embeddable":true,"href":"https:\/\/www.sarahroubato.com\/es\/wp-json\/wp\/v2\/tags?post=319"}],"curies":[{"name":"wp","href":"https:\/\/api.w.org\/{rel}","templated":true}]}}