
{"id":4092,"date":"2021-03-07T23:40:24","date_gmt":"2021-03-07T22:40:24","guid":{"rendered":"https:\/\/www.sarahroubato.com\/?p=4092"},"modified":"2022-10-12T00:01:33","modified_gmt":"2022-10-11T22:01:33","slug":"pourleshommes","status":"publish","type":"post","link":"https:\/\/www.sarahroubato.com\/es\/analyses\/pourleshommes\/","title":{"rendered":"Hoy 8 de marzo, yo que soy una mujer, escribo para los hombres"},"content":{"rendered":"<p>Hoy es el 8 de marzo. Una de estas jornadas que se inventan para todo lo que est\u00e1 en peligro, amenazado, fr\u00e1gil. Hoy, seg\u00fan parece, es el d\u00eda de la mujer, de las mujeres&#8230; de los derechos de las mujeres. Y aunque hoy, yo que soy una mujer tengo ganas de escribir para los hombres. Porque tengo miedo de que los hombres est\u00e9n en peligro. Y por lo tanto que nosotros lo estemos tambi\u00e9n.<\/p>\n<p>Soy una mujer. Conozco a los depredadores, los manipuladores, los despectivos, los torpes, los criminales. Los he conocido en mi carne. Quienes estropean a las mujeres porque son mujeres. Que las han hecho objetos de sus impulsos, las alfombras donde ellos limpian sus frustraciones, los territorios donde ejercen su poder. Pero no quiero dar a estos hombres el monopolio de representar a todos los hombres. No quiero que ellos confisquen a los hombres lo que es ser un hombre. Y nunca dejar\u00e9 a las mujeres, tan ide\u00f3logas como los que pretenden combatir, convertir\u00a0 a los\u00a0 hombres en una entidad asociada a la podredumbre que ser\u00eda nuestro enemigo absoluto. Lo que hay que combatir es un sistema patriarcal del que tod@s somos hereder@s y reproductor@s, por adhesi\u00f3n, por sumisi\u00f3n o por indiferencia. Es un largo combate, pero este no es un combate contra los hombres, ni contra los hombres blancos, ni contra los hombres\u00a0\u00a0 ricos. El desprecio y la violencia contra las mujeres tambi\u00e9n existen entre los hombres no blancos y pobres. Las mujeres que est\u00e1n obsesionadas por su apariencia, por su exceso de kilos, por la erradicaci\u00f3n de sus vellos, reproducen igualmente el sistema que las esclaviza.<\/p>\n<p>Por lo tanto luchar\u00e9 con todas mis fuerzas para que me respeten, no s\u00f3lo como mujer, sino como individuo de piel negra u oscura, con un cuerpo que no corresponde a los c\u00e1nones de belleza o a los estantes de los almacenes, como personalidad demasiado entera, demasiado intensa, demasiado exigente, demasiado presente, como una persona con m\u00faltiples pertenencias que no cabe en las cajas preparadas por la sociedad, como artista tambi\u00e9n, y no \u201cmujer-artista\u201d. As\u00ed es como luchar\u00e9 con todo mi ser para que no aplastemos a todos esos hombres. Enamorados o seductores, encuentros de una noche o de una vida. Los que saben encarnar sus sentimientos y los que no saben, los que piensan bien y hacen da\u00f1o, los que no saben c\u00f3mo hacerlo, los que tienen miedo y huyen, y los que, quiz\u00e1, ya no saben d\u00f3nde meterse, si todav\u00eda tienen derecho a decirle a una mujer que es bella, si tienen que verbalizar cada uno de sus gestos para pedir permiso, si tienen que feminizar cada palabra. Quiero a estos hombres a mi lado, incluso torpes, incluso inh\u00e1biles Necesito estos hombres para amarme. Para acoger mi potencia, como acoger\u00e9 su fragilidad.<\/p>\n<p>No quiero que nadie, sea hombre o mujer, se acerque a m\u00ed pretendiendo saber lo que soy porque soy una mujer. Porque no soy s\u00f3lo una mujer. Soy una mujer y al-go m\u00e1s que eso. As\u00ed que tampoco me acercar\u00e9 a ellos, dici\u00e9ndome: \u201cLos hombres son\u201d esto o aquello, o \u201cSomos mujeres as\u00ed que, entre nosotras, nos entendemos mejor\u201d.<\/p>\n<p>Mis afinidades van mucho m\u00e1s all\u00e1 de mi g\u00e9nero. Quiero poder ser amiga de los hombres, acercarme a ellos como una buena compa\u00f1era, sin contenerme con el pretexto de que soy una mujer. Poder decirme a m\u00ed misma: \u201cSe parece a mi hermano. El que nunca tuve\u201d.<\/p>\n<p>No ser\u00e9 solidaria con todas las mujeres porque son mujeres. Me solidarizar\u00e9 con todas las v\u00edctimas de la injusticia de la violencia y las mentiras, pero su sufrimiento nunca justificar\u00e1, a mis ojos, los atajos, el desprecio y el reenv\u00edo de la violencia. Las luchas de hoy tienen lugar en las oposiciones binarias y c\u00f3modas del poderoso contra el d\u00e9bil, del rico contra el pobre, del bueno contra el malo, las minor\u00edas contra el \u00abblanco\u00bb, de la mujer contra el hombre.\u00a0 Esta lucha se har\u00e1 sin m\u00ed. He experimentado suficientemente la complejidad de lo real, las situaciones y los seres humanos, para saber que estos esquemas binarios son s\u00f3lo posturas que nos alivian, que hacen mucho ruido, pero no solucionan nada. He conocido ricos maravillosos y pobres huevones, blancos abiertos y racistas no blancos, hombres respetuosos y mujeres despectivas.<\/p>\n<p>S\u00ed, y mil veces s\u00ed, las v\u00edctimas de violaciones y de agresiones sexuales necesitan ser escuchadas. La fuerza de su grito se hace eco de la violencia que han sufrido. Pero este requisito de hablar s\u00f3lo ser\u00e1 un nuevo gesto de violencia, si se vomita sobre una entidad que se fabrica para mejor pisotearla, en lugar de depositarlo, para decir y reparar. Luchar\u00e9 con estos hombres y mujeres que acogen esta complejidad y luchan por servir un mismo ideal de justicia y verdad.<\/p>\n<p>Ser mujer no ser\u00e1 mi estandarte. Ser\u00e1 simplemente una de mis verdades. Ni m\u00e1s ni menos que las dem\u00e1s. No la usar\u00e9 contra los hombres, sino con ellos. Porque diciendo <em>esta es la mujer que soy<\/em>, les permitir\u00e9 convertirse en esos hombres que anhelamos.<\/p>\n<p>Traduccion \u00a0:\u00a0<b><a href=\"http:\/\/www.tlaxcala-int.org\/biographie.asp?ref_aut=1729&amp;lg_pp=es\">Mar\u00eda Piedad Ossaba\u00a0<\/a><\/b><\/p>","protected":false},"excerpt":{"rendered":"<p>Hoy es el 8 de marzo. Una de estas jornadas que se inventan para todo lo que est\u00e1 en peligro, amenazado, fr\u00e1gil. Hoy, seg\u00fan parece, es el d\u00eda de la mujer, de las mujeres&#8230; de los derechos de las mujeres. Y aunque hoy, yo que soy una mujer tengo ganas de escribir para los hombres. [&hellip;]<\/p>\n","protected":false},"author":2,"featured_media":5321,"comment_status":"open","ping_status":"open","sticky":true,"template":"","format":"standard","meta":{"spay_email":""},"categories":[19],"tags":[496,505,497,508,459,499,498,506,509,507,504,495,503],"acf":[],"yoast_head":"<!-- This site is optimized with the Yoast SEO plugin v18.4.1 - https:\/\/yoast.com\/wordpress\/plugins\/seo\/ -->\n<title>Hoy 8 de marzo, yo que soy una mujer, escribo para los hombres - Sarah Roubato<\/title>\n<meta name=\"robots\" content=\"index, follow, max-snippet:-1, max-image-preview:large, max-video-preview:-1\" \/>\n<link rel=\"canonical\" href=\"https:\/\/www.sarahroubato.com\/analyses\/pourleshommes\/\" \/>\n<meta property=\"og:locale\" content=\"es_ES\" \/>\n<meta property=\"og:type\" content=\"article\" \/>\n<meta property=\"og:title\" content=\"Hoy 8 de marzo, yo que soy una mujer, escribo para los hombres - Sarah Roubato\" \/>\n<meta property=\"og:description\" content=\"Hoy es el 8 de marzo. Una de estas jornadas que se inventan para todo lo que est\u00e1 en peligro, amenazado, fr\u00e1gil. Hoy, seg\u00fan parece, es el d\u00eda de la mujer, de las mujeres&#8230; de los derechos de las mujeres. Y aunque hoy, yo que soy una mujer tengo ganas de escribir para los hombres. [&hellip;]\" \/>\n<meta property=\"og:url\" content=\"https:\/\/www.sarahroubato.com\/analyses\/pourleshommes\/\" \/>\n<meta property=\"og:site_name\" content=\"Sarah Roubato\" \/>\n<meta property=\"article:author\" content=\"https:\/\/www.facebook.com\/SarahRubato\" \/>\n<meta property=\"article:published_time\" content=\"2021-03-07T22:40:24+00:00\" \/>\n<meta property=\"article:modified_time\" content=\"2022-10-11T22:01:33+00:00\" \/>\n<meta property=\"og:image\" content=\"https:\/\/www.sarahroubato.com\/wp-content\/uploads\/2021\/03\/hommeconsole.jpeg\" \/>\n\t<meta property=\"og:image:width\" content=\"661\" \/>\n\t<meta property=\"og:image:height\" content=\"840\" \/>\n\t<meta property=\"og:image:type\" content=\"image\/jpeg\" \/>\n<meta name=\"twitter:card\" content=\"summary\" \/>\n<meta name=\"twitter:creator\" content=\"@SarahRubato\" \/>\n<meta name=\"twitter:label1\" content=\"Escrito por\" \/>\n\t<meta name=\"twitter:data1\" content=\"Sarah Roubato\" \/>\n\t<meta name=\"twitter:label2\" content=\"Tiempo de lectura\" \/>\n\t<meta name=\"twitter:data2\" content=\"13 minutos\" \/>\n<script type=\"application\/ld+json\" class=\"yoast-schema-graph\">{\"@context\":\"https:\/\/schema.org\",\"@graph\":[{\"@type\":\"WebSite\",\"@id\":\"https:\/\/www.sarahroubato.com\/#website\",\"url\":\"https:\/\/www.sarahroubato.com\/\",\"name\":\"Sarah Roubato\",\"description\":\"Desarrollar el potencial de las personas y de la sociedad\",\"potentialAction\":[{\"@type\":\"SearchAction\",\"target\":{\"@type\":\"EntryPoint\",\"urlTemplate\":\"https:\/\/www.sarahroubato.com\/?s={search_term_string}\"},\"query-input\":\"required name=search_term_string\"}],\"inLanguage\":\"es\"},{\"@type\":\"ImageObject\",\"@id\":\"https:\/\/www.sarahroubato.com\/analyses\/pourleshommes\/#primaryimage\",\"inLanguage\":\"es\",\"url\":\"https:\/\/www.sarahroubato.com\/wp-content\/uploads\/2021\/03\/hommeconsole.jpeg\",\"contentUrl\":\"https:\/\/www.sarahroubato.com\/wp-content\/uploads\/2021\/03\/hommeconsole.jpeg\",\"width\":661,\"height\":840},{\"@type\":\"WebPage\",\"@id\":\"https:\/\/www.sarahroubato.com\/analyses\/pourleshommes\/#webpage\",\"url\":\"https:\/\/www.sarahroubato.com\/analyses\/pourleshommes\/\",\"name\":\"Hoy 8 de marzo, yo que soy una mujer, escribo para los hombres - Sarah Roubato\",\"isPartOf\":{\"@id\":\"https:\/\/www.sarahroubato.com\/#website\"},\"primaryImageOfPage\":{\"@id\":\"https:\/\/www.sarahroubato.com\/analyses\/pourleshommes\/#primaryimage\"},\"datePublished\":\"2021-03-07T22:40:24+00:00\",\"dateModified\":\"2022-10-11T22:01:33+00:00\",\"author\":{\"@id\":\"https:\/\/www.sarahroubato.com\/#\/schema\/person\/2685c6d7bef7b9e1a4080510ea89fc04\"},\"breadcrumb\":{\"@id\":\"https:\/\/www.sarahroubato.com\/analyses\/pourleshommes\/#breadcrumb\"},\"inLanguage\":\"es\",\"potentialAction\":[{\"@type\":\"ReadAction\",\"target\":[\"https:\/\/www.sarahroubato.com\/analyses\/pourleshommes\/\"]}]},{\"@type\":\"BreadcrumbList\",\"@id\":\"https:\/\/www.sarahroubato.com\/analyses\/pourleshommes\/#breadcrumb\",\"itemListElement\":[{\"@type\":\"ListItem\",\"position\":1,\"name\":\"Accueil\",\"item\":\"https:\/\/www.sarahroubato.com\/\"},{\"@type\":\"ListItem\",\"position\":2,\"name\":\"Pour les hommes\"}]},{\"@type\":\"Person\",\"@id\":\"https:\/\/www.sarahroubato.com\/#\/schema\/person\/2685c6d7bef7b9e1a4080510ea89fc04\",\"name\":\"Sarah Roubato\",\"image\":{\"@type\":\"ImageObject\",\"@id\":\"https:\/\/www.sarahroubato.com\/#personlogo\",\"inLanguage\":\"es\",\"url\":\"https:\/\/secure.gravatar.com\/avatar\/f3b82a096236e32f3cb63cbce13ffb3d?s=96&d=mm&r=g\",\"contentUrl\":\"https:\/\/secure.gravatar.com\/avatar\/f3b82a096236e32f3cb63cbce13ffb3d?s=96&d=mm&r=g\",\"caption\":\"Sarah Roubato\"},\"sameAs\":[\"https:\/\/www.facebook.com\/SarahRubato\",\"https:\/\/twitter.com\/SarahRubato\"],\"url\":\"https:\/\/www.sarahroubato.com\/es\/author\/sarah\/\"}]}<\/script>\n<!-- \/ Yoast SEO plugin. -->","yoast_head_json":{"title":"Hoy 8 de marzo, yo que soy una mujer, escribo para los hombres - Sarah Roubato","robots":{"index":"index","follow":"follow","max-snippet":"max-snippet:-1","max-image-preview":"max-image-preview:large","max-video-preview":"max-video-preview:-1"},"canonical":"https:\/\/www.sarahroubato.com\/analyses\/pourleshommes\/","og_locale":"es_ES","og_type":"article","og_title":"Hoy 8 de marzo, yo que soy una mujer, escribo para los hombres - Sarah Roubato","og_description":"Hoy es el 8 de marzo. Una de estas jornadas que se inventan para todo lo que est\u00e1 en peligro, amenazado, fr\u00e1gil. Hoy, seg\u00fan parece, es el d\u00eda de la mujer, de las mujeres&#8230; de los derechos de las mujeres. Y aunque hoy, yo que soy una mujer tengo ganas de escribir para los hombres. [&hellip;]","og_url":"https:\/\/www.sarahroubato.com\/analyses\/pourleshommes\/","og_site_name":"Sarah Roubato","article_author":"https:\/\/www.facebook.com\/SarahRubato","article_published_time":"2021-03-07T22:40:24+00:00","article_modified_time":"2022-10-11T22:01:33+00:00","og_image":[{"width":661,"height":840,"url":"https:\/\/www.sarahroubato.com\/wp-content\/uploads\/2021\/03\/hommeconsole.jpeg","type":"image\/jpeg"}],"twitter_card":"summary","twitter_creator":"@SarahRubato","twitter_misc":{"Escrito por":"Sarah Roubato","Tiempo de lectura":"13 minutos"},"schema":{"@context":"https:\/\/schema.org","@graph":[{"@type":"WebSite","@id":"https:\/\/www.sarahroubato.com\/#website","url":"https:\/\/www.sarahroubato.com\/","name":"Sarah Roubato","description":"Desarrollar el potencial de las personas y de la sociedad","potentialAction":[{"@type":"SearchAction","target":{"@type":"EntryPoint","urlTemplate":"https:\/\/www.sarahroubato.com\/?s={search_term_string}"},"query-input":"required name=search_term_string"}],"inLanguage":"es"},{"@type":"ImageObject","@id":"https:\/\/www.sarahroubato.com\/analyses\/pourleshommes\/#primaryimage","inLanguage":"es","url":"https:\/\/www.sarahroubato.com\/wp-content\/uploads\/2021\/03\/hommeconsole.jpeg","contentUrl":"https:\/\/www.sarahroubato.com\/wp-content\/uploads\/2021\/03\/hommeconsole.jpeg","width":661,"height":840},{"@type":"WebPage","@id":"https:\/\/www.sarahroubato.com\/analyses\/pourleshommes\/#webpage","url":"https:\/\/www.sarahroubato.com\/analyses\/pourleshommes\/","name":"Hoy 8 de marzo, yo que soy una mujer, escribo para los hombres - Sarah Roubato","isPartOf":{"@id":"https:\/\/www.sarahroubato.com\/#website"},"primaryImageOfPage":{"@id":"https:\/\/www.sarahroubato.com\/analyses\/pourleshommes\/#primaryimage"},"datePublished":"2021-03-07T22:40:24+00:00","dateModified":"2022-10-11T22:01:33+00:00","author":{"@id":"https:\/\/www.sarahroubato.com\/#\/schema\/person\/2685c6d7bef7b9e1a4080510ea89fc04"},"breadcrumb":{"@id":"https:\/\/www.sarahroubato.com\/analyses\/pourleshommes\/#breadcrumb"},"inLanguage":"es","potentialAction":[{"@type":"ReadAction","target":["https:\/\/www.sarahroubato.com\/analyses\/pourleshommes\/"]}]},{"@type":"BreadcrumbList","@id":"https:\/\/www.sarahroubato.com\/analyses\/pourleshommes\/#breadcrumb","itemListElement":[{"@type":"ListItem","position":1,"name":"Accueil","item":"https:\/\/www.sarahroubato.com\/"},{"@type":"ListItem","position":2,"name":"Pour les hommes"}]},{"@type":"Person","@id":"https:\/\/www.sarahroubato.com\/#\/schema\/person\/2685c6d7bef7b9e1a4080510ea89fc04","name":"Sarah Roubato","image":{"@type":"ImageObject","@id":"https:\/\/www.sarahroubato.com\/#personlogo","inLanguage":"es","url":"https:\/\/secure.gravatar.com\/avatar\/f3b82a096236e32f3cb63cbce13ffb3d?s=96&d=mm&r=g","contentUrl":"https:\/\/secure.gravatar.com\/avatar\/f3b82a096236e32f3cb63cbce13ffb3d?s=96&d=mm&r=g","caption":"Sarah Roubato"},"sameAs":["https:\/\/www.facebook.com\/SarahRubato","https:\/\/twitter.com\/SarahRubato"],"url":"https:\/\/www.sarahroubato.com\/es\/author\/sarah\/"}]}},"jetpack_featured_media_url":"https:\/\/www.sarahroubato.com\/wp-content\/uploads\/2021\/03\/hommeconsole.jpeg","_links":{"self":[{"href":"https:\/\/www.sarahroubato.com\/es\/wp-json\/wp\/v2\/posts\/4092"}],"collection":[{"href":"https:\/\/www.sarahroubato.com\/es\/wp-json\/wp\/v2\/posts"}],"about":[{"href":"https:\/\/www.sarahroubato.com\/es\/wp-json\/wp\/v2\/types\/post"}],"author":[{"embeddable":true,"href":"https:\/\/www.sarahroubato.com\/es\/wp-json\/wp\/v2\/users\/2"}],"replies":[{"embeddable":true,"href":"https:\/\/www.sarahroubato.com\/es\/wp-json\/wp\/v2\/comments?post=4092"}],"version-history":[{"count":22,"href":"https:\/\/www.sarahroubato.com\/es\/wp-json\/wp\/v2\/posts\/4092\/revisions"}],"predecessor-version":[{"id":5825,"href":"https:\/\/www.sarahroubato.com\/es\/wp-json\/wp\/v2\/posts\/4092\/revisions\/5825"}],"wp:featuredmedia":[{"embeddable":true,"href":"https:\/\/www.sarahroubato.com\/es\/wp-json\/wp\/v2\/media\/5321"}],"wp:attachment":[{"href":"https:\/\/www.sarahroubato.com\/es\/wp-json\/wp\/v2\/media?parent=4092"}],"wp:term":[{"taxonomy":"category","embeddable":true,"href":"https:\/\/www.sarahroubato.com\/es\/wp-json\/wp\/v2\/categories?post=4092"},{"taxonomy":"post_tag","embeddable":true,"href":"https:\/\/www.sarahroubato.com\/es\/wp-json\/wp\/v2\/tags?post=4092"}],"curies":[{"name":"wp","href":"https:\/\/api.w.org\/{rel}","templated":true}]}}