
{"id":925,"date":"2015-11-07T22:22:28","date_gmt":"2015-11-08T04:22:28","guid":{"rendered":"https:\/\/www.sarahroubato.com\/?p=925"},"modified":"2020-05-17T14:20:56","modified_gmt":"2020-05-17T12:20:56","slug":"pierrot1","status":"publish","type":"post","link":"https:\/\/www.sarahroubato.com\/es\/lettres\/pierrot1\/","title":{"rendered":"Lettre \u00e0 Pierrot 1 : Se reconna\u00eetre"},"content":{"rendered":"<p><a href=\"https:\/\/www.paypal.me\/sarahroubatofr\"><img loading=\"lazy\" class=\" size-medium wp-image-1026 aligncenter\" src=\"https:\/\/www.sarahroubato.com\/wp-content\/uploads\/2015\/12\/mafalda9-300x214.jpg\" alt=\"mafalda9\" width=\"300\" height=\"214\" srcset=\"https:\/\/www.sarahroubato.com\/wp-content\/uploads\/2015\/12\/mafalda9-300x214.jpg 300w, https:\/\/www.sarahroubato.com\/wp-content\/uploads\/2015\/12\/mafalda9-150x107.jpg 150w, https:\/\/www.sarahroubato.com\/wp-content\/uploads\/2015\/12\/mafalda9.jpg 378w\" sizes=\"(max-width: 300px) 100vw, 300px\" \/><\/a><\/p>\n<p>Montr\u00e9al, le 8 novembre 2015<\/p>\n<p>Cher Pierrot,<\/p>\n<p>On ne se conna\u00eet pas, mais je vous ai tout de suite reconnu. Vous n\u2019\u00e9tiez m\u00eame pas l\u00e0. Je veux dire, pas l\u00e0 physiquement. Mais pendant plus d\u2019une heure, il ne s\u2019agissait que de vous. De vous et de moi.<br \/>\nC\u2019\u00e9tait il y a deux semaines, sur une sc\u00e8ne de Montr\u00e9al. Par la voix les mots et les yeux p\u00e9tillants de <strong><a href=\"https:\/\/www.sarahroubato.com\/emissionradio\/simon-gauthier\">Simon Gauthier<\/a><\/strong>, le conteur. Son spectacle Le vagabond c\u00e9leste, c\u2019Est vous. Enfin c\u2019est un autre vous. Un Pierrot tricot\u00e9 avec deux pelotes de laine : celle de l\u2019imaginaire et celle du r\u00e9el.<\/p>\n<p>Dans la premi\u00e8re partie du spectacle, Simon vous gonfle d\u2019\u00e9ther, et nous pr\u00e9sente la l\u00e9gende du vagabond c\u00e9leste. Un personnage de conte, de pur imagination. Puis il le fait descendre dans nos rues, le fait pousser la porte d\u2019un bar et monter sur une sc\u00e8ne. \u00c0 la fin, il vous recoud de chair. Et vous voil\u00e0. Le vagabond c\u00e9leste est une l\u00e9gende r\u00e9elle. Vous \u00eates ce que chacun porte en soi.<\/p>\n<p>L\u2019histoire d\u2019un homme qui a quitt\u00e9 sa vie qui ne lui ressemblait plus. Parce que parfois nos vies se mettent \u00e0 n\u2019en faire qu\u2019\u00e0 leur t\u00eate, \u00e0 se maquiller et \u00e0 n\u2019\u00eatre plus reconnaissable. Il a donc quitt\u00e9 sa maison, ses biens, ses comptes en banque, pour devenir vagabond. En errance po\u00e9tique. Pour aller chercher la po\u00e9sie du quotidien aupr\u00e8s des r\u00eaveurs, et la redonner \u00e0 ceux qui ont perdu leur lumi\u00e8re. Offrir des chansons, comme un pont jet\u00e9 sur la rivi\u00e8re de leur vie. Un pont qui m\u00e8ne sur l\u2019autre rive. Vous savez, celle qui recule toujours. La rive de notre r\u00eave.<\/p>\n<p>C\u2019est \u00e0 un moment pr\u00e9cis du spectacle que je vous ai reconnu. Et en vous reconnaissant, je c\u2019est moi que j\u2019ai reconnu. C\u2019\u00e9tait le moment de cette fameuse nuit. Mais je vous en parlerai dans mon prochain bout de lettre.<\/p>\n<p>entretien avec Simon Gauthier \u00e0 \u00e9couter <strong><a href=\"https:\/\/www.sarahroubato.com\/emissionradio\/simon-gauthier\">ici<\/a><\/strong><\/p>\n<p><a href=\"https:\/\/www.sarahroubato.com\/wp-content\/uploads\/2015\/07\/signature-Sarah-NB.png\"><img loading=\"lazy\" class=\"alignleft size-medium wp-image-696\" src=\"https:\/\/www.sarahroubato.com\/wp-content\/uploads\/2015\/07\/signature-Sarah-NB-300x145.png\" alt=\"signature Sarah NB\" width=\"300\" height=\"145\" \/><\/a><\/p>","protected":false},"excerpt":{"rendered":"<p>Montr\u00e9al, le 8 novembre 2015 Cher Pierrot, On ne se conna\u00eet pas, mais je vous ai tout de suite reconnu. Vous n\u2019\u00e9tiez m\u00eame pas l\u00e0. Je veux dire, pas l\u00e0 physiquement. Mais pendant plus d\u2019une heure, il ne s\u2019agissait que de vous. De vous et de moi. C\u2019\u00e9tait il y a deux semaines, sur une [&hellip;]<\/p>\n","protected":false},"author":2,"featured_media":930,"comment_status":"open","ping_status":"open","sticky":false,"template":"","format":"standard","meta":{"spay_email":""},"categories":[174],"tags":[263,267,270,268,269,160,190,256],"acf":[],"yoast_head":"<!-- This site is optimized with the Yoast SEO plugin v18.4.1 - https:\/\/yoast.com\/wordpress\/plugins\/seo\/ -->\n<title>Lettre \u00e0 Pierrot 1 : Se reconna\u00eetre - Sarah Roubato<\/title>\n<meta name=\"robots\" content=\"index, follow, max-snippet:-1, max-image-preview:large, max-video-preview:-1\" \/>\n<link rel=\"canonical\" href=\"https:\/\/www.sarahroubato.com\/en\/lettres\/pierrot1\/\" \/>\n<meta property=\"og:locale\" content=\"es_ES\" \/>\n<meta property=\"og:type\" content=\"article\" \/>\n<meta property=\"og:title\" content=\"Lettre \u00e0 Pierrot 1 : Se reconna\u00eetre - Sarah Roubato\" \/>\n<meta property=\"og:description\" content=\"Montr\u00e9al, le 8 novembre 2015 Cher Pierrot, On ne se conna\u00eet pas, mais je vous ai tout de suite reconnu. Vous n\u2019\u00e9tiez m\u00eame pas l\u00e0. Je veux dire, pas l\u00e0 physiquement. Mais pendant plus d\u2019une heure, il ne s\u2019agissait que de vous. De vous et de moi. C\u2019\u00e9tait il y a deux semaines, sur une [&hellip;]\" \/>\n<meta property=\"og:url\" content=\"https:\/\/www.sarahroubato.com\/en\/lettres\/pierrot1\/\" \/>\n<meta property=\"og:site_name\" content=\"Sarah Roubato\" \/>\n<meta property=\"article:author\" content=\"https:\/\/www.facebook.com\/SarahRubato\" \/>\n<meta property=\"article:published_time\" content=\"2015-11-08T04:22:28+00:00\" \/>\n<meta property=\"article:modified_time\" content=\"2020-05-17T12:20:56+00:00\" \/>\n<meta property=\"og:image\" content=\"https:\/\/www.sarahroubato.com\/wp-content\/uploads\/2015\/11\/pierrot1.jpg\" \/>\n\t<meta property=\"og:image:width\" content=\"400\" \/>\n\t<meta property=\"og:image:height\" content=\"310\" \/>\n\t<meta property=\"og:image:type\" content=\"image\/jpeg\" \/>\n<meta name=\"twitter:card\" content=\"summary\" \/>\n<meta name=\"twitter:creator\" content=\"@SarahRubato\" \/>\n<meta name=\"twitter:label1\" content=\"Escrito por\" \/>\n\t<meta name=\"twitter:data1\" content=\"Sarah Roubato\" \/>\n\t<meta name=\"twitter:label2\" content=\"Tiempo de lectura\" \/>\n\t<meta name=\"twitter:data2\" content=\"5 minutos\" \/>\n<script type=\"application\/ld+json\" class=\"yoast-schema-graph\">{\"@context\":\"https:\/\/schema.org\",\"@graph\":[{\"@type\":\"WebSite\",\"@id\":\"https:\/\/www.sarahroubato.com\/#website\",\"url\":\"https:\/\/www.sarahroubato.com\/\",\"name\":\"Sarah Roubato\",\"description\":\"Desarrollar el potencial de las personas y de la sociedad\",\"potentialAction\":[{\"@type\":\"SearchAction\",\"target\":{\"@type\":\"EntryPoint\",\"urlTemplate\":\"https:\/\/www.sarahroubato.com\/?s={search_term_string}\"},\"query-input\":\"required name=search_term_string\"}],\"inLanguage\":\"es\"},{\"@type\":\"ImageObject\",\"@id\":\"https:\/\/www.sarahroubato.com\/en\/lettres\/pierrot1\/#primaryimage\",\"inLanguage\":\"es\",\"url\":\"https:\/\/www.sarahroubato.com\/wp-content\/uploads\/2015\/11\/pierrot1.jpg\",\"contentUrl\":\"https:\/\/www.sarahroubato.com\/wp-content\/uploads\/2015\/11\/pierrot1.jpg\",\"width\":400,\"height\":310},{\"@type\":\"WebPage\",\"@id\":\"https:\/\/www.sarahroubato.com\/en\/lettres\/pierrot1\/#webpage\",\"url\":\"https:\/\/www.sarahroubato.com\/en\/lettres\/pierrot1\/\",\"name\":\"Lettre \u00e0 Pierrot 1 : Se reconna\u00eetre - Sarah Roubato\",\"isPartOf\":{\"@id\":\"https:\/\/www.sarahroubato.com\/#website\"},\"primaryImageOfPage\":{\"@id\":\"https:\/\/www.sarahroubato.com\/en\/lettres\/pierrot1\/#primaryimage\"},\"datePublished\":\"2015-11-08T04:22:28+00:00\",\"dateModified\":\"2020-05-17T12:20:56+00:00\",\"author\":{\"@id\":\"https:\/\/www.sarahroubato.com\/#\/schema\/person\/2685c6d7bef7b9e1a4080510ea89fc04\"},\"breadcrumb\":{\"@id\":\"https:\/\/www.sarahroubato.com\/en\/lettres\/pierrot1\/#breadcrumb\"},\"inLanguage\":\"es\",\"potentialAction\":[{\"@type\":\"ReadAction\",\"target\":[\"https:\/\/www.sarahroubato.com\/en\/lettres\/pierrot1\/\"]}]},{\"@type\":\"BreadcrumbList\",\"@id\":\"https:\/\/www.sarahroubato.com\/en\/lettres\/pierrot1\/#breadcrumb\",\"itemListElement\":[{\"@type\":\"ListItem\",\"position\":1,\"name\":\"Accueil\",\"item\":\"https:\/\/www.sarahroubato.com\/\"},{\"@type\":\"ListItem\",\"position\":2,\"name\":\"Lettre \u00e0 Pierrot 1 : Se reconna\u00eetre\"}]},{\"@type\":\"Person\",\"@id\":\"https:\/\/www.sarahroubato.com\/#\/schema\/person\/2685c6d7bef7b9e1a4080510ea89fc04\",\"name\":\"Sarah Roubato\",\"image\":{\"@type\":\"ImageObject\",\"@id\":\"https:\/\/www.sarahroubato.com\/#personlogo\",\"inLanguage\":\"es\",\"url\":\"https:\/\/secure.gravatar.com\/avatar\/f3b82a096236e32f3cb63cbce13ffb3d?s=96&d=mm&r=g\",\"contentUrl\":\"https:\/\/secure.gravatar.com\/avatar\/f3b82a096236e32f3cb63cbce13ffb3d?s=96&d=mm&r=g\",\"caption\":\"Sarah Roubato\"},\"sameAs\":[\"https:\/\/www.facebook.com\/SarahRubato\",\"https:\/\/twitter.com\/SarahRubato\"],\"url\":\"https:\/\/www.sarahroubato.com\/es\/author\/sarah\/\"}]}<\/script>\n<!-- \/ Yoast SEO plugin. -->","yoast_head_json":{"title":"Lettre \u00e0 Pierrot 1 : Se reconna\u00eetre - Sarah Roubato","robots":{"index":"index","follow":"follow","max-snippet":"max-snippet:-1","max-image-preview":"max-image-preview:large","max-video-preview":"max-video-preview:-1"},"canonical":"https:\/\/www.sarahroubato.com\/en\/lettres\/pierrot1\/","og_locale":"es_ES","og_type":"article","og_title":"Lettre \u00e0 Pierrot 1 : Se reconna\u00eetre - Sarah Roubato","og_description":"Montr\u00e9al, le 8 novembre 2015 Cher Pierrot, On ne se conna\u00eet pas, mais je vous ai tout de suite reconnu. Vous n\u2019\u00e9tiez m\u00eame pas l\u00e0. Je veux dire, pas l\u00e0 physiquement. Mais pendant plus d\u2019une heure, il ne s\u2019agissait que de vous. De vous et de moi. C\u2019\u00e9tait il y a deux semaines, sur une [&hellip;]","og_url":"https:\/\/www.sarahroubato.com\/en\/lettres\/pierrot1\/","og_site_name":"Sarah Roubato","article_author":"https:\/\/www.facebook.com\/SarahRubato","article_published_time":"2015-11-08T04:22:28+00:00","article_modified_time":"2020-05-17T12:20:56+00:00","og_image":[{"width":400,"height":310,"url":"https:\/\/www.sarahroubato.com\/wp-content\/uploads\/2015\/11\/pierrot1.jpg","type":"image\/jpeg"}],"twitter_card":"summary","twitter_creator":"@SarahRubato","twitter_misc":{"Escrito por":"Sarah Roubato","Tiempo de lectura":"5 minutos"},"schema":{"@context":"https:\/\/schema.org","@graph":[{"@type":"WebSite","@id":"https:\/\/www.sarahroubato.com\/#website","url":"https:\/\/www.sarahroubato.com\/","name":"Sarah Roubato","description":"Desarrollar el potencial de las personas y de la sociedad","potentialAction":[{"@type":"SearchAction","target":{"@type":"EntryPoint","urlTemplate":"https:\/\/www.sarahroubato.com\/?s={search_term_string}"},"query-input":"required name=search_term_string"}],"inLanguage":"es"},{"@type":"ImageObject","@id":"https:\/\/www.sarahroubato.com\/en\/lettres\/pierrot1\/#primaryimage","inLanguage":"es","url":"https:\/\/www.sarahroubato.com\/wp-content\/uploads\/2015\/11\/pierrot1.jpg","contentUrl":"https:\/\/www.sarahroubato.com\/wp-content\/uploads\/2015\/11\/pierrot1.jpg","width":400,"height":310},{"@type":"WebPage","@id":"https:\/\/www.sarahroubato.com\/en\/lettres\/pierrot1\/#webpage","url":"https:\/\/www.sarahroubato.com\/en\/lettres\/pierrot1\/","name":"Lettre \u00e0 Pierrot 1 : Se reconna\u00eetre - Sarah Roubato","isPartOf":{"@id":"https:\/\/www.sarahroubato.com\/#website"},"primaryImageOfPage":{"@id":"https:\/\/www.sarahroubato.com\/en\/lettres\/pierrot1\/#primaryimage"},"datePublished":"2015-11-08T04:22:28+00:00","dateModified":"2020-05-17T12:20:56+00:00","author":{"@id":"https:\/\/www.sarahroubato.com\/#\/schema\/person\/2685c6d7bef7b9e1a4080510ea89fc04"},"breadcrumb":{"@id":"https:\/\/www.sarahroubato.com\/en\/lettres\/pierrot1\/#breadcrumb"},"inLanguage":"es","potentialAction":[{"@type":"ReadAction","target":["https:\/\/www.sarahroubato.com\/en\/lettres\/pierrot1\/"]}]},{"@type":"BreadcrumbList","@id":"https:\/\/www.sarahroubato.com\/en\/lettres\/pierrot1\/#breadcrumb","itemListElement":[{"@type":"ListItem","position":1,"name":"Accueil","item":"https:\/\/www.sarahroubato.com\/"},{"@type":"ListItem","position":2,"name":"Lettre \u00e0 Pierrot 1 : Se reconna\u00eetre"}]},{"@type":"Person","@id":"https:\/\/www.sarahroubato.com\/#\/schema\/person\/2685c6d7bef7b9e1a4080510ea89fc04","name":"Sarah Roubato","image":{"@type":"ImageObject","@id":"https:\/\/www.sarahroubato.com\/#personlogo","inLanguage":"es","url":"https:\/\/secure.gravatar.com\/avatar\/f3b82a096236e32f3cb63cbce13ffb3d?s=96&d=mm&r=g","contentUrl":"https:\/\/secure.gravatar.com\/avatar\/f3b82a096236e32f3cb63cbce13ffb3d?s=96&d=mm&r=g","caption":"Sarah Roubato"},"sameAs":["https:\/\/www.facebook.com\/SarahRubato","https:\/\/twitter.com\/SarahRubato"],"url":"https:\/\/www.sarahroubato.com\/es\/author\/sarah\/"}]}},"jetpack_featured_media_url":"https:\/\/www.sarahroubato.com\/wp-content\/uploads\/2015\/11\/pierrot1.jpg","_links":{"self":[{"href":"https:\/\/www.sarahroubato.com\/es\/wp-json\/wp\/v2\/posts\/925"}],"collection":[{"href":"https:\/\/www.sarahroubato.com\/es\/wp-json\/wp\/v2\/posts"}],"about":[{"href":"https:\/\/www.sarahroubato.com\/es\/wp-json\/wp\/v2\/types\/post"}],"author":[{"embeddable":true,"href":"https:\/\/www.sarahroubato.com\/es\/wp-json\/wp\/v2\/users\/2"}],"replies":[{"embeddable":true,"href":"https:\/\/www.sarahroubato.com\/es\/wp-json\/wp\/v2\/comments?post=925"}],"version-history":[{"count":6,"href":"https:\/\/www.sarahroubato.com\/es\/wp-json\/wp\/v2\/posts\/925\/revisions"}],"predecessor-version":[{"id":4418,"href":"https:\/\/www.sarahroubato.com\/es\/wp-json\/wp\/v2\/posts\/925\/revisions\/4418"}],"wp:featuredmedia":[{"embeddable":true,"href":"https:\/\/www.sarahroubato.com\/es\/wp-json\/wp\/v2\/media\/930"}],"wp:attachment":[{"href":"https:\/\/www.sarahroubato.com\/es\/wp-json\/wp\/v2\/media?parent=925"}],"wp:term":[{"taxonomy":"category","embeddable":true,"href":"https:\/\/www.sarahroubato.com\/es\/wp-json\/wp\/v2\/categories?post=925"},{"taxonomy":"post_tag","embeddable":true,"href":"https:\/\/www.sarahroubato.com\/es\/wp-json\/wp\/v2\/tags?post=925"}],"curies":[{"name":"wp","href":"https:\/\/api.w.org\/{rel}","templated":true}]}}